{"id":9655,"date":"2026-01-22T00:00:25","date_gmt":"2026-01-22T00:00:25","guid":{"rendered":"https:\/\/gerens.pe\/blog\/?p=9655"},"modified":"2026-01-22T00:00:25","modified_gmt":"2026-01-22T00:00:25","slug":"las-buenas-intenciones-que-pueden-encarecer-el-costo-de-la-electricidad-en-el-peru-el-debate-sobre-el-reglamento-de-licitaciones-de-energia-renovable-de-la-ley-no-32249","status":"publish","type":"post","link":"https:\/\/gerens.pe\/blog\/las-buenas-intenciones-que-pueden-encarecer-el-costo-de-la-electricidad-en-el-peru-el-debate-sobre-el-reglamento-de-licitaciones-de-energia-renovable-de-la-ley-no-32249\/","title":{"rendered":"Las buenas intenciones que pueden encarecer el costo de la electricidad en el Per\u00fa: El debate sobre el reglamento de licitaciones de energ\u00eda renovable de la Ley No 32249"},"content":{"rendered":"<p style=\"text-align: justify;\">El 5 de enero de 2026, el diario El Comercio public\u00f3 el art\u00edculo \u201c<em>Buenas intenciones, propuestas peligrosas<\/em>\u201d en el que se recogieron las declaraciones del Dr. Arturo V\u00e1squez Cordano, Director de Investigaci\u00f3n y Profesor Principal de la Escuela de Postgrado G\u011aRENS, y exviceministro de Energ\u00eda. En dicho an\u00e1lisis, el Dr. V\u00e1squez advirti\u00f3 sobre los riesgos asociados a las licitaciones de energ\u00eda renovable por bloques horarios y sostuvo que estas deben evaluarse no por su impacto en precios puntuales, sino por su efecto sobre el costo total del abastecimiento y la continuidad del suministro el\u00e9ctrico en el pa\u00eds.<\/p>\n<p style=\"text-align: justify;\">En los \u00faltimos meses, mediante la Ley N\u00b0 32249 \u201c<em>Ley que modifica la Ley N\u00b028832<\/em>\u201d y su Proyecto de Reglamento, se ha promovido la contrataci\u00f3n de electricidad por bloques horarios bajo el argumento de aprovechar los periodos en los que las energ\u00edas renovables (solar y e\u00f3lica) presentan menores costos. Sin embargo, el Dr. V\u00e1squez subray\u00f3 que la evidencia internacional reciente no respalda la premisa de que este tipo de subastas reduzca el precio final de la electricidad. Por el contrario, diversas experiencias muestran la aparici\u00f3n de sobrecostos y crecientes dificultades para preservar la estabilidad del sistema el\u00e9ctrico.<\/p>\n<p style=\"text-align: justify;\">Como referencia, el Dr. V\u00e1squez cit\u00f3 el caso chileno, donde el dise\u00f1o de licitaciones excesivamente segmentadas por bloques y productos espec\u00edficos de energ\u00eda deriv\u00f3 en un aumento de los denominados \u201ccostos sist\u00e9micos\u201d. En dicho contexto, fue necesario mantener operativas centrales t\u00e9rmicas con bajos niveles de generaci\u00f3n para asegurar el equilibrio del sistema, trasladando estos costos a todos los usuarios. As\u00ed, la b\u00fasqueda de energ\u00eda m\u00e1s barata en determinadas franjas horarias termin\u00f3 elevando el costo agregado del suministro el\u00e9ctrico.<\/p>\n<p style=\"text-align: justify;\">A partir de estas experiencias, el Dr. V\u00e1squez identific\u00f3 dos riesgos concretos asociados a las licitaciones horarias. En primer lugar, existe la posibilidad de no cubrir adecuadamente las horas cr\u00edticas de la demanda el\u00e9ctrica (por ejemplo, las horas punta), lo que obliga a recurrir a compras de energ\u00eda en el mercado <em>spot<\/em> a precios m\u00e1s elevados. En segundo lugar, es probable que el reglamento de la Ley N<sup>o<\/sup> 32249 genere incentivos para que las tecnolog\u00edas renovables participen \u00fanicamente en los bloques horarios de menor precio (entre las 8 am y 4 pm), trasladando los costos de respaldo y flexibilidad al sistema el\u00e9ctrico y, en \u00faltima instancia, a los consumidores finales.<\/p>\n<p style=\"text-align: justify;\">Frente a estos riesgos, el Dr. V\u00e1squez propuso que el Ministerio de Energ\u00eda y Minas priorice mecanismos de contrataci\u00f3n que minimicen el costo total diario del suministro y fomenten una competencia efectiva entre tecnolog\u00edas dentro de un marco regulatorio neutral. Un mercado bien dise\u00f1ado debe garantizar el abastecimiento continuo de energ\u00eda durante las 24 horas del d\u00eda para los clientes regulados (consumidores como los hogares y peque\u00f1os negocios) y promover la coexistencia eficiente entre energ\u00edas renovables y tecnolog\u00edas firmes y flexibles. En este contexto, la masificaci\u00f3n del gas natural en el sur del pa\u00eds adquiere especial relevancia, dado que el abastecimiento de gas natural para las plantas t\u00e9rmicas del Nodo Energ\u00e9tico del Sur permitir\u00e1 contar con el aporte de la firmeza de suministro el\u00e9ctrico a costos eficientes, la cual es necesaria para sostener sistemas el\u00e9ctricos con alta penetraci\u00f3n de centrales de generaci\u00f3n renovable (como se prev\u00e9 ser\u00e1 el caso del Per\u00fa).<\/p>\n<p style=\"text-align: justify;\">Finalmente, el Dr. V\u00e1squez inst\u00f3 a las autoridades a aprender de las experiencias internacionales y a evitar se\u00f1ales de mercado mal dise\u00f1adas que, aunque aparenten reducciones de costos por bloques horarios espec\u00edficos, terminan encareciendo la electricidad en su conjunto. En consecuencia, recomend\u00f3 priorizar esquemas de contrataci\u00f3n integrales que aseguren la continuidad del suministro durante todo el d\u00eda, la neutralidad tecnol\u00f3gica y la eficiencia del costo agregado para todos los usuarios.<\/p>\n<p style=\"text-align: justify;\">\n<p style=\"text-align: justify;\">Lima, 21 de enero de 2026<\/p>\n<p style=\"text-align: justify;\">Direcci\u00f3n de Investigaci\u00f3n<\/p>\n<p style=\"text-align: justify;\">\n<p style=\"text-align: justify;\">Escuela de Posgrado G\u011aRENS<\/p>\n<p style=\"text-align: justify;\">\n<p style=\"text-align: justify;\">Para mayor informaci\u00f3n revisar el siguiente enlace:<\/p>\n<p style=\"text-align: justify;\">El Comercio (2026). Buenas intenciones, propuestas peligrosas. Recuperado de (consultado el 14 de enero de 2026): <a href=\"https:\/\/elcomercio.pe\/economia\/dia-1\/buenas-intenciones-propuestas-peligrosas-por-arturo-vasquez-cordano-sistema-electrico-medidores-inteligentes-noticia\/\">https:\/\/elcomercio.pe\/economia\/dia-1\/buenas-intenciones-propuestas-peligrosas-por-arturo-vasquez-cordano-sistema-electrico-medidores-inteligentes-noticia\/<\/a><\/p>\n<p style=\"text-align: justify;\">\u00a0<img loading=\"lazy\" decoding=\"async\" class=\"alignnone  wp-image-9657\" src=\"https:\/\/gerens.pe\/blog\/wp-content\/uploads\/2026\/01\/Imagen-1.jpg\" alt=\"\" width=\"989\" height=\"505\" srcset=\"https:\/\/gerens.pe\/blog\/wp-content\/uploads\/2026\/01\/Imagen-1.jpg 568w, https:\/\/gerens.pe\/blog\/wp-content\/uploads\/2026\/01\/Imagen-1-300x153.jpg 300w, https:\/\/gerens.pe\/blog\/wp-content\/uploads\/2026\/01\/Imagen-1-360x184.jpg 360w\" sizes=\"(max-width: 989px) 100vw, 989px\" \/><\/p>\n","protected":false},"excerpt":{"rendered":"<p>El 5 de enero de 2026, el diario El Comercio public\u00f3 el art\u00edculo \u201cBuenas intenciones, propuestas peligrosas\u201d en el que se recogieron&#8230;<\/p>\n","protected":false},"author":2,"featured_media":9656,"comment_status":"open","ping_status":"open","sticky":false,"template":"","format":"standard","meta":{"footnotes":""},"categories":[1],"tags":[],"amp_enabled":true,"_links":{"self":[{"href":"https:\/\/gerens.pe\/blog\/wp-json\/wp\/v2\/posts\/9655"}],"collection":[{"href":"https:\/\/gerens.pe\/blog\/wp-json\/wp\/v2\/posts"}],"about":[{"href":"https:\/\/gerens.pe\/blog\/wp-json\/wp\/v2\/types\/post"}],"author":[{"embeddable":true,"href":"https:\/\/gerens.pe\/blog\/wp-json\/wp\/v2\/users\/2"}],"replies":[{"embeddable":true,"href":"https:\/\/gerens.pe\/blog\/wp-json\/wp\/v2\/comments?post=9655"}],"version-history":[{"count":2,"href":"https:\/\/gerens.pe\/blog\/wp-json\/wp\/v2\/posts\/9655\/revisions"}],"predecessor-version":[{"id":9659,"href":"https:\/\/gerens.pe\/blog\/wp-json\/wp\/v2\/posts\/9655\/revisions\/9659"}],"wp:featuredmedia":[{"embeddable":true,"href":"https:\/\/gerens.pe\/blog\/wp-json\/wp\/v2\/media\/9656"}],"wp:attachment":[{"href":"https:\/\/gerens.pe\/blog\/wp-json\/wp\/v2\/media?parent=9655"}],"wp:term":[{"taxonomy":"category","embeddable":true,"href":"https:\/\/gerens.pe\/blog\/wp-json\/wp\/v2\/categories?post=9655"},{"taxonomy":"post_tag","embeddable":true,"href":"https:\/\/gerens.pe\/blog\/wp-json\/wp\/v2\/tags?post=9655"}],"curies":[{"name":"wp","href":"https:\/\/api.w.org\/{rel}","templated":true}]}}