{"id":9427,"date":"2025-05-30T14:39:21","date_gmt":"2025-05-30T14:39:21","guid":{"rendered":"https:\/\/gerens.pe\/blog\/?p=9427"},"modified":"2025-05-30T14:39:21","modified_gmt":"2025-05-30T14:39:21","slug":"gerens-presente-en-la-cumbre-del-agua-2025-experiencias-de-exito-en-gestion-del-agua-mineria-y-desarrollo-territorial","status":"publish","type":"post","link":"https:\/\/gerens.pe\/blog\/gerens-presente-en-la-cumbre-del-agua-2025-experiencias-de-exito-en-gestion-del-agua-mineria-y-desarrollo-territorial\/","title":{"rendered":"G\u011aRENS presente en la Cumbre del Agua 2025: Experiencias de \u00e9xito en gesti\u00f3n del agua, miner\u00eda y desarrollo territorial"},"content":{"rendered":"<p>El Dr. Armando Gallegos, rector de la Escuela de Postgrado G\u011aRENS particip\u00f3 en la <strong>Cumbre del Agua 2025<\/strong>, un evento de gran relevancia organizado por el Ministerio del Ambiente en alianza estrat\u00e9gica con el Banco Interamericano de Desarrollo, el Programa de Naciones Unidas para el Medio Ambiente &#8211; Per\u00fa, y con el apoyo de Profonanpe, el Servicio Nacional de \u00c1reas Naturales Protegidas por el Estado (Sernanp), ProInversi\u00f3n, el Banco de Desarrollo de Am\u00e9rica Latina y el Caribe (CAF), ENGIE Per\u00fa, PetroTal y Compa\u00f1\u00eda de Minas Buenaventura.<\/p>\n<p>La cumbre, realizada en Lima el 27 de mayo de 2025, se dividi\u00f3 en dos grandes bloques: la <strong>Cumbre Ministerial<\/strong>, dirigida al sector p\u00fablico con la participaci\u00f3n de ministros de Medio Ambiente y altos funcionarios de Am\u00e9rica Latina y el Caribe; y la <strong>Cumbre Empresarial<\/strong>, que congreg\u00f3 a m\u00e1s de 100 l\u00edderes del sector privado. El objetivo principal fue abordar los grandes desaf\u00edos en la gesti\u00f3n del agua y generar propuestas para la pr\u00f3xima Conferencia de Naciones Unidas sobre el Agua 2026.<\/p>\n<p>En este contexto, el Dr. Gallegos fue panelista en la sesi\u00f3n titulada <strong>\u201cExperiencias exitosas de buenas pr\u00e1cticas ambientales y sociales en la gesti\u00f3n del agua\u201d<\/strong>, junto a Adriana Giudice, Gerente General de Austral Group; Juan Manuel Ben\u00edtez, Presidente Ejecutivo del Instituto Crecer+; y Claudia Godfrey, Directora de Innovaci\u00f3n y Gesti\u00f3n Estrat\u00e9gica de Profonanpe.<\/p>\n<p>Durante su intervenci\u00f3n, el Dr. Gallegos present\u00f3 avances de la investigaci\u00f3n que <strong>CEGAMA<\/strong>, el Centro de Agua y Medio Ambiente de <strong>G\u011aRENS<\/strong> viene desarrollando en torno a la relaci\u00f3n entre <strong>Agua, Miner\u00eda y Desarrollo Territorial<\/strong>. En particular, expuso un an\u00e1lisis detallado de dos casos emblem\u00e1ticos donde se evidencian sinergias entre la gesti\u00f3n h\u00eddrica, la actividad minera y el desarrollo regional: la <strong>Cuenca del R\u00edo Chili y Minera Cerro Verde en Arequipa<\/strong>, y la <strong>Cuenca del R\u00edo Tambo y Anglo American Quellaveco en Moquegua<\/strong>.<\/p>\n<p>Tras revisar los procesos vividos en ambas cuencas \u2014m\u00e1s de 15 a\u00f1os en Arequipa y m\u00e1s de 20 en Moquegua\u2014, el Dr. Gallegos destac\u00f3 que en ambos escenarios se construy\u00f3 confianza mediante acciones concretas impulsadas por las empresas, las autoridades regionales y locales, as\u00ed como por los movimientos y frentes sociales de la poblaci\u00f3n local. Estos procesos son ejemplos claros de madurez c\u00edvica que hoy d\u00eda resulta especialmente valiosa.<\/p>\n<p>Armando Gallegos se\u00f1al\u00f3 que, si bien no siempre hubo consenso, y en muchos momentos existieron discrepancias y desconfianza, la apertura al di\u00e1logo, junto con liderazgos responsables y comprometidos, permiti\u00f3 establecer espacios de di\u00e1logo, resoluci\u00f3n de controversias y mecanismos efectivos de toma de decisiones y acci\u00f3n conjunta. Estos esfuerzos dieron como resultado logros regionales significativos, que beneficiaron a las comunidades, a la regi\u00f3n, a la empresa, a la agricultura, al cierre de brechas de agua y saneamiento y consolidaron un c\u00edrculo virtuoso entre agua, miner\u00eda y desarrollo territorial.<\/p>\n<p style=\"text-align: center;\"><img loading=\"lazy\" decoding=\"async\" class=\"wp-image-9428 aligncenter\" src=\"https:\/\/gerens.pe\/blog\/wp-content\/uploads\/2025\/05\/DSC06312-scaled.jpg\" alt=\"\" width=\"462\" height=\"399\" srcset=\"https:\/\/gerens.pe\/blog\/wp-content\/uploads\/2025\/05\/DSC06312-scaled.jpg 2560w, https:\/\/gerens.pe\/blog\/wp-content\/uploads\/2025\/05\/DSC06312-300x259.jpg 300w, https:\/\/gerens.pe\/blog\/wp-content\/uploads\/2025\/05\/DSC06312-1024x885.jpg 1024w, https:\/\/gerens.pe\/blog\/wp-content\/uploads\/2025\/05\/DSC06312-768x664.jpg 768w, https:\/\/gerens.pe\/blog\/wp-content\/uploads\/2025\/05\/DSC06312-1536x1328.jpg 1536w, https:\/\/gerens.pe\/blog\/wp-content\/uploads\/2025\/05\/DSC06312-2048x1771.jpg 2048w, https:\/\/gerens.pe\/blog\/wp-content\/uploads\/2025\/05\/DSC06312-360x311.jpg 360w\" sizes=\"(max-width: 462px) 100vw, 462px\" \/>Cr\u00e9ditos de las fotos: MINAM<\/p>\n<p>&nbsp;<\/p>\n","protected":false},"excerpt":{"rendered":"<p>El Dr. Armando Gallegos, rector de la Escuela de Postgrado G\u011aRENS particip\u00f3 en la Cumbre del Agua 2025, un evento de gran&#8230;<\/p>\n","protected":false},"author":2,"featured_media":9429,"comment_status":"open","ping_status":"open","sticky":false,"template":"","format":"standard","meta":{"footnotes":""},"categories":[774,2],"tags":[],"amp_enabled":true,"_links":{"self":[{"href":"https:\/\/gerens.pe\/blog\/wp-json\/wp\/v2\/posts\/9427"}],"collection":[{"href":"https:\/\/gerens.pe\/blog\/wp-json\/wp\/v2\/posts"}],"about":[{"href":"https:\/\/gerens.pe\/blog\/wp-json\/wp\/v2\/types\/post"}],"author":[{"embeddable":true,"href":"https:\/\/gerens.pe\/blog\/wp-json\/wp\/v2\/users\/2"}],"replies":[{"embeddable":true,"href":"https:\/\/gerens.pe\/blog\/wp-json\/wp\/v2\/comments?post=9427"}],"version-history":[{"count":1,"href":"https:\/\/gerens.pe\/blog\/wp-json\/wp\/v2\/posts\/9427\/revisions"}],"predecessor-version":[{"id":9430,"href":"https:\/\/gerens.pe\/blog\/wp-json\/wp\/v2\/posts\/9427\/revisions\/9430"}],"wp:featuredmedia":[{"embeddable":true,"href":"https:\/\/gerens.pe\/blog\/wp-json\/wp\/v2\/media\/9429"}],"wp:attachment":[{"href":"https:\/\/gerens.pe\/blog\/wp-json\/wp\/v2\/media?parent=9427"}],"wp:term":[{"taxonomy":"category","embeddable":true,"href":"https:\/\/gerens.pe\/blog\/wp-json\/wp\/v2\/categories?post=9427"},{"taxonomy":"post_tag","embeddable":true,"href":"https:\/\/gerens.pe\/blog\/wp-json\/wp\/v2\/tags?post=9427"}],"curies":[{"name":"wp","href":"https:\/\/api.w.org\/{rel}","templated":true}]}}