{"id":9382,"date":"2025-05-16T13:22:02","date_gmt":"2025-05-16T13:22:02","guid":{"rendered":"https:\/\/gerens.pe\/blog\/?p=9382"},"modified":"2025-05-16T13:23:53","modified_gmt":"2025-05-16T13:23:53","slug":"reparto-de-utilidades-en-el-sector-electrico-justicia-laboral-o-privilegio-desmedido","status":"publish","type":"post","link":"https:\/\/gerens.pe\/blog\/reparto-de-utilidades-en-el-sector-electrico-justicia-laboral-o-privilegio-desmedido\/","title":{"rendered":"Reparto de utilidades en el sector el\u00e9ctrico: \u00bfjusticia laboral o privilegio desmedido?"},"content":{"rendered":"<p>Durante el mes de abril del 2025, el <strong>Dr. Arturo V\u00e1squez Cordano, Profesor Principal del Global MBA STEM, Director de Investigaci\u00f3n de la Escuela de Postgrado G\u011aRENS<\/strong> y <strong>ex viceministro de Energ\u00eda<\/strong>, fue entrevistado por distintos medios de comunicaci\u00f3n: Epicentro TV, Buenos D\u00edas Per\u00fa de Panamericana Televisi\u00f3n, ATV, los diarios Per\u00fa21 y El Comercio. En dichas entrevistas se analiz\u00f3 el impacto econ\u00f3mico del proyecto de ley que propone duplicar la participaci\u00f3n de las utilidades de los trabajadores del sector el\u00e9ctrico de 5% a 10%, as\u00ed como sus posibles repercusiones en el incremento de las tarifas el\u00e9ctricas, lo que afectar\u00e1 negativamente a la econom\u00eda de los hogares peruanos.<\/p>\n<p><strong>\u00bfDe qu\u00e9 trata el proyecto de ley?<\/strong><\/p>\n<p>El 21 de marzo de 2025, el Congreso de la Rep\u00fablica dio su aprobaci\u00f3n inicial a una propuesta de ley (dictamen reca\u00eddo en los proyectos N<sup>o<\/sup> 1644\/2021-CR y N<sup>o<\/sup> 2117\/2021-CR), la cual busca cambiar c\u00f3mo se calculan y distribuyen las utilidades entre los trabajadores de las empresas de los sectores productivos del pa\u00eds, as\u00ed como aumentar la parte que recibir\u00e1n los empleados del sector el\u00e9ctrico. Esta votaci\u00f3n, llevada a cabo con una asistencia limitada de congresistas (solo 78), sugiere una discusi\u00f3n superficial sobre las consecuencias de esta modificaci\u00f3n. Aunque la intenci\u00f3n declarada es disminuir la desigualdad salarial, la reforma podr\u00eda distorsionar el concepto de reparto de utilidades y convertirla en un mecanismo populista de negociaci\u00f3n pol\u00edtica, lo que podr\u00eda afectar negativamente la producci\u00f3n, el empleo formal y la continuidad de servicios p\u00fablicos clave con el suministro de el\u00e9ctrico.<\/p>\n<p>La nueva ley modifica el sistema actual de distribuci\u00f3n de utilidades, que hoy se basa en partes iguales entre los d\u00edas trabajados y el salario percibido. La f\u00f3rmula propuesta, que se implementar\u00e1 gradualmente hasta 2034, priorizar\u00e1 los d\u00edas efectivamente trabajados (75%) sobre la remuneraci\u00f3n (25%) en el c\u00e1lculo del reparto. Simult\u00e1neamente, se incrementar\u00e1 el porcentaje de utilidades que se repartir\u00e1 entre los trabajadores del sector el\u00e9ctrico industrial, pasando del 5% actual al 10% en 2030, equipar\u00e1ndose a lo que ya reciben en industrias como la miner\u00eda y las telecomunicaciones.<\/p>\n<p><strong>Beneficios limitados a pocos trabajadores privilegiados, pero a costa de incrementar los costos del servicio p\u00fablico de electricidad para todos los peruanos <\/strong><\/p>\n<p>Seg\u00fan explic\u00f3 el Dr. V\u00e1squez, el proyecto de ley beneficiar\u00eda a una minor\u00eda de solo 7,000 trabajadores, principalmente empleados sindicalizados en empresas el\u00e9ctricas estatales. Sin embargo, el impacto negativo ser\u00eda mucho m\u00e1s amplio. De acuerdo con estimaciones de la Sociedad Nacional de Miner\u00eda, Petr\u00f3leo y Energ\u00eda[2], esta medida generar\u00e1 un aumento aproximado del 4% en las tarifas el\u00e9ctricas, afectando directamente a m\u00e1s de 30 millones de usuarios en todo el pa\u00eds. Esto se debe a que las utilidades distribuidas a los trabajadores son consideradas un costo operativo para las empresas del sector de generaci\u00f3n y transmisi\u00f3n, y, en consecuencia, dicho costo terminar\u00eda traslad\u00e1ndose a los recibos de luz de los hogares peruanos.<\/p>\n<p>Una interpretaci\u00f3n legal extendida, seg\u00fan el Dr. V\u00e1squez, podr\u00eda permitir que los trabajadores de contratistas el\u00e9ctricas, muchas de ellas peque\u00f1as y medianas empresas, tambi\u00e9n accedan al beneficio del mayor reparto de utilidades. Esta situaci\u00f3n pondr\u00eda en riesgo la viabilidad econ\u00f3mica de estas empresas, al elevar significativamente sus costos operativos, y podr\u00eda fomentar la informalidad laboral en un sector estrat\u00e9gico para la ejecuci\u00f3n de obras p\u00fablicas. Adem\u00e1s, el incremento en el costo de los contratos de obras el\u00e9ctricas se trasladar\u00e1 inevitablemente a las distribuidoras, que deber\u00e1n asumir mayores gastos de inversi\u00f3n para proyectos de expansi\u00f3n, mantenimiento y mejora de redes. <strong><em>Estos mayores costos terminar\u00e1n incorpor\u00e1ndose en el valor agregado de distribuci\u00f3n (VAD) reconocido por Osinergmin, lo cual generar\u00e1 presiones al alza sobre las tarifas el\u00e9ctricas en los pr\u00f3ximos a\u00f1os<\/em><\/strong>. En consecuencia, se afectar\u00e1 no solo la sostenibilidad financiera de las distribuidoras, sino tambi\u00e9n su capacidad para ejecutar infraestructura cr\u00edtica que permita ampliar la cobertura y mejorar la calidad del servicio en las regiones del interior del pa\u00eds.<\/p>\n<p>Por su parte, FONAFE ha advertido que la aplicaci\u00f3n de esta norma reducir\u00eda en aproximadamente S\/ 129 millones anuales los recursos destinados a inversiones estrat\u00e9gicas, como la electrificaci\u00f3n rural, la modernizaci\u00f3n de redes el\u00e9ctricas y el despliegue de alumbrado p\u00fablico LED. <strong><em>En una d\u00e9cada, esto representar\u00e1 cerca de S\/ 1,300 millones de recursos p\u00fablicos que ya no se podr\u00edan emplear para electrificar zonas rurales y vulnerables<\/em><\/strong>. Por ello, la aprobaci\u00f3n de esta ley en el Congreso ser\u00eda una p\u00e9rdida grave para millones de peruanos que a\u00fan no acceden a este servicio esencial.<\/p>\n<p>Asimismo, el Dr. V\u00e1squez se\u00f1al\u00f3 al Diario Per\u00fa21 que \u201ceste no es un beneficio redistributivo ni inclusivo. La mayor\u00eda de los trabajadores peruanos, en PYMEs o en el sector informal, no recibe utilidades. Por tanto, incrementar la participaci\u00f3n en este sector no mejora la equidad social; m\u00e1s bien, la distorsiona. El Ministerio de Trabajo y Promoci\u00f3n del Empleo (MTPE) ya ha emitido una opini\u00f3n t\u00e9cnica desfavorable sobre esta medida\u201d, se\u00f1al\u00f3.<\/p>\n<p><strong>Inequidad, falta de criterio t\u00e9cnico y riesgo tarifario<\/strong><\/p>\n<p>El Dr. V\u00e1squez tambi\u00e9n subray\u00f3 la falta de sustento t\u00e9cnico de esta iniciativa legislativa. Mientras que sectores como el minero o el pesquero, que operan con m\u00e1rgenes de rentabilidad elevados, otorgan entre el 8% y el 10% de utilidades a sus trabajadores, el sector el\u00e9ctrico cumple una funci\u00f3n de servicio p\u00fablico, est\u00e1 altamente regulado y opera con una l\u00f3gica de inter\u00e9s social. Pretender equiparar su esquema de reparto sin considerar sus particularidades regulatorias ni el impacto tarifario constituye, seg\u00fan palabras del especialista, un \u00abdisfraz de justicia social que beneficia a una minor\u00eda privilegiada a costa de la mayor\u00eda de los peruanos\u00bb.<\/p>\n<p>Asimismo, el Dr. V\u00e1squez advirti\u00f3 que muchos de los trabajadores que ser\u00edan beneficiados por el aumento del reparto de utilidades ya perciben ingresos adicionales importantes, incluyendo bonos sindicales, primas de productividad y otras compensaciones extraordinarias. En algunos casos extremos, estos beneficios pueden sumar hasta el equivalente de 51 sueldos anuales. Por ello, Dr. V\u00e1squez hizo un llamado a la responsabilidad t\u00e9cnica y econ\u00f3mica del Congreso, advirtiendo que medidas como esta, impulsadas sin una evaluaci\u00f3n de impacto regulatorio, no solo elevar\u00e1 las tarifas el\u00e9ctricas, sino que tambi\u00e9n pondr\u00e1 en riesgo la sostenibilidad del sistema el\u00e9ctrico nacional.<\/p>\n<p>\u201cFinalmente, el proyecto rompe el v\u00ednculo entre productividad y compensaci\u00f3n. Al otorgar mayores ingresos sin requerir mayor esfuerzo, se debilitan los incentivos laborales. En lugar de bonos por eficiencia, se impone un beneficio generalizado para pocos trabajadores de las empresas el\u00e9ctrica, lo cual puede erosionar el desempe\u00f1o y la calidad del servicio el\u00e9ctrico a nivel nacional\u201d, se\u00f1al\u00f3 el Dr. V\u00e1squez al diario Per\u00fa21.<\/p>\n<p><strong>Riesgos financieros y precedentes peligrosos<\/strong><\/p>\n<p>El Dr. V\u00e1squez advirti\u00f3 que el proyecto de ley que propone duplicar la participaci\u00f3n de utilidades en el sector el\u00e9ctrico representa un serio riesgo para la sostenibilidad financiera de empresas estatales como, por ejemplo, Electronorte (que opera en las regiones de Lambayeque y Cajamarca), Electrosur (que operan en las regiones de Moquegua y Tacna), y Electro Oriente (que opera en la selva del pa\u00eds). Estas empresas vienen operando a la fecha con m\u00e1rgenes de rentabilidad muy ajustados. La reducci\u00f3n de sus excedentes, en caso se apruebe la ley, podr\u00eda obligar al Estado a inyectar recursos p\u00fablicos para evitar su colapso financiero, generando un precedente similar al de Petroper\u00fa, donde el deterioro econ\u00f3mico forz\u00f3 rescates fiscales reiterados.<\/p>\n<p>Asimismo, cuestion\u00f3 cl\u00e1usulas del proyecto que considera inaceptables, como el reconocimiento de utilidades a trabajadores con licencia sindical, al calificarlo como \u00abun abuso del derecho que no tiene sustento t\u00e9cnico ni \u00e9tico, y que da\u00f1ar\u00e1 la econom\u00eda de los usuarios el\u00e9ctricos y las amas de casa\u00bb.<\/p>\n<p><strong>Rechazo institucional y llamado a la responsabilidad legislativa<\/strong><\/p>\n<p>El Dr. V\u00e1squez respald\u00f3 abiertamente la posici\u00f3n de FONAFE y del MTPE, entidades del Estado que emitieron opiniones desfavorables al proyecto. Se\u00f1al\u00f3 que \u201cno hay argumentos t\u00e9cnicos v\u00e1lidos para este incremento, salvo el lobby pol\u00edtico de unos pocos trabajadores privilegiados con poder sindical\u201d. Adem\u00e1s, exhort\u00f3 al Congreso a reflexionar sobre el impacto real de esta medida, que afectar\u00eda directamente a millones de hogares peruanos a trav\u00e9s del alza en las tarifas el\u00e9ctricas, adem\u00e1s de debilitar las capacidades de inversi\u00f3n en infraestructura cr\u00edtica, como electrificaci\u00f3n rural, alumbrado p\u00fablico LED y modernizaci\u00f3n de redes.<\/p>\n<p>Tambi\u00e9n, el experto de G\u011aRENS EPG advirti\u00f3 que convertir este tipo de medidas en una norma implicar\u00eda desnaturalizar el rol regulado y social del sector el\u00e9ctrico, y abrir\u00eda la puerta a nuevas presiones corporativas para modificar esquemas retributivos en funci\u00f3n de intereses particulares en otros sectores productivos y en el propio Estado.<\/p>\n<p>&nbsp;<\/p>\n<p>Lima, 14 de mayo de 2025<\/p>\n<p>&nbsp;<\/p>\n<p>Direcci\u00f3n de Investigaci\u00f3n<\/p>\n<p>Escuela de Posgrado\u00a0<a href=\"https:\/\/gerens.pe\/\">G\u011aRENS<\/a><\/p>\n<p>Para m\u00e1s detalle de las entrevistas ver los siguientes enlaces:<\/p>\n<ul>\n<li>Epicentro TV (2025). Entrevista recuperada de (\u00faltimo acceso el 29\/04\/2025): <a href=\"https:\/\/www.youtube.com\/watch?v=ZUkppkqC0ME\" data-rel=\"lightbox-video-0\">https:\/\/www.youtube.com\/watch?v=ZUkppkqC0ME<\/a> (minuto 47:24 al minuto 1:00:00)<\/li>\n<li>Panamericana TV (2025). Entrevista recuperada de (\u00faltimo acceso el 29\/04\/2025): <a href=\"https:\/\/panamericana.pe\/buenosdiasperu\/locales\/440029-subiria-costo-recibos-luz-proyecto-ley\">https:\/\/panamericana.pe\/buenosdiasperu\/locales\/440029-subiria-costo-recibos-luz-proyecto-ley<\/a><\/li>\n<li>ATV (2025). <em>Proyecto de ley duplicar\u00eda tarifas el\u00e9ctricas: Usuarios pagar\u00edan m\u00e1s por su luz<\/em>. Entrevista recuperada de (\u00faltimo acceso el 14\/04\/2025): <a href=\"https:\/\/www.atv.pe\/noticia\/proyecto-de-ley-duplicaria-tarifas-electricas-usuarios-pagarian-mas-por-su-luz\/#!\/\">https:\/\/www.atv.pe\/noticia\/proyecto-de-ley-duplicaria-tarifas-electricas-usuarios-pagarian-mas-por-su-luz\/#!\/<\/a><\/li>\n<li>Diario Per\u00fa21 (2025).<em>Reparto de utilidades en el sector el\u00e9ctrico: \u00bfjusticia laboral o privilegio desmedido?<\/em> Art\u00edculo de opini\u00f3n del Dr. V\u00e1squez recuperado de (\u00faltimo acceso el 29\/04\/2025): <a href=\"https:\/\/peru21.pe\/economia\/arturo-vasquez-reparto-de-utilidades-en-sector-electrico\/\">https:\/\/peru21.pe\/economia\/arturo-vasquez-reparto-de-utilidades-en-sector-electrico\/<\/a><\/li>\n<li>Zona Pucallpa (2025). <em>Peruanos podr\u00edan pagar m\u00e1s en sus recibos de luz por dictamen aprobado en el Congreso<\/em>. Entrevista recuperada de (\u00faltimo acceso el 29\/04\/2025): <a href=\"https:\/\/zonapucallpa.pe\/peru\/peruanos-podrian-pagar-mas-en-sus-recibos-de-luz-por-dictamen-aprobado-en-el-congreso\/amp\/\">https:\/\/zonapucallpa.pe\/peru\/peruanos-podrian-pagar-mas-en-sus-recibos-de-luz-por-dictamen-aprobado-en-el-congreso\/amp\/<\/a><\/li>\n<li>Diario El Comercio (2025).<em>Energ\u00eda: Dos amenazas para la seguridad energ\u00e9tica y el costo de las tarifas el\u00e9ctricas<\/em>. Entrevista recuperada de (\u00faltimo acceso el 29\/04\/2025): <a href=\"https:\/\/elcomercio.pe\/economia\/mercados\/tarifas-energia-dos-iniciativas-que-pueden-generar-alza-de-tarifas-e-inestabilidad-en-el-suministro-osinergmin-sph-frc-congreso-noticia\/\">https:\/\/elcomercio.pe\/economia\/mercados\/tarifas-energia-dos-iniciativas-que-pueden-generar-alza-de-tarifas-e-inestabilidad-en-el-suministro-osinergmin-sph-frc-congreso-noticia\/<\/a> Disponible tambi\u00e9n en el Portal \u201cGato Encerrado\u201d <a href=\"https:\/\/www.gatoencerrado.net\/energia-dos-amenazas-para-la-seguridad-energetica-y-el-costo-de-las-tarifas-electricas\/\">https:\/\/www.gatoencerrado.net\/energia-dos-amenazas-para-la-seguridad-energetica-y-el-costo-de-las-tarifas-electricas\/<\/a><\/li>\n<li>Diario Uno (2025). <em>Alza el\u00e9ctrica en beneficio de pocos es impulsa por el Congreso<\/em>. Art\u00edculo recuperado de (\u00faltimo acceso el 29\/04\/2025): <a href=\"https:\/\/diariouno.pe\/2025\/04\/27\/alza-electrica-en-beneficio-de-pocos-es-impulsa-por-el-congreso\/\">https:\/\/diariouno.pe\/2025\/04\/27\/alza-electrica-en-beneficio-de-pocos-es-impulsa-por-el-congreso\/<\/a><\/li>\n<li>Diario Per\u00fa21 (2025).<em>Peruanos podr\u00edan pagar m\u00e1s de luz por culpa del Congreso<\/em>. Art\u00edculo recuperado de (\u00faltimo acceso el 27\/04\/2025), <a href=\"https:\/\/peru21.pe\/economia\/peruanos-podrian-pagar-mas-de-luz-por-culpa-del-congreso\/\">https:\/\/peru21.pe\/economia\/peruanos-podrian-pagar-mas-de-luz-por-culpa-del-congreso\/<\/a><\/li>\n<li>Walac Noticias de Piura. Art\u00edculo recuperado de (\u00faltimo acceso el 28\/04\/2025), <a href=\"https:\/\/www.facebook.com\/groups\/walacnoticias\/posts\/actualidad-el-congreso-est%C3%A1-a-punto-de-aprobar-un-dictamen-que-podr%C3%ADa-afectar-el\/2724817594393884\/\">https:\/\/www.facebook.com\/groups\/walacnoticias\/posts\/actualidad-el-congreso-est%C3%A1-a-punto-de-aprobar-un-dictamen-que-podr%C3%ADa-afectar-el\/2724817594393884\/<\/a><\/li>\n<li>Portal Magazine.Pe (2025). Entrevista recuperada de (\u00faltimo acceso el 29\/04\/2025): <a href=\"https:\/\/www.tiktok.com\/@magazinepe\/video\/7489173401710513413\">https:\/\/www.tiktok.com\/@magazinepe\/video\/7489173401710513413<\/a><\/li>\n<\/ul>\n<p>[2] Informaci\u00f3n disponible en:\u00a0 Diario Gesti\u00f3n (07\/04\/2025), <em>Utilidades de empresas el\u00e9ctricas: el cambio que pondr\u00eda \u201cen jaque\u201d las tarifas<\/em>. <a href=\"https:\/\/gestion.pe\/economia\/utilidades-de-empresas-electricas-por-que-cambios-en-la-normativa-pondria-en-en-jaque-tarifa-noticia\/\">https:\/\/gestion.pe\/economia\/utilidades-de-empresas-electricas-por-que-cambios-en-la-normativa-pondria-en-en-jaque-tarifa-noticia\/<\/a><\/p>\n<p>&nbsp;<\/p>\n<p><img loading=\"lazy\" decoding=\"async\" class=\"wp-image-9383 aligncenter\" src=\"https:\/\/gerens.pe\/blog\/wp-content\/uploads\/2025\/05\/F1.jpg\" alt=\"\" width=\"715\" height=\"320\" srcset=\"https:\/\/gerens.pe\/blog\/wp-content\/uploads\/2025\/05\/F1.jpg 834w, https:\/\/gerens.pe\/blog\/wp-content\/uploads\/2025\/05\/F1-300x134.jpg 300w, https:\/\/gerens.pe\/blog\/wp-content\/uploads\/2025\/05\/F1-768x343.jpg 768w, https:\/\/gerens.pe\/blog\/wp-content\/uploads\/2025\/05\/F1-360x161.jpg 360w\" sizes=\"(max-width: 715px) 100vw, 715px\" \/><\/p>\n<p><img loading=\"lazy\" decoding=\"async\" class=\"wp-image-9384 aligncenter\" src=\"https:\/\/gerens.pe\/blog\/wp-content\/uploads\/2025\/05\/F2.jpg\" alt=\"\" width=\"633\" height=\"358\" srcset=\"https:\/\/gerens.pe\/blog\/wp-content\/uploads\/2025\/05\/F2.jpg 1357w, https:\/\/gerens.pe\/blog\/wp-content\/uploads\/2025\/05\/F2-300x170.jpg 300w, https:\/\/gerens.pe\/blog\/wp-content\/uploads\/2025\/05\/F2-1024x579.jpg 1024w, https:\/\/gerens.pe\/blog\/wp-content\/uploads\/2025\/05\/F2-768x434.jpg 768w, https:\/\/gerens.pe\/blog\/wp-content\/uploads\/2025\/05\/F2-360x203.jpg 360w\" sizes=\"(max-width: 633px) 100vw, 633px\" \/><\/p>\n<p><img loading=\"lazy\" decoding=\"async\" class=\"wp-image-9385 aligncenter\" src=\"https:\/\/gerens.pe\/blog\/wp-content\/uploads\/2025\/05\/F3.jpg\" alt=\"\" width=\"630\" height=\"354\" srcset=\"https:\/\/gerens.pe\/blog\/wp-content\/uploads\/2025\/05\/F3.jpg 1365w, https:\/\/gerens.pe\/blog\/wp-content\/uploads\/2025\/05\/F3-300x169.jpg 300w, https:\/\/gerens.pe\/blog\/wp-content\/uploads\/2025\/05\/F3-1024x575.jpg 1024w, https:\/\/gerens.pe\/blog\/wp-content\/uploads\/2025\/05\/F3-768x432.jpg 768w, https:\/\/gerens.pe\/blog\/wp-content\/uploads\/2025\/05\/F3-360x202.jpg 360w\" sizes=\"(max-width: 630px) 100vw, 630px\" \/><\/p>\n<p><img loading=\"lazy\" decoding=\"async\" class=\"wp-image-9386 aligncenter\" src=\"https:\/\/gerens.pe\/blog\/wp-content\/uploads\/2025\/05\/F4.jpg\" alt=\"\" width=\"668\" height=\"445\" \/><\/p>\n<p>Esta medida beneficiar\u00eda a menos de 7 mil trabajadores del sector el\u00e9ctrico, muchos de los cuales ya reciben el tope legal de 18 sueldos por utilidades, sumados a los 15 sueldos que se pagan normalmente en el Per\u00fa. Es decir, estamos ante un grupo que, en algunos casos, percibe hasta 33 sueldos anuales, una cifra impensable para el trabajador promedio (imagen generada por ChatGPT). Fuente y Elaboraci\u00f3n: Peru21.<\/p>\n","protected":false},"excerpt":{"rendered":"<p>Durante el mes de abril del 2025, el Dr. Arturo V\u00e1squez Cordano, Profesor Principal del Global MBA STEM, Director de Investigaci\u00f3n de&#8230;<\/p>\n","protected":false},"author":2,"featured_media":9386,"comment_status":"open","ping_status":"open","sticky":false,"template":"","format":"standard","meta":{"footnotes":""},"categories":[1],"tags":[],"amp_enabled":true,"_links":{"self":[{"href":"https:\/\/gerens.pe\/blog\/wp-json\/wp\/v2\/posts\/9382"}],"collection":[{"href":"https:\/\/gerens.pe\/blog\/wp-json\/wp\/v2\/posts"}],"about":[{"href":"https:\/\/gerens.pe\/blog\/wp-json\/wp\/v2\/types\/post"}],"author":[{"embeddable":true,"href":"https:\/\/gerens.pe\/blog\/wp-json\/wp\/v2\/users\/2"}],"replies":[{"embeddable":true,"href":"https:\/\/gerens.pe\/blog\/wp-json\/wp\/v2\/comments?post=9382"}],"version-history":[{"count":1,"href":"https:\/\/gerens.pe\/blog\/wp-json\/wp\/v2\/posts\/9382\/revisions"}],"predecessor-version":[{"id":9387,"href":"https:\/\/gerens.pe\/blog\/wp-json\/wp\/v2\/posts\/9382\/revisions\/9387"}],"wp:featuredmedia":[{"embeddable":true,"href":"https:\/\/gerens.pe\/blog\/wp-json\/wp\/v2\/media\/9386"}],"wp:attachment":[{"href":"https:\/\/gerens.pe\/blog\/wp-json\/wp\/v2\/media?parent=9382"}],"wp:term":[{"taxonomy":"category","embeddable":true,"href":"https:\/\/gerens.pe\/blog\/wp-json\/wp\/v2\/categories?post=9382"},{"taxonomy":"post_tag","embeddable":true,"href":"https:\/\/gerens.pe\/blog\/wp-json\/wp\/v2\/tags?post=9382"}],"curies":[{"name":"wp","href":"https:\/\/api.w.org\/{rel}","templated":true}]}}