{"id":8903,"date":"2024-09-20T21:53:32","date_gmt":"2024-09-20T21:53:32","guid":{"rendered":"https:\/\/gerens.pe\/blog\/?p=8903"},"modified":"2024-10-18T16:22:24","modified_gmt":"2024-10-18T16:22:24","slug":"participa-del-taller-de-diseno-centrado-en-la-comunidad-con-david-robertson","status":"publish","type":"post","link":"https:\/\/gerens.pe\/blog\/participa-del-taller-de-diseno-centrado-en-la-comunidad-con-david-robertson\/","title":{"rendered":"Participa del taller de Dise\u00f1o Centrado en la Comunidad con David Robertson"},"content":{"rendered":"<p>El pr\u00f3ximo mi\u00e9rcoles 25 de setiembre, la Escuela de Posgrado G\u011aRENS realizar\u00e1 de manera presencial el taller de innovaci\u00f3n social \u201cDise\u00f1ando nuevas soluciones para ayudar a las comunidades a ser autosuficientes\u201d, el cual estar\u00e1 a cargo de David Robertson, experto mundial en innovaci\u00f3n, miembro del Comit\u00e9 Consultivo y Profesor Invitado del Global MBA STEM de G\u011aRENS, profesor titular en el Sloan School of Management del Massachusetts Institute of Technology (MIT), y director del Executive Program in General Management.<br \/>\nEl taller responder\u00e1 a la pregunta: \u00bfpor qu\u00e9 el Dise\u00f1o Centrado en la Comunidad (DCC) es un enfoque m\u00e1s efectivo para la innovaci\u00f3n en la gesti\u00f3n social?, proporcionando una visi\u00f3n general de c\u00f3mo pasar del enfoque actual que tiene la empresa a un enfoque centrado en la comunidad. De este modo, se aprender\u00e1 a incluir a las comunidades en el proceso de dise\u00f1o para crear soluciones m\u00e1s relevantes y sostenibles; identificar las necesidades reales de las comunidades a trav\u00e9s de m\u00e9todos participativos; y co-crear soluciones innovadoras con las comunidades.<br \/>\nDurante el taller se definir\u00e1 qu\u00e9 es el DCC y se le distinguir\u00e1 de otros enfoques de dise\u00f1o e innovaci\u00f3n; asimismo, a partir de la presentaci\u00f3n de ejemplos, se detallar\u00e1 su proceso. Por otra parte, como se mencion\u00f3 anteriormente, se responder\u00e1 a la pregunta principal al expresar los motivos por los que el DCC es un mejor enfoque para la innovaci\u00f3n. Finalmente, se describir\u00e1 de qu\u00e9 manera podemos adoptar el DCC para crear mejores soluciones para las comunidades a las que servimos.<\/p>\n<p>Para participar en este taller, que se realizar\u00e1 el 25 de setiembre de 10 am a 12 pm, ingresar al link de inscripci\u00f3n <a href=\"https:\/\/crm.gerens.pe\/event\/taller-de-innovacion-social-disenando-nuevas-soluciones-para-ayudar-a-las-comunidades-a-ser-autosuficientes-23\/register\">aqu\u00ed<\/a><\/p>\n<p><img loading=\"lazy\" decoding=\"async\" class=\"alignnone size-full wp-image-8904\" src=\"https:\/\/gerens.pe\/blog\/wp-content\/uploads\/2024\/09\/Webinar.jpg\" alt=\"\" width=\"1080\" height=\"1080\" srcset=\"https:\/\/gerens.pe\/blog\/wp-content\/uploads\/2024\/09\/Webinar.jpg 1080w, https:\/\/gerens.pe\/blog\/wp-content\/uploads\/2024\/09\/Webinar-300x300.jpg 300w, https:\/\/gerens.pe\/blog\/wp-content\/uploads\/2024\/09\/Webinar-1024x1024.jpg 1024w, https:\/\/gerens.pe\/blog\/wp-content\/uploads\/2024\/09\/Webinar-150x150.jpg 150w, https:\/\/gerens.pe\/blog\/wp-content\/uploads\/2024\/09\/Webinar-768x768.jpg 768w, https:\/\/gerens.pe\/blog\/wp-content\/uploads\/2024\/09\/Webinar-360x360.jpg 360w\" sizes=\"(max-width: 1080px) 100vw, 1080px\" \/><\/p>\n","protected":false},"excerpt":{"rendered":"<p>El pr\u00f3ximo mi\u00e9rcoles 25 de setiembre, la Escuela de Posgrado G\u011aRENS realizar\u00e1 de manera presencial el taller de innovaci\u00f3n social \u201cDise\u00f1ando nuevas&#8230;<\/p>\n","protected":false},"author":2,"featured_media":8907,"comment_status":"open","ping_status":"open","sticky":false,"template":"","format":"standard","meta":{"footnotes":""},"categories":[1],"tags":[],"amp_enabled":true,"_links":{"self":[{"href":"https:\/\/gerens.pe\/blog\/wp-json\/wp\/v2\/posts\/8903"}],"collection":[{"href":"https:\/\/gerens.pe\/blog\/wp-json\/wp\/v2\/posts"}],"about":[{"href":"https:\/\/gerens.pe\/blog\/wp-json\/wp\/v2\/types\/post"}],"author":[{"embeddable":true,"href":"https:\/\/gerens.pe\/blog\/wp-json\/wp\/v2\/users\/2"}],"replies":[{"embeddable":true,"href":"https:\/\/gerens.pe\/blog\/wp-json\/wp\/v2\/comments?post=8903"}],"version-history":[{"count":2,"href":"https:\/\/gerens.pe\/blog\/wp-json\/wp\/v2\/posts\/8903\/revisions"}],"predecessor-version":[{"id":8906,"href":"https:\/\/gerens.pe\/blog\/wp-json\/wp\/v2\/posts\/8903\/revisions\/8906"}],"wp:featuredmedia":[{"embeddable":true,"href":"https:\/\/gerens.pe\/blog\/wp-json\/wp\/v2\/media\/8907"}],"wp:attachment":[{"href":"https:\/\/gerens.pe\/blog\/wp-json\/wp\/v2\/media?parent=8903"}],"wp:term":[{"taxonomy":"category","embeddable":true,"href":"https:\/\/gerens.pe\/blog\/wp-json\/wp\/v2\/categories?post=8903"},{"taxonomy":"post_tag","embeddable":true,"href":"https:\/\/gerens.pe\/blog\/wp-json\/wp\/v2\/tags?post=8903"}],"curies":[{"name":"wp","href":"https:\/\/api.w.org\/{rel}","templated":true}]}}