{"id":8877,"date":"2024-09-16T19:25:48","date_gmt":"2024-09-16T19:25:48","guid":{"rendered":"https:\/\/gerens.pe\/blog\/?p=8877"},"modified":"2024-09-16T19:25:48","modified_gmt":"2024-09-16T19:25:48","slug":"proyecto-de-cobre-en-el-peru-precio-y-conflictos","status":"publish","type":"post","link":"https:\/\/gerens.pe\/blog\/proyecto-de-cobre-en-el-peru-precio-y-conflictos\/","title":{"rendered":"Proyecto de cobre en el Per\u00fa: precio y conflictos"},"content":{"rendered":"<p><span data-contrast=\"none\">BHP (ASX: BHP) dijo que la demanda de cobre a largo plazo, derivada de la transici\u00f3n a la energ\u00eda verde, podr\u00eda ser tal que podr\u00eda volverse estructural. Esto crear\u00eda un entorno para un \u00abr\u00e9gimen de precios en alza\u00bb en la \u00faltima parte de la d\u00e9cada.<\/span><span data-ccp-props=\"{&quot;201341983&quot;:0,&quot;335559740&quot;:276}\"> BHP hizo su declaraci\u00f3n <\/span>en la perspectiva que acompa\u00f1a a sus resultados anuales publicados esta semana.<\/p>\n<p><span data-contrast=\"none\">Algunos analistas estiman que la necesidad de cobre alcanzar\u00e1 los 12 millones de toneladas por a\u00f1o para fines de la d\u00e9cada, el doble de los niveles actuales. Esta necesidad proviene <\/span><span data-ccp-props=\"{&quot;201341983&quot;:0,&quot;335559740&quot;:276}\">de la inversi\u00f3n global en redes el\u00e9ctricas, energ\u00eda renovable y veh\u00edculos el\u00e9ctricos.<\/span><\/p>\n<p><span data-contrast=\"none\">El aumento de la oferta es sorprendente considerando que la producci\u00f3n primaria mundial total de cobre en 2023 se estim\u00f3 en 22 millones de toneladas. De d\u00f3nde provendr\u00e1n esos seis millones de toneladas adicionales es tema de mucho debate, pero no suceder\u00e1 sin inversi\u00f3n en cobre peruano.<\/span><span data-ccp-props=\"{&quot;201341983&quot;:0,&quot;335559740&quot;:276}\">\u00a0<\/span><\/p>\n<h6>Conflictos en Per\u00fa<\/h6>\n<p><span data-contrast=\"none\">\u00abT\u00eda Mar\u00eda, a pesar de ser uno de los proyectos m\u00e1s peque\u00f1os, se ha convertido en s\u00edmbolo de los desaf\u00edos que plantea la resistencia social. Y la construcci\u00f3n se detuvo a mitad de camino en 2019\u00bb.<\/span><span data-ccp-props=\"{&quot;201341983&quot;:0,&quot;335559740&quot;:276}\">\u00a0<\/span><\/p>\n<p><span data-contrast=\"none\">Hasta el a\u00f1o pasado, Per\u00fa era el segundo mayor productor de cobre del mundo, antes de ser superado por el Congo. Esto \u00faltimo sucedi\u00f3 en gran parte por el aumento de la producci\u00f3n a 600 kt por a\u00f1o en Kamoa-Kakula de Ivanhoe Mines.<\/span><span data-ccp-props=\"{&quot;201341983&quot;:0,&quot;335559740&quot;:276}\">\u00a0<\/span><\/p>\n<p><span data-contrast=\"none\">Per\u00fa ha estado luchando por mantener la producci\u00f3n en medio de protestas comunitarias, agitaci\u00f3n pol\u00edtica y un r\u00e9gimen regulatorio impredecible.<\/span><span data-ccp-props=\"{&quot;201341983&quot;:0,&quot;335559740&quot;:276}\">\u00a0<\/span><\/p>\n<p><span data-contrast=\"none\">Un nuevo informe del servicio de cobre de Benchmark Mineral Intelligence cita una entrevista con el ministro de Energ\u00eda y Minas, R\u00f3mulo Mucho como una se\u00f1al de que la industria del cobre de Per\u00fa est\u00e1 volviendo a la normalidad.<\/span><span data-ccp-props=\"{&quot;201341983&quot;:0,&quot;335559740&quot;:276}\">\u00a0<\/span><\/p>\n<p><span data-contrast=\"none\">Mucho, que asumi\u00f3 el cargo en febrero 2024, ha estado trabajando arduamente para atraer a los inversores de regreso a Per\u00fa. \u00c9l destac\u00f3 el proyecto T\u00eda Mar\u00eda, que fue revivido por los propietarios Southern Copper en junio.<\/span><span data-ccp-props=\"{&quot;201341983&quot;:0,&quot;335559740&quot;:276}\">\u00a0<\/span><\/p>\n<p><span data-contrast=\"none\">Mucho dijo que la construcci\u00f3n de T\u00eda Mar\u00eda les indicar\u00e1 a otros que es seguro volver a comprometerse con la miner\u00eda en el pa\u00eds. Esto incluye a los patrocinadores de La Granja que, despu\u00e9s de Kamoa-Kakula, ser\u00eda el proyecto de cobre m\u00e1s grande en entrar en funcionamiento en d\u00e9cadas.<\/span><span data-ccp-props=\"{&quot;201341983&quot;:0,&quot;335559740&quot;:276}\">\u00a0<\/span><\/p>\n<p><i><span data-contrast=\"none\">Este art\u00edculo fue publicado originalmente en <\/span><\/i><a href=\"https:\/\/www.australianmining.com.au\/reimagining-the-role-for-mining-in-the-future\/\"><i><span data-contrast=\"none\">Australian Mining<\/span><\/i><\/a><i><span data-contrast=\"none\">. Fue traducido y publicado por G\u011aRENS en septiembre de 2024.<\/span><\/i> <i><span data-contrast=\"none\">Para conocer m\u00e1s de leyes en la industria de la miner\u00eda, inscr\u00edbete en nuestro programa <\/span><\/i><a href=\"https:\/\/gerens.pe\/educacion-ejecutiva\/derecho-para-la-actividad-minera\/\"><i><span data-contrast=\"none\">Derecho para la Actividad Minera<\/span><\/i><\/a><i><span data-contrast=\"none\">. Inicio de clases: 27 de septiembre de 2024.<\/span><\/i><span data-contrast=\"auto\">\u00a0<\/span><span data-ccp-props=\"{&quot;201341983&quot;:0,&quot;335559740&quot;:276}\">\u00a0<\/span><\/p>\n","protected":false},"excerpt":{"rendered":"<p>BHP (ASX: BHP) dijo que la demanda de cobre a largo plazo, derivada de la transici\u00f3n a la energ\u00eda verde, podr\u00eda ser&#8230;<\/p>\n","protected":false},"author":2,"featured_media":8880,"comment_status":"open","ping_status":"open","sticky":false,"template":"","format":"standard","meta":{"footnotes":""},"categories":[758],"tags":[880,878],"amp_enabled":true,"_links":{"self":[{"href":"https:\/\/gerens.pe\/blog\/wp-json\/wp\/v2\/posts\/8877"}],"collection":[{"href":"https:\/\/gerens.pe\/blog\/wp-json\/wp\/v2\/posts"}],"about":[{"href":"https:\/\/gerens.pe\/blog\/wp-json\/wp\/v2\/types\/post"}],"author":[{"embeddable":true,"href":"https:\/\/gerens.pe\/blog\/wp-json\/wp\/v2\/users\/2"}],"replies":[{"embeddable":true,"href":"https:\/\/gerens.pe\/blog\/wp-json\/wp\/v2\/comments?post=8877"}],"version-history":[{"count":3,"href":"https:\/\/gerens.pe\/blog\/wp-json\/wp\/v2\/posts\/8877\/revisions"}],"predecessor-version":[{"id":8881,"href":"https:\/\/gerens.pe\/blog\/wp-json\/wp\/v2\/posts\/8877\/revisions\/8881"}],"wp:featuredmedia":[{"embeddable":true,"href":"https:\/\/gerens.pe\/blog\/wp-json\/wp\/v2\/media\/8880"}],"wp:attachment":[{"href":"https:\/\/gerens.pe\/blog\/wp-json\/wp\/v2\/media?parent=8877"}],"wp:term":[{"taxonomy":"category","embeddable":true,"href":"https:\/\/gerens.pe\/blog\/wp-json\/wp\/v2\/categories?post=8877"},{"taxonomy":"post_tag","embeddable":true,"href":"https:\/\/gerens.pe\/blog\/wp-json\/wp\/v2\/tags?post=8877"}],"curies":[{"name":"wp","href":"https:\/\/api.w.org\/{rel}","templated":true}]}}