{"id":8852,"date":"2024-09-10T20:01:13","date_gmt":"2024-09-10T20:01:13","guid":{"rendered":"https:\/\/gerens.pe\/blog\/?p=8852"},"modified":"2024-09-10T20:21:35","modified_gmt":"2024-09-10T20:21:35","slug":"beca-a-la-excelencia-diplomado-en-gestion-estrategica-minera-2024-aprovecha-la-oportunidad-hasta-el-18-de-setiembre","status":"publish","type":"post","link":"https:\/\/gerens.pe\/blog\/beca-a-la-excelencia-diplomado-en-gestion-estrategica-minera-2024-aprovecha-la-oportunidad-hasta-el-18-de-setiembre\/","title":{"rendered":"Beca a la Excelencia &#8211; Diplomado en Gesti\u00f3n Estrat\u00e9gica Minera 2024: \u00a1Aprovecha la oportunidad hasta el 18 de setiembre!"},"content":{"rendered":"<p>Si eres un profesional del sector minero que busca potenciar su carrera, esta es tu oportunidad. <a href=\"https:\/\/gerens.pe\/\">GERENS<\/a>, en su compromiso con el desarrollo de l\u00edderes en la industria minera, lanza la Beca a la Excelencia para su Diplomado en Gesti\u00f3n Estrat\u00e9gica Minera 2024.<\/p>\n<p>Con esta beca del 50%, podr\u00e1s acceder a un programa de formaci\u00f3n avanzada que te permitir\u00e1 mejorar tus competencias estrat\u00e9gicas y t\u00e9cnicas, brind\u00e1ndote las herramientas necesarias para afrontar los desaf\u00edos del sector minero actual.<\/p>\n<h6><strong><b>\u00bfQui\u00e9nes pueden postular?<\/b><\/strong><\/h6>\n<p>Esta beca est\u00e1 dirigida exclusivamente a profesionales que laboran en el sector minero y que desean dar un impulso decisivo a su desarrollo profesional. La beca no es acumulable con otros beneficios y es v\u00e1lida s\u00f3lo para personas no inscritas en el programa.<\/p>\n<h6>\u00bfC\u00f3mo postular?<\/h6>\n<p>Es muy sencillo. Para postular a la Beca a la Excelencia, sigue estos pasos:<\/p>\n<ol>\n<li>Completa el formulario de postulaci\u00f3n. <a href=\"https:\/\/docs.google.com\/forms\/d\/e\/1FAIpQLSdh8NPhUMyyYHPjiAyHe5uH9VUnQQh7nLYBnILRe-6F_hTViQ\/viewform\">https:\/\/bit.ly\/4eiHfRT<\/a><\/li>\n<li>Adjunta tu CV actualizado.<\/li>\n<\/ol>\n<p>No dejes pasar esta oportunidad. Recuerda completar debidamente todos los campos. La fecha l\u00edmite para postular es el mi\u00e9rcoles 18 de setiembre de 2024.<\/p>\n<p>El sector minero necesita profesionales capacitados que lideren con visi\u00f3n estrat\u00e9gica y t\u00fa puedes ser uno de ellos. Aprovecha esta oportunidad y forma parte de un programa que transformar\u00e1 tu carrera.<\/p>\n<p>\u00a1Postula ahora a la Escuela de Postgrado GERENS y da el siguiente paso hacia tu futuro profesional!<\/p>\n<p><img loading=\"lazy\" decoding=\"async\" class=\"Beca a la Excelencia aligncenter wp-image-8853\" title=\"Beca a la Excelencia\" src=\"https:\/\/gerens.pe\/blog\/wp-content\/uploads\/2024\/09\/WhatsApp-Image-2024-09-10-at-12.57.14-PM.jpeg\" alt=\"\" width=\"727\" height=\"727\" srcset=\"https:\/\/gerens.pe\/blog\/wp-content\/uploads\/2024\/09\/WhatsApp-Image-2024-09-10-at-12.57.14-PM.jpeg 1080w, https:\/\/gerens.pe\/blog\/wp-content\/uploads\/2024\/09\/WhatsApp-Image-2024-09-10-at-12.57.14-PM-300x300.jpeg 300w, https:\/\/gerens.pe\/blog\/wp-content\/uploads\/2024\/09\/WhatsApp-Image-2024-09-10-at-12.57.14-PM-1024x1024.jpeg 1024w, https:\/\/gerens.pe\/blog\/wp-content\/uploads\/2024\/09\/WhatsApp-Image-2024-09-10-at-12.57.14-PM-150x150.jpeg 150w, https:\/\/gerens.pe\/blog\/wp-content\/uploads\/2024\/09\/WhatsApp-Image-2024-09-10-at-12.57.14-PM-768x768.jpeg 768w, https:\/\/gerens.pe\/blog\/wp-content\/uploads\/2024\/09\/WhatsApp-Image-2024-09-10-at-12.57.14-PM-360x360.jpeg 360w\" sizes=\"(max-width: 727px) 100vw, 727px\" \/><\/p>\n<p>&nbsp;<\/p>\n","protected":false},"excerpt":{"rendered":"<p>Si eres un profesional del sector minero que busca potenciar su carrera, esta es tu oportunidad. GERENS, en su compromiso con el&#8230;<\/p>\n","protected":false},"author":2,"featured_media":8856,"comment_status":"open","ping_status":"open","sticky":false,"template":"","format":"standard","meta":{"footnotes":""},"categories":[1],"tags":[],"amp_enabled":true,"_links":{"self":[{"href":"https:\/\/gerens.pe\/blog\/wp-json\/wp\/v2\/posts\/8852"}],"collection":[{"href":"https:\/\/gerens.pe\/blog\/wp-json\/wp\/v2\/posts"}],"about":[{"href":"https:\/\/gerens.pe\/blog\/wp-json\/wp\/v2\/types\/post"}],"author":[{"embeddable":true,"href":"https:\/\/gerens.pe\/blog\/wp-json\/wp\/v2\/users\/2"}],"replies":[{"embeddable":true,"href":"https:\/\/gerens.pe\/blog\/wp-json\/wp\/v2\/comments?post=8852"}],"version-history":[{"count":3,"href":"https:\/\/gerens.pe\/blog\/wp-json\/wp\/v2\/posts\/8852\/revisions"}],"predecessor-version":[{"id":8872,"href":"https:\/\/gerens.pe\/blog\/wp-json\/wp\/v2\/posts\/8852\/revisions\/8872"}],"wp:featuredmedia":[{"embeddable":true,"href":"https:\/\/gerens.pe\/blog\/wp-json\/wp\/v2\/media\/8856"}],"wp:attachment":[{"href":"https:\/\/gerens.pe\/blog\/wp-json\/wp\/v2\/media?parent=8852"}],"wp:term":[{"taxonomy":"category","embeddable":true,"href":"https:\/\/gerens.pe\/blog\/wp-json\/wp\/v2\/categories?post=8852"},{"taxonomy":"post_tag","embeddable":true,"href":"https:\/\/gerens.pe\/blog\/wp-json\/wp\/v2\/tags?post=8852"}],"curies":[{"name":"wp","href":"https:\/\/api.w.org\/{rel}","templated":true}]}}