{"id":8704,"date":"2024-07-26T15:29:06","date_gmt":"2024-07-26T15:29:06","guid":{"rendered":"https:\/\/gerens.pe\/blog\/?p=8704"},"modified":"2024-07-26T15:29:06","modified_gmt":"2024-07-26T15:29:06","slug":"impacto-del-fenomeno-la-nina-en-los-costos-de-la-electricidad-en-el-peru","status":"publish","type":"post","link":"https:\/\/gerens.pe\/blog\/impacto-del-fenomeno-la-nina-en-los-costos-de-la-electricidad-en-el-peru\/","title":{"rendered":"Impacto del Fen\u00f3meno La Ni\u00f1a en los Costos de la Electricidad en el Per\u00fa"},"content":{"rendered":"<p>El pasado 20 de junio del 2024, el Diario Gesti\u00f3n public\u00f3 un art\u00edculo que aborda el incremento en los costos de electricidad como consecuencia del Fen\u00f3meno de La Ni\u00f1a. En este art\u00edculo se cita al Dr. Arturo V\u00e1squez Cordano, Profesor Principal y Director de Investigaci\u00f3n de la Escuela de Postgrado G\u011aRENS, y exviceministro de Energ\u00eda.<\/p>\n<p>El art\u00edculo se\u00f1ala que el Estudio Nacional del Fen\u00f3meno El Ni\u00f1o (ENFEN) ha activado su sistema de alerta ante la presencia del \u201cFen\u00f3meno de La Ni\u00f1a Costera\u201d, cuyo impacto se refleja en una disminuci\u00f3n de la generaci\u00f3n hidroel\u00e9ctrica debido a una reducci\u00f3n en las precipitaciones en la regi\u00f3n andina central y sur. Los pron\u00f3sticos indican una disminuci\u00f3n en los caudales de los r\u00edos en las partes norte y sur del pa\u00eds, exacerbando el periodo de estiaje ya existente.<\/p>\n<p>Las principales centrales hidroel\u00e9ctricas del Per\u00fa, que representan el 71% del total de la capacidad instalada de generaci\u00f3n el\u00e9ctrica del pa\u00eds, se encuentran en la zona central del territorio nacional. Durante 2022 y 2023, la presencia del Fen\u00f3meno de El Ni\u00f1o ocasion\u00f3 una ca\u00edda en la generaci\u00f3n hidr\u00e1ulica, lo que llev\u00f3 a un mayor uso de centrales t\u00e9rmicas a di\u00e9sel, una fuente de energ\u00eda m\u00e1s costosa y contaminante.<\/p>\n<p>El Dr. V\u00e1squez explic\u00f3 que el Fen\u00f3meno de La Ni\u00f1a genera sequ\u00edas en las zonas con mayor capacidad instalada de producci\u00f3n de energ\u00eda hidr\u00e1ulica. Ante esta situaci\u00f3n, el Comit\u00e9 de Operaci\u00f3n Econ\u00f3mica del Sistema Interconectado Nacional (COES) recurrir\u00e1 a las centrales t\u00e9rmicas de di\u00e9sel, elevando el costo de la generaci\u00f3n a m\u00e1s de US$ 100 por MWh. Esto afectar\u00e1 especialmente a los usuarios libres, quienes acuerdan precios de energ\u00eda directamente con los distribuidores o generadores, y cuyos contratos est\u00e1n pr\u00f3ximos a vencer.<\/p>\n<p>De otra parte, el Dr. V\u00e1squez subray\u00f3 la necesidad de desarrollar nuevas fuentes de producci\u00f3n de electricidad eficientes y seguras para garantizar la continuidad en el suministro de energ\u00eda. Destac\u00f3 la importancia de aumentar la capacidad de producci\u00f3n de las centrales t\u00e9rmicas a gas natural, ya que los proyectos de generaci\u00f3n en base a fuentes renovables (e\u00f3lica y solar) no son la panacea para resolver los problemas de estabilidad del suministro el\u00e9ctrico, porque tambi\u00e9n est\u00e1n expuestos a los cambios clim\u00e1ticos y su producci\u00f3n es intermitente y altamente variable. Por ello, <strong><em><b><i>los proyectos RER no garantizan la firmeza del despacho el\u00e9ctrico que es necesaria para brindar la suficiente confiabilidad al suministro el\u00e9ctrico dentro del Sistema El\u00e9ctrico Interconectado Nacional<\/i><\/b><\/em><\/strong>\u00a0(SEIN).<\/p>\n<p>El Fen\u00f3meno de La Ni\u00f1a representa un desaf\u00edo significativo para el sector energ\u00e9tico del Per\u00fa porque impacta de forma adversa tanto en los costos de la electricidad como en la estabilidad del suministro el\u00e9ctrico. Las opiniones del Dr. V\u00e1squez resaltan <strong><em><b><i>la necesidad de estrategias a largo plazo que incluyan la diversificaci\u00f3n de la matriz energ\u00e9tica y la inversi\u00f3n en infraestructura de transmisi\u00f3n para reducir la congesti\u00f3n en el SEIN y tecnolog\u00edas de generaci\u00f3n eficiente como las centrales de gas natural<\/i><\/b><\/em><\/strong>. La adopci\u00f3n de estas medidas es fundamental para mitigar los efectos adversos de los fen\u00f3menos clim\u00e1ticos extremos y para garantizar un suministro energ\u00e9tico seguro y asequible.<\/p>\n<p>Lima, 25 de julio de 2024.<\/p>\n<p>Direcci\u00f3n de Investigaci\u00f3n<\/p>\n<p>Escuela de Postgrado <a href=\"https:\/\/gerens.pe\/\">G\u011aRENS<\/a><\/p>\n<p>El art\u00edculo se encuentra <a href=\"https:\/\/gestion.pe\/economia\/costos-de-la-electricidad-volverian-a-subir-este-ano-por-fenomeno-la-nina-noticia\/\">disponible aqu\u00ed<\/a><\/p>\n","protected":false},"excerpt":{"rendered":"<p>El pasado 20 de junio del 2024, el Diario Gesti\u00f3n public\u00f3 un art\u00edculo que aborda el incremento en los costos de electricidad&#8230;<\/p>\n","protected":false},"author":2,"featured_media":8705,"comment_status":"open","ping_status":"open","sticky":false,"template":"","format":"standard","meta":{"footnotes":""},"categories":[1],"tags":[],"amp_enabled":true,"_links":{"self":[{"href":"https:\/\/gerens.pe\/blog\/wp-json\/wp\/v2\/posts\/8704"}],"collection":[{"href":"https:\/\/gerens.pe\/blog\/wp-json\/wp\/v2\/posts"}],"about":[{"href":"https:\/\/gerens.pe\/blog\/wp-json\/wp\/v2\/types\/post"}],"author":[{"embeddable":true,"href":"https:\/\/gerens.pe\/blog\/wp-json\/wp\/v2\/users\/2"}],"replies":[{"embeddable":true,"href":"https:\/\/gerens.pe\/blog\/wp-json\/wp\/v2\/comments?post=8704"}],"version-history":[{"count":1,"href":"https:\/\/gerens.pe\/blog\/wp-json\/wp\/v2\/posts\/8704\/revisions"}],"predecessor-version":[{"id":8706,"href":"https:\/\/gerens.pe\/blog\/wp-json\/wp\/v2\/posts\/8704\/revisions\/8706"}],"wp:featuredmedia":[{"embeddable":true,"href":"https:\/\/gerens.pe\/blog\/wp-json\/wp\/v2\/media\/8705"}],"wp:attachment":[{"href":"https:\/\/gerens.pe\/blog\/wp-json\/wp\/v2\/media?parent=8704"}],"wp:term":[{"taxonomy":"category","embeddable":true,"href":"https:\/\/gerens.pe\/blog\/wp-json\/wp\/v2\/categories?post=8704"},{"taxonomy":"post_tag","embeddable":true,"href":"https:\/\/gerens.pe\/blog\/wp-json\/wp\/v2\/tags?post=8704"}],"curies":[{"name":"wp","href":"https:\/\/api.w.org\/{rel}","templated":true}]}}