{"id":8569,"date":"2024-06-24T19:44:57","date_gmt":"2024-06-24T19:44:57","guid":{"rendered":"https:\/\/gerens.pe\/blog\/?p=8569"},"modified":"2024-06-24T20:28:14","modified_gmt":"2024-06-24T20:28:14","slug":"alumnos-de-la-universidad-de-san-marcos-en-gerens","status":"publish","type":"post","link":"https:\/\/gerens.pe\/blog\/alumnos-de-la-universidad-de-san-marcos-en-gerens\/","title":{"rendered":"Alumnos de la Universidad de San Marcos en G\u011aRENS"},"content":{"rendered":"<p>El pasado 21 de junio, los alumnos del quinto a\u00f1o de la carrera de Ingenier\u00eda de Minas de la Universidad Nacional Mayor de San Marcos (UNMSM) participaron en una jornada de clases en las instalaciones de G\u011aRENS. Esta actividad forma parte de la C\u00e1tedra Empresa \u2013 G\u011aRENS, que se imparte en colaboraci\u00f3n con nuestra Escuela de Postgrado.<\/p>\n<div id=\"attachment_8570\" style=\"width: 848px\" class=\"wp-caption alignleft\"><img loading=\"lazy\" decoding=\"async\" aria-describedby=\"caption-attachment-8570\" class=\"size-full wp-image-8570\" src=\"https:\/\/gerens.pe\/blog\/wp-content\/uploads\/2024\/06\/Captura-de-pantalla-2024-06-24-a-las-2.44.26\u202fp.-m.png\" alt=\"\" width=\"838\" height=\"410\" srcset=\"https:\/\/gerens.pe\/blog\/wp-content\/uploads\/2024\/06\/Captura-de-pantalla-2024-06-24-a-las-2.44.26\u202fp.-m.png 838w, https:\/\/gerens.pe\/blog\/wp-content\/uploads\/2024\/06\/Captura-de-pantalla-2024-06-24-a-las-2.44.26\u202fp.-m-300x147.png 300w, https:\/\/gerens.pe\/blog\/wp-content\/uploads\/2024\/06\/Captura-de-pantalla-2024-06-24-a-las-2.44.26\u202fp.-m-768x376.png 768w, https:\/\/gerens.pe\/blog\/wp-content\/uploads\/2024\/06\/Captura-de-pantalla-2024-06-24-a-las-2.44.26\u202fp.-m-360x176.png 360w\" sizes=\"(max-width: 838px) 100vw, 838px\" \/><p id=\"caption-attachment-8570\" class=\"wp-caption-text\">San Marcos<\/p><\/div>\n<p>Durante esta jornada, los estudiantes asistieron a una clase sobre <strong>Manejo del Cambio e Innovaci\u00f3n<\/strong>, dirigida por el profesor Armando Gallegos. La clase incluy\u00f3 tres talleres aplicativos que permitieron a los alumnos poner en pr\u00e1ctica los conceptos aprendidos, fomentando un aprendizaje activo y participativo. Adem\u00e1s, los estudiantes estuvieron acompa\u00f1ados por el profesor Mario Cedr\u00f3n de la UNMSM, quien brind\u00f3 su apoyo y comparti\u00f3 su experiencia.<\/p>\n<p>Fue una ma\u00f1ana sumamente enriquecedora y grata para nuestra escuela, destac\u00e1ndose por el entusiasmo y la dedicaci\u00f3n de los estudiantes, as\u00ed como por la calidad de la ense\u00f1anza impartida.<\/p>\n<p>Esta actividad se enmarca en el convenio entre la Escuela de Postgrado <a href=\"https:\/\/gerens.pe\/\">G\u011aRENS<\/a> y la Facultad de Ingenier\u00eda Geol\u00f3gica, Minera, Metal\u00fargica y Geogr\u00e1fica (FIGMMG) de la UNMSM. El objetivo de este convenio es implementar la C\u00e1tedra de Gesti\u00f3n Minera, dirigida a estudiantes del d\u00e9cimo ciclo. Esta c\u00e1tedra es una parte integral de la malla curricular ordinaria de la Escuela Profesional de Minas de la FIGMMG de la UNMSM.<\/p>\n<p><strong><b>Impacto y Beneficios del Convenio.<\/b><\/strong><\/p>\n<p>El convenio entre <a href=\"https:\/\/gerens.pe\/\">G\u011aRENS<\/a> y la UNMSM busca fortalecer la formaci\u00f3n de los futuros ingenieros de minas, proporcion\u00e1ndoles herramientas y conocimientos esenciales para su desempe\u00f1o profesional en el sector minero. A trav\u00e9s de esta colaboraci\u00f3n, los estudiantes tienen la oportunidad de:<\/p>\n<ul>\n<li><b><\/b><strong><b>Acceder a conocimientos especializados<\/b><\/strong>: Las clases impartidas por G\u011aRENS cubren temas avanzados y actuales en la gesti\u00f3n minera, preparaci\u00f3n que es crucial para enfrentar los retos del sector.<\/li>\n<li><b><\/b><strong><b>Participar en talleres pr\u00e1cticos<\/b><\/strong>: Los talleres y actividades pr\u00e1cticas permiten a los estudiantes aplicar la teor\u00eda aprendida, desarrollando habilidades cr\u00edticas para su carrera.<\/li>\n<li><b><\/b><strong><b>Interactuar con expertos<\/b><\/strong>: La participaci\u00f3n de profesores con amplia experiencia, tanto de G\u011aRENS como de la UNMSM, enriquece el aprendizaje y ofrece diferentes perspectivas y enfoques.<\/li>\n<li><b><\/b><strong><b>Desarrollar competencias en manejo del cambio<\/b><\/strong>: El enfoque en la innovaci\u00f3n y el cambio prepara a los estudiantes para liderar procesos de transformaci\u00f3n en sus futuras empresas.<\/li>\n<\/ul>\n<p><strong><b>Testimonios y Experiencias<\/b><\/strong><\/p>\n<p><img loading=\"lazy\" decoding=\"async\" class=\"wp-image-8578 alignright\" src=\"https:\/\/gerens.pe\/blog\/wp-content\/uploads\/2024\/06\/Captura-de-pantalla-2024-06-24-a-las-2.44.47\u202fp.-m.-min.png\" alt=\"\" width=\"725\" height=\"347\" srcset=\"https:\/\/gerens.pe\/blog\/wp-content\/uploads\/2024\/06\/Captura-de-pantalla-2024-06-24-a-las-2.44.47\u202fp.-m.-min.png 966w, https:\/\/gerens.pe\/blog\/wp-content\/uploads\/2024\/06\/Captura-de-pantalla-2024-06-24-a-las-2.44.47\u202fp.-m.-min-300x143.png 300w, https:\/\/gerens.pe\/blog\/wp-content\/uploads\/2024\/06\/Captura-de-pantalla-2024-06-24-a-las-2.44.47\u202fp.-m.-min-768x367.png 768w, https:\/\/gerens.pe\/blog\/wp-content\/uploads\/2024\/06\/Captura-de-pantalla-2024-06-24-a-las-2.44.47\u202fp.-m.-min-360x172.png 360w\" sizes=\"(max-width: 725px) 100vw, 725px\" \/><\/p>\n<p>Los alumnos participantes han expresado su satisfacci\u00f3n con<\/p>\n<p>la experiencia, destacando la relevancia de los temas tratados y la calidad de las actividades pr\u00e1cticas. \u00abEsta clase nos ha brindado una visi\u00f3n m\u00e1s amplia de c\u00f3mo gestionar los cambios en la industria minera, algo que es vital en nuestro campo\u00bb, coment\u00f3 uno de los estudiantes.<\/p>\n<p>El profesor Mario Cedr\u00f3n coment\u00f3: \u00a0\u00abHa sido un gran acierto este acercamiento entre la UNMSM y GERENS, el cual beneficia mucho a nuestros alumnos, agradezco a GERENS por este aporte a la formaci\u00f3n de los estudiantes\u00bb.<\/p>\n<p>Por su parte, el profesor Armando Gallegos se\u00f1al\u00f3: \u00abEs gratificante ver el inter\u00e9s y la participaci\u00f3n activa de los alumnos. Estas experiencias son fundamentales para su desarrollo profesional y personal\u00bb.<\/p>\n<p>La colaboraci\u00f3n entre <a href=\"https:\/\/gerens.pe\/\">G\u011aRENS<\/a> y la UNMSM contin\u00faa demostrando su valor al ofrecer a los estudiantes de Ingenier\u00eda de Minas una formaci\u00f3n robusta y pr\u00e1ctica. Estamos comprometidos en seguir desarrollando iniciativas que enriquezcan la educaci\u00f3n y preparen a los futuros l\u00edderes del sector minero.<\/p>\n","protected":false},"excerpt":{"rendered":"<p>El pasado 21 de junio, los alumnos del quinto a\u00f1o de la carrera de Ingenier\u00eda de Minas de la Universidad Nacional Mayor&#8230;<\/p>\n","protected":false},"author":2,"featured_media":8570,"comment_status":"open","ping_status":"open","sticky":false,"template":"","format":"standard","meta":{"footnotes":""},"categories":[1],"tags":[],"amp_enabled":true,"_links":{"self":[{"href":"https:\/\/gerens.pe\/blog\/wp-json\/wp\/v2\/posts\/8569"}],"collection":[{"href":"https:\/\/gerens.pe\/blog\/wp-json\/wp\/v2\/posts"}],"about":[{"href":"https:\/\/gerens.pe\/blog\/wp-json\/wp\/v2\/types\/post"}],"author":[{"embeddable":true,"href":"https:\/\/gerens.pe\/blog\/wp-json\/wp\/v2\/users\/2"}],"replies":[{"embeddable":true,"href":"https:\/\/gerens.pe\/blog\/wp-json\/wp\/v2\/comments?post=8569"}],"version-history":[{"count":4,"href":"https:\/\/gerens.pe\/blog\/wp-json\/wp\/v2\/posts\/8569\/revisions"}],"predecessor-version":[{"id":8579,"href":"https:\/\/gerens.pe\/blog\/wp-json\/wp\/v2\/posts\/8569\/revisions\/8579"}],"wp:featuredmedia":[{"embeddable":true,"href":"https:\/\/gerens.pe\/blog\/wp-json\/wp\/v2\/media\/8570"}],"wp:attachment":[{"href":"https:\/\/gerens.pe\/blog\/wp-json\/wp\/v2\/media?parent=8569"}],"wp:term":[{"taxonomy":"category","embeddable":true,"href":"https:\/\/gerens.pe\/blog\/wp-json\/wp\/v2\/categories?post=8569"},{"taxonomy":"post_tag","embeddable":true,"href":"https:\/\/gerens.pe\/blog\/wp-json\/wp\/v2\/tags?post=8569"}],"curies":[{"name":"wp","href":"https:\/\/api.w.org\/{rel}","templated":true}]}}