{"id":8542,"date":"2024-06-19T23:20:25","date_gmt":"2024-06-19T23:20:25","guid":{"rendered":"https:\/\/gerens.pe\/blog\/?p=8542"},"modified":"2024-06-21T18:08:18","modified_gmt":"2024-06-21T18:08:18","slug":"caso-petroperu-entrevista-al-dr-arturo-vasquez-por-el-periodista-mario-ghibellini","status":"publish","type":"post","link":"https:\/\/gerens.pe\/blog\/caso-petroperu-entrevista-al-dr-arturo-vasquez-por-el-periodista-mario-ghibellini\/","title":{"rendered":"Caso Petroper\u00fa: Entrevista al Dr. Arturo V\u00e1squez por el periodista Mario Ghibellini"},"content":{"rendered":"<p>El pasado 17 de junio el Dr. Arturo V\u00e1squez Cordano, Profesor Principal y Director de Investigaci\u00f3n de la Escuela de Postgrado G\u011aRENS, y exviceministro de Energ\u00eda, particip\u00f3 de una entrevista en el programa <strong><b>N Portada<\/b><\/strong> de Mario Ghibellini de Canal N. Esta entrevista tambi\u00e9n cont\u00f3 con la participaci\u00f3n de Anthony Laub, abogado experto en temas de energ\u00eda. A continuaci\u00f3n, se presentan los principales puntos que se discuti\u00f3 sobre la situaci\u00f3n actual de Petroper\u00fa<\/p>\n<p>El Dr. Arturo V\u00e1squez se\u00f1al\u00f3 que el Ministro de Econom\u00eda y Finanzas, Jos\u00e9 Arista, se encuentra en una contradicci\u00f3n respecto a Petroper\u00fa. Primero, afirm\u00f3 que no habr\u00eda m\u00e1s aportes de capital hacia la empresa estatal, pero luego se plante\u00f3 la posibilidad de que esto ocurra, sin especificar c\u00f3mo Petroper\u00fa manejar\u00eda dicho aporte.<\/p>\n<p>Frente a la situaci\u00f3n actual, el Dr. V\u00e1squez menciona dos posibles soluciones. La primera es contratar a una empresa internacional experta en reestructuraci\u00f3n y gesti\u00f3n privada. La segunda opci\u00f3n es iniciar un proceso concursal. Sin embargo, estas soluciones enfrentan problemas debido a la alta politizaci\u00f3n y los constantes cambios de ministros, as\u00ed como a los intereses de los sindicatos que pueden obstaculizar la reestructuraci\u00f3n.<\/p>\n<p>La propuesta del Directorio de Petroper\u00fa es que una empresa privada asuma la gerencia general y las gerencias corporativas, siguiendo sus directrices. En cuanto al requerimiento de un aporte de capital de US$2,200 millones, el Directorio lo considera inmoral debido al elevado costo de oportunidad de estos fondos p\u00fablicos respecto a lo que se puede hacer con ellos para financiar obras p\u00fablicas de salud, educaci\u00f3n y transportes.<\/p>\n<p>Asimismo, durante la entrevista el Dr. V\u00e1squez se\u00f1al\u00f3 que la deuda de Petroper\u00fa es cuasi soberana; aunque no hay un respaldo directo, existe una garant\u00eda impl\u00edcita del Estado. Esto afecta el riesgo pa\u00eds, y el Ministerio de Econom\u00eda y Finanzas est\u00e1 preocupado por evitar el colapso financiero de Petroper\u00fa, ya que esto podr\u00eda deteriorar a\u00fan m\u00e1s la calificaci\u00f3n de la deuda del Per\u00fa.<\/p>\n<p>Para el Dr. V\u00e1squez, Petroper\u00fa tendr\u00eda que pasar a manos del FONAFE mediante una ley, a fin de que exista un supervisor de Petroper\u00fa que permita monitorear y controlar el proceso de reestructuraci\u00f3n organizacional y la separaci\u00f3n de algunos activos de la empresa que no son rentables. Por otro lado, FONAFE deber\u00eda coordinar con el gestor privado la reestructuraci\u00f3n de la deuda de \u00a0largo plazo de Petroper\u00fa asociada a la inversi\u00f3n en la nueva Refiner\u00eda de Talara, as\u00ed como supervisar la aplicaci\u00f3n de las medidas de austeridad y reducci\u00f3n de gasto en la empresa, lo que incluye la racionalizaci\u00f3n del personal. Sin embargo, el Dr. V\u00e1squez concluy\u00f3 que a la fecha existen restricciones pol\u00edticas en el Poder Ejecutivo y en el Congreso de la Rep\u00fablica que est\u00e1n impidiendo que el MEF y el MINEM ejecuten la recomendaci\u00f3n del Directorio de Petroper\u00fa, las cuales pueden distorsionar el proceso de reestructuraci\u00f3n de Petroper\u00fa y generar que la situaci\u00f3n de Petroper\u00fa empeore a\u00fan m\u00e1s.<\/p>\n<p>Lima 18 de junio de 2024.<\/p>\n<p>Direcci\u00f3n de Investigaci\u00f3n<\/p>\n<p><a href=\"https:\/\/gerens.pe\/\">Escuela de Posgrado G\u011aRENS<\/a><\/p>\n<p>La entrevista completa se encuentra en el <a href=\"https:\/\/canaln.pe\/actualidad\/anthony-laub-y-arturo-vasquez-coinciden-que-deberia-ley-que-declare-emergencia-petroperu-n474329\">siguiente enlace:<\/a><\/p>\n<div id=\"attachment_8543\" style=\"width: 678px\" class=\"wp-caption aligncenter\"><img loading=\"lazy\" decoding=\"async\" aria-describedby=\"caption-attachment-8543\" class=\"Petroper\u00fa wp-image-8543\" title=\"Petroper\u00fa\" src=\"https:\/\/gerens.pe\/blog\/wp-content\/uploads\/2024\/06\/Captura-de-pantalla-2024-06-19-a-las-5.36.16\u202fp.-m.-min.png\" alt=\"\" width=\"668\" height=\"330\" srcset=\"https:\/\/gerens.pe\/blog\/wp-content\/uploads\/2024\/06\/Captura-de-pantalla-2024-06-19-a-las-5.36.16\u202fp.-m.-min.png 1570w, https:\/\/gerens.pe\/blog\/wp-content\/uploads\/2024\/06\/Captura-de-pantalla-2024-06-19-a-las-5.36.16\u202fp.-m.-min-300x148.png 300w, https:\/\/gerens.pe\/blog\/wp-content\/uploads\/2024\/06\/Captura-de-pantalla-2024-06-19-a-las-5.36.16\u202fp.-m.-min-1024x506.png 1024w, https:\/\/gerens.pe\/blog\/wp-content\/uploads\/2024\/06\/Captura-de-pantalla-2024-06-19-a-las-5.36.16\u202fp.-m.-min-768x380.png 768w, https:\/\/gerens.pe\/blog\/wp-content\/uploads\/2024\/06\/Captura-de-pantalla-2024-06-19-a-las-5.36.16\u202fp.-m.-min-1536x759.png 1536w, https:\/\/gerens.pe\/blog\/wp-content\/uploads\/2024\/06\/Captura-de-pantalla-2024-06-19-a-las-5.36.16\u202fp.-m.-min-360x178.png 360w\" sizes=\"(max-width: 668px) 100vw, 668px\" \/><p id=\"caption-attachment-8543\" class=\"wp-caption-text\">Petroper\u00fa<\/p><\/div>\n<div id=\"attachment_8544\" style=\"width: 678px\" class=\"wp-caption aligncenter\"><img loading=\"lazy\" decoding=\"async\" aria-describedby=\"caption-attachment-8544\" class=\"Petroper\u00fa wp-image-8544\" title=\"Petroper\u00fa\" src=\"https:\/\/gerens.pe\/blog\/wp-content\/uploads\/2024\/06\/Captura-de-pantalla-2024-06-19-a-las-5.36.22\u202fp.-m.-min-1.png\" alt=\"\" width=\"668\" height=\"331\" srcset=\"https:\/\/gerens.pe\/blog\/wp-content\/uploads\/2024\/06\/Captura-de-pantalla-2024-06-19-a-las-5.36.22\u202fp.-m.-min-1.png 1580w, https:\/\/gerens.pe\/blog\/wp-content\/uploads\/2024\/06\/Captura-de-pantalla-2024-06-19-a-las-5.36.22\u202fp.-m.-min-1-300x149.png 300w, https:\/\/gerens.pe\/blog\/wp-content\/uploads\/2024\/06\/Captura-de-pantalla-2024-06-19-a-las-5.36.22\u202fp.-m.-min-1-1024x508.png 1024w, https:\/\/gerens.pe\/blog\/wp-content\/uploads\/2024\/06\/Captura-de-pantalla-2024-06-19-a-las-5.36.22\u202fp.-m.-min-1-768x381.png 768w, https:\/\/gerens.pe\/blog\/wp-content\/uploads\/2024\/06\/Captura-de-pantalla-2024-06-19-a-las-5.36.22\u202fp.-m.-min-1-1536x762.png 1536w, https:\/\/gerens.pe\/blog\/wp-content\/uploads\/2024\/06\/Captura-de-pantalla-2024-06-19-a-las-5.36.22\u202fp.-m.-min-1-360x179.png 360w\" sizes=\"(max-width: 668px) 100vw, 668px\" \/><p id=\"caption-attachment-8544\" class=\"wp-caption-text\">Petroper\u00fa<\/p><\/div>\n","protected":false},"excerpt":{"rendered":"<p>El pasado 17 de junio el Dr. Arturo V\u00e1squez Cordano, Profesor Principal y Director de Investigaci\u00f3n de la Escuela de Postgrado G\u011aRENS,&#8230;<\/p>\n","protected":false},"author":2,"featured_media":8545,"comment_status":"open","ping_status":"open","sticky":false,"template":"","format":"standard","meta":{"footnotes":""},"categories":[1],"tags":[],"amp_enabled":true,"_links":{"self":[{"href":"https:\/\/gerens.pe\/blog\/wp-json\/wp\/v2\/posts\/8542"}],"collection":[{"href":"https:\/\/gerens.pe\/blog\/wp-json\/wp\/v2\/posts"}],"about":[{"href":"https:\/\/gerens.pe\/blog\/wp-json\/wp\/v2\/types\/post"}],"author":[{"embeddable":true,"href":"https:\/\/gerens.pe\/blog\/wp-json\/wp\/v2\/users\/2"}],"replies":[{"embeddable":true,"href":"https:\/\/gerens.pe\/blog\/wp-json\/wp\/v2\/comments?post=8542"}],"version-history":[{"count":3,"href":"https:\/\/gerens.pe\/blog\/wp-json\/wp\/v2\/posts\/8542\/revisions"}],"predecessor-version":[{"id":8558,"href":"https:\/\/gerens.pe\/blog\/wp-json\/wp\/v2\/posts\/8542\/revisions\/8558"}],"wp:featuredmedia":[{"embeddable":true,"href":"https:\/\/gerens.pe\/blog\/wp-json\/wp\/v2\/media\/8545"}],"wp:attachment":[{"href":"https:\/\/gerens.pe\/blog\/wp-json\/wp\/v2\/media?parent=8542"}],"wp:term":[{"taxonomy":"category","embeddable":true,"href":"https:\/\/gerens.pe\/blog\/wp-json\/wp\/v2\/categories?post=8542"},{"taxonomy":"post_tag","embeddable":true,"href":"https:\/\/gerens.pe\/blog\/wp-json\/wp\/v2\/tags?post=8542"}],"curies":[{"name":"wp","href":"https:\/\/api.w.org\/{rel}","templated":true}]}}