{"id":842,"date":"2016-04-14T08:30:30","date_gmt":"2016-04-14T13:30:30","guid":{"rendered":"https:\/\/gerens.pe\/blog\/?p=842"},"modified":"2016-04-14T08:30:30","modified_gmt":"2016-04-14T13:30:30","slug":"capacitacion-inhouse-testimonio-ana","status":"publish","type":"post","link":"https:\/\/gerens.pe\/blog\/capacitacion-inhouse-testimonio-ana\/","title":{"rendered":"El valor de la capacitaci\u00f3n inhouse: Testimonio de la ANA"},"content":{"rendered":"<p style=\"text-align: justify;\"><a href=\"https:\/\/gerens.pe\/blog\/wp-content\/uploads\/2016\/04\/auoridad-nacional-agua-ANA.jpg\" data-rel=\"lightbox-image-0\" data-rl_title=\"\" data-rl_caption=\"\" title=\"\"><img loading=\"lazy\" decoding=\"async\" class=\"size-full wp-image-844 aligncenter\" src=\"https:\/\/gerens.pe\/blog\/wp-content\/uploads\/2016\/04\/auoridad-nacional-agua-ANA.jpg\" alt=\"auoridad-nacional-agua-ANA\" width=\"700\" height=\"400\" srcset=\"https:\/\/gerens.pe\/blog\/wp-content\/uploads\/2016\/04\/auoridad-nacional-agua-ANA.jpg 700w, https:\/\/gerens.pe\/blog\/wp-content\/uploads\/2016\/04\/auoridad-nacional-agua-ANA-300x171.jpg 300w, https:\/\/gerens.pe\/blog\/wp-content\/uploads\/2016\/04\/auoridad-nacional-agua-ANA-360x206.jpg 360w\" sizes=\"(max-width: 700px) 100vw, 700px\" \/><\/a><\/p>\n<p style=\"text-align: justify;\"><em><span style=\"font-weight: 400;\">Testimonio de Magdalena G\u00fcimac Huam\u00e1n, Directora de Gesti\u00f3n del Conocimiento y Coordinaci\u00f3n Interinstitucional de la <a href=\"http:\/\/www.ana.gob.pe\/\">Autoridad Nacional del Agua<\/a> \u2013 ANA.<\/span><\/em><\/p>\n<p style=\"text-align: justify;\"><span style=\"font-weight: 400;\">El Diplomado en Gesti\u00f3n Integrada de los Recursos H\u00eddricos que desarroll\u00f3 el consorcio internacional conformado por la <a href=\"https:\/\/gerens.pe\">Escuela de Postgrado GERENS<\/a>, la Colorado State University y la Fundaci\u00f3n Chile, permiti\u00f3 que la ANA tuviese un primer acercamiento con programas a la medida.\u00a0Esta iniciativa form\u00f3 parte del Proyecto de Modernizaci\u00f3n en la Gesti\u00f3n Integrada de Recursos H\u00eddricos desarrollado por la ANA y financiado por el Banco Mundial.<\/span><\/p>\n<div id=\"attachment_847\" style=\"width: 398px\" class=\"wp-caption alignright\"><img loading=\"lazy\" decoding=\"async\" aria-describedby=\"caption-attachment-847\" class=\"wp-image-847\" src=\"https:\/\/gerens.pe\/blog\/wp-content\/uploads\/2016\/04\/Magdalena-G\u00fcimac.jpg\" alt=\"Magdalena-G\u00fcimac-ANA\" width=\"388\" height=\"274\" \/><p id=\"caption-attachment-847\" class=\"wp-caption-text\">Magdalena G\u00fcimac Huam\u00e1n, Directora de Gesti\u00f3n del Conocimiento y Coordinaci\u00f3n Interinstitucional de la Autoridad Nacional del Agua.<\/p><\/div>\n<p style=\"text-align: justify;\"><span style=\"font-weight: 400;\">Los temas comprendidos en este Diplomado no son habituales en el mercado de servicios educativos y de capacitaci\u00f3n que\u00a0brindan universidades y escuelas de postgrado en el pa\u00eds. Una de las principales ventajas del programa fue el hecho de tener profesores y especialistas internacionales con amplia experiencia en la gesti\u00f3n del agua, lo que ha permitido ampliar y enriquecer los conocimientos locales. <\/span><\/p>\n<p style=\"text-align: justify;\"><span style=\"font-weight: 400;\">La flexibilidad de los cursos in-house permiti\u00f3 que esta capacitaci\u00f3n pudiese ser descentralizada, realiz\u00e1ndose en paralelo en tres sedes regionales: Lima, Arequipa y Chiclayo. Esto permiti\u00f3 llevar el conocimiento a los profesionales de nuestras sedes desconcentradas, as\u00ed como a otros actores que son aliados estrat\u00e9gicos de nuestra instituci\u00f3n, a fin de fortalecer la gesti\u00f3n integrada de los recursos h\u00eddricos en el pa\u00eds. <\/span><\/p>\n<p style=\"text-align: justify;\"><span style=\"font-weight: 400;\">Otro punto a resaltar, es que el programa est\u00e1 dirigido a una gama multidisciplinaria de profesionales: comunicadores, abogados, ingenieros, bi\u00f3logos. Esto ha propiciado el debate y un significativo aporte a los trabajos desarrollados partiendo de una mirada interdisciplinaria e integradora, lo cual potencia las capacidades de gesti\u00f3n.<\/span><\/p>\n<p style=\"text-align: justify;\"><span style=\"font-weight: 400;\">La metodolog\u00eda utilizada en el diplomado, pr\u00e1ctica, innovadora y ejecutiva, ha sido vital, pues ha permitido fortalecer competencias y habilidades partiendo desde la propia realidad del equipo humano de la organizaci\u00f3n. Esta ha sido una experiencia piloto muy importante y positiva que nos ha dejado lecciones y aprendizajes que aplicaremos en una pr\u00f3xima capacitaci\u00f3n. \u00a0<\/span><\/p>\n<div id=\"attachment_846\" style=\"width: 727px\" class=\"wp-caption aligncenter\"><a href=\"https:\/\/gerens.pe\/blog\/wp-content\/uploads\/2016\/04\/foto-grupal-ANA.jpg\" data-rel=\"lightbox-image-1\" data-rl_title=\"\" data-rl_caption=\"\" title=\"\"><img loading=\"lazy\" decoding=\"async\" aria-describedby=\"caption-attachment-846\" class=\"wp-image-846\" src=\"https:\/\/gerens.pe\/blog\/wp-content\/uploads\/2016\/04\/foto-grupal-ANA-1024x640.jpg\" alt=\"foto-grupal-ANA\" width=\"717\" height=\"448\" srcset=\"https:\/\/gerens.pe\/blog\/wp-content\/uploads\/2016\/04\/foto-grupal-ANA-1024x640.jpg 1024w, https:\/\/gerens.pe\/blog\/wp-content\/uploads\/2016\/04\/foto-grupal-ANA-300x188.jpg 300w, https:\/\/gerens.pe\/blog\/wp-content\/uploads\/2016\/04\/foto-grupal-ANA-768x480.jpg 768w, https:\/\/gerens.pe\/blog\/wp-content\/uploads\/2016\/04\/foto-grupal-ANA-360x225.jpg 360w, https:\/\/gerens.pe\/blog\/wp-content\/uploads\/2016\/04\/foto-grupal-ANA.jpg 1048w\" sizes=\"(max-width: 717px) 100vw, 717px\" \/><\/a><p id=\"caption-attachment-846\" class=\"wp-caption-text\">Visita de campo a la cuenca del r\u00edo Yura &#8211; Arequipa<\/p><\/div>\n<p style=\"text-align: justify;\"><span style=\"font-weight: 400;\">Este diplomado ha permitido acortar la brecha de capacitaci\u00f3n que se requiere en el sector, dado que en la oferta local no existe este tipo de programas para el desarrollo de competencias espec\u00edficas. Esperamos medir el impacto de esta capacitaci\u00f3n en una mejora en la gesti\u00f3n del recurso h\u00eddrico a mediano plazo.<\/span><a href=\"https:\/\/gerens.pe\/blog\/wp-content\/uploads\/2016\/04\/Magdalena-G\u00fcimac.jpg\" data-rel=\"lightbox-image-2\" data-rl_title=\"\" data-rl_caption=\"\" title=\"\"><br \/>\n<\/a><\/p>\n<p style=\"text-align: justify;\"><strong><em>GERENS ofrece diversos programas inhouse y a la medida relacionados con el manejo de recursos h\u00eddricos, como el programa de\u00a0<a href=\"https:\/\/gerens.pe\/educacion-ejecutiva\/gestion-de-los-recursos-de-agua-en-mineria-y-energia\/\">Gesti\u00f3n de los recursos de agua en miner\u00eda y energ\u00eda<\/a>. Si deseas saber m\u00e1s sobre este u otros diplomados, escr\u00edbenos al <a href=\"https:\/\/gerens.pe\/contacto\/\">formulario de contacto<\/a>.<\/em><\/strong><\/p>\n","protected":false},"excerpt":{"rendered":"<p>Testimonio de Magdalena G\u00fcimac Huam\u00e1n, Directora de Gesti\u00f3n del Conocimiento y Coordinaci\u00f3n Interinstitucional de la Autoridad Nacional del Agua \u2013 ANA. El&#8230;<\/p>\n","protected":false},"author":4,"featured_media":898,"comment_status":"open","ping_status":"open","sticky":false,"template":"","format":"standard","meta":{"footnotes":""},"categories":[2],"tags":[187,189,191],"amp_enabled":true,"_links":{"self":[{"href":"https:\/\/gerens.pe\/blog\/wp-json\/wp\/v2\/posts\/842"}],"collection":[{"href":"https:\/\/gerens.pe\/blog\/wp-json\/wp\/v2\/posts"}],"about":[{"href":"https:\/\/gerens.pe\/blog\/wp-json\/wp\/v2\/types\/post"}],"author":[{"embeddable":true,"href":"https:\/\/gerens.pe\/blog\/wp-json\/wp\/v2\/users\/4"}],"replies":[{"embeddable":true,"href":"https:\/\/gerens.pe\/blog\/wp-json\/wp\/v2\/comments?post=842"}],"version-history":[{"count":0,"href":"https:\/\/gerens.pe\/blog\/wp-json\/wp\/v2\/posts\/842\/revisions"}],"wp:featuredmedia":[{"embeddable":true,"href":"https:\/\/gerens.pe\/blog\/wp-json\/wp\/v2\/media\/898"}],"wp:attachment":[{"href":"https:\/\/gerens.pe\/blog\/wp-json\/wp\/v2\/media?parent=842"}],"wp:term":[{"taxonomy":"category","embeddable":true,"href":"https:\/\/gerens.pe\/blog\/wp-json\/wp\/v2\/categories?post=842"},{"taxonomy":"post_tag","embeddable":true,"href":"https:\/\/gerens.pe\/blog\/wp-json\/wp\/v2\/tags?post=842"}],"curies":[{"name":"wp","href":"https:\/\/api.w.org\/{rel}","templated":true}]}}