{"id":8319,"date":"2024-05-08T22:34:41","date_gmt":"2024-05-08T22:34:41","guid":{"rendered":"https:\/\/gerens.pe\/blog\/?p=8319"},"modified":"2024-05-08T22:34:41","modified_gmt":"2024-05-08T22:34:41","slug":"analisis-del-alza-del-precio-del-balon-de-gas-licuado-de-petroleo-glp","status":"publish","type":"post","link":"https:\/\/gerens.pe\/blog\/analisis-del-alza-del-precio-del-balon-de-gas-licuado-de-petroleo-glp\/","title":{"rendered":"An\u00e1lisis del Alza del Precio del Bal\u00f3n de Gas Licuado de Petr\u00f3leo (GLP)"},"content":{"rendered":"<p>El 26 de abril de 2024, el Dr. Arturo V\u00e1squez Cordano,\u00a0Profesor Principal y Director de Investigaci\u00f3n de la Escuela de Postgrado G\u011aRENS, fue entrevistado por la periodista Karina Novoa en su programa \u201cInformamos y Opinamos\u201d de Exitosa Radio y TV, donde abord\u00f3 el preocupante aumento del precio del Gas Licuado de Petr\u00f3leo (GLP) utilizado en el envasado de los balones tanto para uso dom\u00e9stico como comercial. Adem\u00e1s, durante la entrevista, destac\u00f3 la aprobaci\u00f3n de un Decreto Supremo emitido por el Ministerio de Energ\u00eda y Minas (MINEM) en enero de 2024, el cual introduce cambios significativos en la metodolog\u00eda de c\u00e1lculo de los precios de banda del GLP. A continuaci\u00f3n, se resumen los puntos clave discutidos durante esta conversaci\u00f3n.<\/p>\n<p><img loading=\"lazy\" decoding=\"async\" class=\"Gas Licuado de Petr\u00f3leo alignleft wp-image-8320\" title=\"Gas Licuado de Petr\u00f3leo\" src=\"https:\/\/gerens.pe\/blog\/wp-content\/uploads\/2024\/05\/Captura-de-pantalla-2024-05-08-a-las-5.23.18\u202fp.-m.png\" alt=\"\" width=\"794\" height=\"417\" srcset=\"https:\/\/gerens.pe\/blog\/wp-content\/uploads\/2024\/05\/Captura-de-pantalla-2024-05-08-a-las-5.23.18\u202fp.-m.png 1116w, https:\/\/gerens.pe\/blog\/wp-content\/uploads\/2024\/05\/Captura-de-pantalla-2024-05-08-a-las-5.23.18\u202fp.-m-300x158.png 300w, https:\/\/gerens.pe\/blog\/wp-content\/uploads\/2024\/05\/Captura-de-pantalla-2024-05-08-a-las-5.23.18\u202fp.-m-1024x538.png 1024w, https:\/\/gerens.pe\/blog\/wp-content\/uploads\/2024\/05\/Captura-de-pantalla-2024-05-08-a-las-5.23.18\u202fp.-m-768x403.png 768w, https:\/\/gerens.pe\/blog\/wp-content\/uploads\/2024\/05\/Captura-de-pantalla-2024-05-08-a-las-5.23.18\u202fp.-m-360x189.png 360w\" sizes=\"(max-width: 794px) 100vw, 794px\" \/><\/p>\n<p>En enero de 2024, se promulg\u00f3 el Decreto Supremo N\u00b0001-2024-EF sin haber sido precedido por an\u00e1lisis de impacto regulatorio y una prepublicaci\u00f3n para recibir consultas de los interesados. Este decreto introdujo una modificaci\u00f3n sustancial en la metodolog\u00eda de c\u00e1lculo de la banda de precios para el GLP, cambiando la referencia de los l\u00edmites de las bandas del precio de paridad de exportaci\u00f3n al precio de paridad de importaci\u00f3n. Esta modificaci\u00f3n ha generado un aumento significativo en el costo del GLP, reflejado en un incremento de S\/7 por bal\u00f3n entre enero y abril. Adem\u00e1s, con el ajuste adicional realizado por Osinergmin, el precio del bal\u00f3n se elev\u00f3 en S\/2 adicionales. Como resultado, el costo del bal\u00f3n distribuido por las plantas envasadoras a las cadenas minoristas ha experimentado un aumento considerable, impactando directamente en los precios para los consumidores finales.<\/p>\n<p>En el contexto peruano, donde aproximadamente 7 millones de los 10 millones de hogares utilizan GLP para cocinar, y de estos, 3.5 millones se encuentran en situaci\u00f3n de pobreza y pobreza extrema. Actualmente, existe un mecanismo de subvenci\u00f3n conocido como \u00abvale FISE\u00bb, que proporciona un descuento de entre S\/20 y S\/63, dependiendo de la ubicaci\u00f3n geogr\u00e1fica de la familia beneficiaria. Sin embargo, el Dr. V\u00e1squez se\u00f1ala que este programa est\u00e1 asignando menos recursos, lo cual es problem\u00e1tico.<\/p>\n<p>El Plan de Promoci\u00f3n de Energ\u00eda y Minas para el a\u00f1o 2024 revela una reducci\u00f3n en el fondo asignado en lugar de una mayor asignaci\u00f3n de recursos para compensar el aumento en el precio del GLP. Esto plantea un grave problema t\u00e9cnico que no ha sido consultado con los expertos pertinentes. Si el precio del GLP contin\u00faa en su tendencia alcista y no se estabiliza a nivel mayorista, el impacto del vale FISE se ver\u00e1 disminuido. Esta situaci\u00f3n podr\u00eda incentivar el uso de combustibles m\u00e1s contaminantes, como el carb\u00f3n, queroseno, le\u00f1a, entre otros, lo que tendr\u00eda graves repercusiones tanto en el medio ambiente como en la salud p\u00fablica.<\/p>\n<p><img loading=\"lazy\" decoding=\"async\" class=\"Gas Licuado de Petr\u00f3leo aligncenter wp-image-8321\" title=\"Gas Licuado de Petr\u00f3leo\" src=\"https:\/\/gerens.pe\/blog\/wp-content\/uploads\/2024\/05\/Captura-de-pantalla-2024-05-08-a-las-5.23.12\u202fp.-m.png\" alt=\"\" width=\"794\" height=\"419\" srcset=\"https:\/\/gerens.pe\/blog\/wp-content\/uploads\/2024\/05\/Captura-de-pantalla-2024-05-08-a-las-5.23.12\u202fp.-m.png 1118w, https:\/\/gerens.pe\/blog\/wp-content\/uploads\/2024\/05\/Captura-de-pantalla-2024-05-08-a-las-5.23.12\u202fp.-m-300x158.png 300w, https:\/\/gerens.pe\/blog\/wp-content\/uploads\/2024\/05\/Captura-de-pantalla-2024-05-08-a-las-5.23.12\u202fp.-m-1024x540.png 1024w, https:\/\/gerens.pe\/blog\/wp-content\/uploads\/2024\/05\/Captura-de-pantalla-2024-05-08-a-las-5.23.12\u202fp.-m-768x405.png 768w, https:\/\/gerens.pe\/blog\/wp-content\/uploads\/2024\/05\/Captura-de-pantalla-2024-05-08-a-las-5.23.12\u202fp.-m-360x190.png 360w\" sizes=\"(max-width: 794px) 100vw, 794px\" \/><\/p>\n<p>La entrevista completa se encuentra en el <a href=\"https:\/\/cms.imedia.pe\/2024\/04\/26\/entrevista-a-arturo-v-squez-cordano-exviceministro\/71824701\/7881\">siguiente enlace<\/a><\/p>\n<p>Lima, 8 de mayo de 2024<\/p>\n<p>Direcci\u00f3n de Investigaci\u00f3n<\/p>\n<p>Escuela de Posgrado G\u011aRENS<\/p>\n","protected":false},"excerpt":{"rendered":"<p>El 26 de abril de 2024, el Dr. Arturo V\u00e1squez Cordano,\u00a0Profesor Principal y Director de Investigaci\u00f3n de la Escuela de Postgrado G\u011aRENS,&#8230;<\/p>\n","protected":false},"author":2,"featured_media":8323,"comment_status":"open","ping_status":"open","sticky":false,"template":"","format":"standard","meta":{"footnotes":""},"categories":[1],"tags":[],"amp_enabled":true,"_links":{"self":[{"href":"https:\/\/gerens.pe\/blog\/wp-json\/wp\/v2\/posts\/8319"}],"collection":[{"href":"https:\/\/gerens.pe\/blog\/wp-json\/wp\/v2\/posts"}],"about":[{"href":"https:\/\/gerens.pe\/blog\/wp-json\/wp\/v2\/types\/post"}],"author":[{"embeddable":true,"href":"https:\/\/gerens.pe\/blog\/wp-json\/wp\/v2\/users\/2"}],"replies":[{"embeddable":true,"href":"https:\/\/gerens.pe\/blog\/wp-json\/wp\/v2\/comments?post=8319"}],"version-history":[{"count":1,"href":"https:\/\/gerens.pe\/blog\/wp-json\/wp\/v2\/posts\/8319\/revisions"}],"predecessor-version":[{"id":8324,"href":"https:\/\/gerens.pe\/blog\/wp-json\/wp\/v2\/posts\/8319\/revisions\/8324"}],"wp:featuredmedia":[{"embeddable":true,"href":"https:\/\/gerens.pe\/blog\/wp-json\/wp\/v2\/media\/8323"}],"wp:attachment":[{"href":"https:\/\/gerens.pe\/blog\/wp-json\/wp\/v2\/media?parent=8319"}],"wp:term":[{"taxonomy":"category","embeddable":true,"href":"https:\/\/gerens.pe\/blog\/wp-json\/wp\/v2\/categories?post=8319"},{"taxonomy":"post_tag","embeddable":true,"href":"https:\/\/gerens.pe\/blog\/wp-json\/wp\/v2\/tags?post=8319"}],"curies":[{"name":"wp","href":"https:\/\/api.w.org\/{rel}","templated":true}]}}