{"id":8230,"date":"2024-04-03T20:19:50","date_gmt":"2024-04-03T20:19:50","guid":{"rendered":"https:\/\/gerens.pe\/blog\/?p=8230"},"modified":"2024-04-09T21:53:31","modified_gmt":"2024-04-09T21:53:31","slug":"sector-hace-investigacion-permanente-para-reducir-huella-hidrica","status":"publish","type":"post","link":"https:\/\/gerens.pe\/blog\/sector-hace-investigacion-permanente-para-reducir-huella-hidrica\/","title":{"rendered":"Sector hace investigaci\u00f3n permanente para reducir huella h\u00eddrica"},"content":{"rendered":"<h2 style=\"text-align: center;\">Sector hace investigaci\u00f3n permanente para reducir huella h\u00eddrica<\/h2>\n<h3 style=\"text-align: center;\">\u00abSin agua no habr\u00eda producci\u00f3n ni recuperaci\u00f3n de metales\u00bb<\/h3>\n<p>En la clausura del Water Week Per\u00fa 2024, desarrollado del 18 al 20 de marzo en la Universidad Nacional Agraria La Molina, el ministro de Energ\u00eda y Minas, R\u00f3mulo Mucho sostuvo que sin agua no hay producci\u00f3n de minerales ni recuperaci\u00f3n de metales porque este recurso es fundamental para los procesos mineros y metal\u00fargicos.<\/p>\n<p>\u201cEn el sector, especialmente en el vecino pa\u00eds del sur, hay una investigaci\u00f3n enorme y profunda para reducir la huella h\u00eddrica y cada a\u00f1o se habla de 0.57 o 0.56 metros c\u00fabicos por tonelada tratada de mineral, indicador que ayuda a proyectar cu\u00e1nta agua se necesitar\u00e1 hoy que el cambio clim\u00e1tico es una realidad y est\u00e1 afectando al planeta\u201d, explic\u00f3.<\/p>\n<p style=\"text-align: center;\"><img loading=\"lazy\" decoding=\"async\" class=\"huella h\u00eddrica aligncenter wp-image-8232\" title=\"huella h\u00eddrica\" src=\"https:\/\/gerens.pe\/blog\/wp-content\/uploads\/2024\/04\/Captura-de-pantalla-2024-04-03-a-las-2.51.36\u202fp.-m..png\" alt=\"huella h\u00eddrica\" width=\"639\" height=\"382\" srcset=\"https:\/\/gerens.pe\/blog\/wp-content\/uploads\/2024\/04\/Captura-de-pantalla-2024-04-03-a-las-2.51.36\u202fp.-m..png 726w, https:\/\/gerens.pe\/blog\/wp-content\/uploads\/2024\/04\/Captura-de-pantalla-2024-04-03-a-las-2.51.36\u202fp.-m.-300x179.png 300w, https:\/\/gerens.pe\/blog\/wp-content\/uploads\/2024\/04\/Captura-de-pantalla-2024-04-03-a-las-2.51.36\u202fp.-m.-360x215.png 360w\" sizes=\"(max-width: 639px) 100vw, 639px\" \/><em>Vinio Floris, Jos\u00e9 De Pi\u00e9rola, R\u00f3mulo Mucho, Am\u00e9rico<\/em><br \/>\n<em>Guevara y Jimena Sologuren.<\/em><\/p>\n<p>En ese contexto, destac\u00f3 la gesti\u00f3n de los recursos h\u00eddricos que se realiza en el valle de Copiap\u00f3 (Chile), que Sin agua no habr\u00eda producci\u00f3n ni recuperaci\u00f3n de metales Sector hace investigaci\u00f3n permanente para reducir huella h\u00eddrica Noticias Mineras Vinio Floris, Jos\u00e9 De Pi\u00e9rola, R\u00f3mulo Mucho, Am\u00e9rico Guevara y Jimena Sologuren. A\u00d1O 5 &#8211; N\u00ba 202 \/ MARZO 2024 17 es una zona minera y agr\u00edcola, donde opera la mina La Candelaria, y en la que se trata el \u00edntegro del agua \u201cni una gota llega al mar\u201d, lo que les permite tambi\u00e9n ser altamente agroexportadores.<\/p>\n<p>Por su parte, el presidente de Water Week Per\u00fa 2024, Jos\u00e9 De Pi\u00e9rola afirm\u00f3 que en el pa\u00eds todav\u00eda hay muchas cosas por hacer para tener un manejo adecuado del agua y esta sea aprovechada tanto para la industria como para la poblaci\u00f3n.<\/p>\n<p>\u201cSi bien existen avances y esfuerzos en industrias como la miner\u00eda, agricultura y saneamiento, esto no es a\u00fan suficiente por la falta de institucionalidad y voluntad pol\u00edtica en algunos casos\u201d, remarc\u00f3.<\/p>\n<p style=\"text-align: center;\"><img loading=\"lazy\" decoding=\"async\" class=\"aligncenter wp-image-8231 size-full\" title=\"huella h\u00eddrica\" src=\"https:\/\/gerens.pe\/blog\/wp-content\/uploads\/2024\/04\/Captura-de-pantalla-2024-04-03-a-las-2.51.42\u202fp.-m..png\" alt=\"huella h\u00eddrica\" width=\"548\" height=\"404\" srcset=\"https:\/\/gerens.pe\/blog\/wp-content\/uploads\/2024\/04\/Captura-de-pantalla-2024-04-03-a-las-2.51.42\u202fp.-m..png 548w, https:\/\/gerens.pe\/blog\/wp-content\/uploads\/2024\/04\/Captura-de-pantalla-2024-04-03-a-las-2.51.42\u202fp.-m.-300x221.png 300w, https:\/\/gerens.pe\/blog\/wp-content\/uploads\/2024\/04\/Captura-de-pantalla-2024-04-03-a-las-2.51.42\u202fp.-m.-360x265.png 360w\" sizes=\"(max-width: 548px) 100vw, 548px\" \/><em>Vinio Floris, Jos\u00e9 De Pi\u00e9rola, R\u00f3mulo Mucho, Am\u00e9rico<\/em><br \/>\n<em>Guevara y Jimena Sologuren.<\/em><\/p>\n<p>A su turno, la presidenta de<a href=\"https:\/\/perumin.com\/perumin37\/public\/es\"> PERUMIN 37<\/a>, Jimena Sologuren enfatiz\u00f3 que el sector minero est\u00e1 muy pendiente del uso eficiente y cuidado del agua. Asimismo, se\u00f1al\u00f3 que entre las 30 empresas que poseen la Certificaci\u00f3n Azul de la Autoridad Nacional del Agua, se puede encontrar a varias compa\u00f1\u00edas mineras, lo que evidencia el compromiso del sector con la eficiencia h\u00eddrica.<\/p>\n<p>\u201c\u00bfQu\u00e9 me llevo de Water Week? El Per\u00fa como siempre me hace sentir muy orgullosa. Somos un pa\u00eds diverso y tenemos un vasto potencial en recursos h\u00eddricos, mineros y agr\u00edcolas. \u00bfQu\u00e9 nos falta para poder sacar adelante todo este potencial y tener mayor desarrollo? Nos falta una gesti\u00f3n m\u00e1s eficaz para aprovechar estos recursos de manera sostenible y beneficiosa para el pa\u00eds\u201d, manifest\u00f3.<\/p>\n","protected":false},"excerpt":{"rendered":"<p>Sector hace investigaci\u00f3n permanente para reducir huella h\u00eddrica \u00abSin agua no habr\u00eda producci\u00f3n ni recuperaci\u00f3n de metales\u00bb En la clausura del Water&#8230;<\/p>\n","protected":false},"author":2,"featured_media":8232,"comment_status":"open","ping_status":"open","sticky":false,"template":"","format":"standard","meta":{"footnotes":""},"categories":[724,1],"tags":[],"amp_enabled":true,"_links":{"self":[{"href":"https:\/\/gerens.pe\/blog\/wp-json\/wp\/v2\/posts\/8230"}],"collection":[{"href":"https:\/\/gerens.pe\/blog\/wp-json\/wp\/v2\/posts"}],"about":[{"href":"https:\/\/gerens.pe\/blog\/wp-json\/wp\/v2\/types\/post"}],"author":[{"embeddable":true,"href":"https:\/\/gerens.pe\/blog\/wp-json\/wp\/v2\/users\/2"}],"replies":[{"embeddable":true,"href":"https:\/\/gerens.pe\/blog\/wp-json\/wp\/v2\/comments?post=8230"}],"version-history":[{"count":12,"href":"https:\/\/gerens.pe\/blog\/wp-json\/wp\/v2\/posts\/8230\/revisions"}],"predecessor-version":[{"id":8244,"href":"https:\/\/gerens.pe\/blog\/wp-json\/wp\/v2\/posts\/8230\/revisions\/8244"}],"wp:featuredmedia":[{"embeddable":true,"href":"https:\/\/gerens.pe\/blog\/wp-json\/wp\/v2\/media\/8232"}],"wp:attachment":[{"href":"https:\/\/gerens.pe\/blog\/wp-json\/wp\/v2\/media?parent=8230"}],"wp:term":[{"taxonomy":"category","embeddable":true,"href":"https:\/\/gerens.pe\/blog\/wp-json\/wp\/v2\/categories?post=8230"},{"taxonomy":"post_tag","embeddable":true,"href":"https:\/\/gerens.pe\/blog\/wp-json\/wp\/v2\/tags?post=8230"}],"curies":[{"name":"wp","href":"https:\/\/api.w.org\/{rel}","templated":true}]}}