{"id":8121,"date":"2024-02-14T23:19:14","date_gmt":"2024-02-14T23:19:14","guid":{"rendered":"https:\/\/gerens.pe\/blog\/?p=8121"},"modified":"2024-02-16T20:40:14","modified_gmt":"2024-02-16T20:40:14","slug":"petroperu-en-el-centro-del-debate-desafios-y-decisiones","status":"publish","type":"post","link":"https:\/\/gerens.pe\/blog\/petroperu-en-el-centro-del-debate-desafios-y-decisiones\/","title":{"rendered":"Petroper\u00fa en el centro del debate: desaf\u00edos y decisiones con relaci\u00f3n a la reestructuraci\u00f3n de su gobierno corporativo y gesti\u00f3n financiera"},"content":{"rendered":"<p>En una reciente realizada el d\u00eda 5 de febrero de 2024 por el periodista <strong><b>Jos\u00e9 Hern\u00e1ndez<\/b><\/strong>\u00a0de RCR Per\u00fa al <strong><b>Dr. Arturo V\u00e1squez Cordano<\/b><\/strong>, Profesor Principal y Director de Investigaci\u00f3n de la Escuela de Postgrado G\u011aRENS, se abord\u00f3 la preocupante situaci\u00f3n financiera de Petroper\u00fa y las decisiones tomadas por el Gobierno. A continuaci\u00f3n, se detallan los principales puntos discutidos en dicha entrevista.<\/p>\n<p><strong>Recomposici\u00f3n de la junta de accionistas: Un paso inicial<\/strong><\/p>\n<p>El Dr. V\u00e1squez manifest\u00f3 su preocupaci\u00f3n con respecto a la recomposici\u00f3n de la Junta General de Accionistas de Petroper\u00fa, describi\u00e9ndola como un paso inicial positivo, pero insuficiente. Se\u00f1al\u00f3 que la persistente politizaci\u00f3n en el proceso de toma de decisiones dificulta la b\u00fasqueda de soluciones efectivas para la empresa estatal.<\/p>\n<p>Con la participaci\u00f3n m\u00e1s activa del Ministerio de Econom\u00eda y Finanzas, que ha aumentado del 40% al 60%, se espera que se adopten medidas para moderar las iniciativas populistas y realizar un adecuado control del gasto fiscal que involucre cualquier medida de salvataje a esta empresa. El objetivo es prevenir decisiones err\u00f3neas que puedan agravar la situaci\u00f3n actual de Petroper\u00fa y deteriorar a\u00fan m\u00e1s la cr\u00edtica situaci\u00f3n del d\u00e9ficit fiscal de la naci\u00f3n.<\/p>\n<p><strong>Intervenci\u00f3n del Gobierno: Reprogramar, no capitalizar<\/strong><\/p>\n<p>La intervenci\u00f3n gubernamental del Estado en la empresa es analizada con detalle en esta entrevista. Se plantea la preocupaci\u00f3n de que la reprogramaci\u00f3n de la deuda, en lugar de su capitalizaci\u00f3n, y las solicitudes de rescate financiero puedan convertirse en un \u00abbola de nieve\u00bb o en un \u201ccarrusel financiero\u201d. El Dr. V\u00e1squez indic\u00f3 que existen dos l\u00edneas de cr\u00e9dito otorgadas a Petroper\u00fa por parte del Estado: (i) un pr\u00e9stamo de US$ 750 millones y documentos cancelatorios del Tesoro P\u00fablico para el pago de importaciones de crudo y combustibles otorgados por el Ministerio de Econom\u00eda y Finanzas (MEF), los cuales fueron concedidos durante el gobierno del expresidente Pedro Castillo mediante el <a href=\"https:\/\/busquedas.elperuano.pe\/dispositivo\/NL\/2066591-1\"><u>Decreto de Urgencia 010-2022<\/u><\/a>; y (ii) cartas de garant\u00eda autorizadas por el MEF a trav\u00e9s del <a href=\"https:\/\/busquedas.elperuano.pe\/dispositivo\/NL\/2119046-1\"><u>Decreto de Urgencia 023-2022<\/u><\/a>\u00a0para la importaci\u00f3n de petr\u00f3leo y otros combustibles refinados, gestionadas a trav\u00e9s del Banco de la Naci\u00f3n por US$ 500 millones. La preocupaci\u00f3n central sobre estos cr\u00e9ditos con garant\u00eda respaldada por el Tesoro P\u00fablico radica en que este carrusel podr\u00eda mantener a Petroper\u00fa dependiendo de recursos fiscales sin abordar sus problemas fundamentales de insolvencia, as\u00ed como podr\u00eda generar un forado fiscal para el Tesoro en caso Petroper\u00fa incumpla con el pago de estos cr\u00e9ditos.<\/p>\n<p><strong>Petroper\u00fa: \u00bfEmpresa estrat\u00e9gica o carga financiera para el fisco?<\/strong><\/p>\n<p>El Dr. V\u00e1squez cuestion\u00f3 tambi\u00e9n la denominaci\u00f3n de Petroper\u00fa como empresa estrat\u00e9gica, subrayando que su eventual quiebra no representar\u00eda un riesgo significativo para el suministro de combustibles del pa\u00eds, dada la considerable reducci\u00f3n en su participaci\u00f3n de mercado (s\u00f3lo abastece, en promedio, el 25% del mercado nacional). En este sentido, ante una posible salida de Petroper\u00fa del mercado, el sector privado podr\u00eda cubrir f\u00e1cilmente la brecha de producci\u00f3n e importaci\u00f3n de combustibles de esta empresa en pocos d\u00edas. Se destaca la urgencia de explorar alternativas m\u00e1s sensatas para resolver la cr\u00edtica situaci\u00f3n de Petroper\u00fa, como una reestructuraci\u00f3n integral de la empresa a trav\u00e9s de un proceso concursal ante Indecopi.<\/p>\n<p><strong>Conflicto de Inter\u00e9s en relaci\u00f3n con la gesti\u00f3n de Petroper\u00fa<\/strong><\/p>\n<p>Otro punto que se abord\u00f3 en la entrevista es el conflicto de intereses del actual Ministro de Energ\u00eda y Minas, quien se encuentra con licencia de trabajo en Petroper\u00fa. El Dr. V\u00e1zquez reflexion\u00f3 sobre la problem\u00e1tica de la captura regulatoria que se viene evidenciando por parte de Petroper\u00fa en organismos como Per\u00fapetro y el propio Ministerio de Energ\u00eda y Minas debido a esta situaci\u00f3n. Asimismo, enfatiz\u00f3 que es necesario establecer un enfoque transparente y despolitizado de la gesti\u00f3n de Petroper\u00fa para que esta empresa pueda empezar a salir de su delicada situaci\u00f3n financiera. Adicionalmente, se advirti\u00f3 sobre el riesgo de que las medidas anunciadas por el Gobierno puedan servir como distracci\u00f3n en la opini\u00f3n p\u00fablica, las cuales conduzcan finalmente al rescate financiero total solicitado por el directorio de Petroper\u00fa (que bordea los US$ 3,000 millones) sin abordar sus problemas estructurales de gobierno corporativo y gesti\u00f3n financiera.<\/p>\n<p><strong>Necesidad de mejorar la asignaci\u00f3n de los recursos del Tesoro P\u00fablico<\/strong><\/p>\n<p>Para finalizar, en la entrevista el Dr. V\u00e1squez toc\u00f3 tambi\u00e9n el tema crucial de la asignaci\u00f3n de los recursos fiscales del Tesoro P\u00fablico, se\u00f1alando que la situaci\u00f3n actual de Petroper\u00fa deber\u00eda hacer reflexionar a las autoridades sobre la necesidad de redirigir estos recursos hacia objetivos de pol\u00edtica p\u00fablica m\u00e1s apremiantes para la sociedad peruana. En particular, destac\u00f3 que, en lugar de gastar los escasos y valiosos recursos del Tesoro en una empresa mal gestionada y en situaci\u00f3n de quiebra, se deber\u00edan atender con estos recursos fiscales las inversiones clave para mejorar los niveles de seguridad ciudadana, el cual es el principal problema que afecta a la ciudadan\u00eda de acuerdo con las \u00faltimas encuestas de opini\u00f3n.<\/p>\n<p>Adem\u00e1s, el Dr. V\u00e1squez advirti\u00f3 sobre el alto costo de oportunidad que implica seguir canalizando recursos hacia Petroper\u00fa, subrayando la importancia de considerar alternativas que beneficien directamente a la poblaci\u00f3n. Propuso que, en lugar de inyectar m\u00e1s fondos a una empresa insolvente, se deber\u00eda explorar la posibilidad de invertir los recursos p\u00fablicos en proyectos que impacten positivamente en la calidad de vida de las personas, como aquellos que se desarrollan en los sectores de salud, educaci\u00f3n e infraestructura de transportes.<\/p>\n<p><img loading=\"lazy\" decoding=\"async\" class=\"size-full wp-image-8122 aligncenter\" src=\"https:\/\/gerens.pe\/blog\/wp-content\/uploads\/2024\/02\/Captura-de-pantalla-2024-02-14-a-las-18.18.15.png\" alt=\"\" width=\"720\" height=\"362\" srcset=\"https:\/\/gerens.pe\/blog\/wp-content\/uploads\/2024\/02\/Captura-de-pantalla-2024-02-14-a-las-18.18.15.png 720w, https:\/\/gerens.pe\/blog\/wp-content\/uploads\/2024\/02\/Captura-de-pantalla-2024-02-14-a-las-18.18.15-300x151.png 300w, https:\/\/gerens.pe\/blog\/wp-content\/uploads\/2024\/02\/Captura-de-pantalla-2024-02-14-a-las-18.18.15-360x181.png 360w\" sizes=\"(max-width: 720px) 100vw, 720px\" \/><\/p>\n<p>El enlace a la entrevista se encuentra disponible <a href=\"https:\/\/www.youtube.com\/watch?v=cgqLS5VmesU\" data-rel=\"lightbox-video-0\">aqu\u00ed<\/a><\/p>\n","protected":false},"excerpt":{"rendered":"<p>En una reciente realizada el d\u00eda 5 de febrero de 2024 por el periodista Jos\u00e9 Hern\u00e1ndez\u00a0de RCR Per\u00fa al Dr. Arturo V\u00e1squez&#8230;<\/p>\n","protected":false},"author":2,"featured_media":8144,"comment_status":"open","ping_status":"open","sticky":false,"template":"","format":"standard","meta":{"footnotes":""},"categories":[1],"tags":[],"amp_enabled":true,"_links":{"self":[{"href":"https:\/\/gerens.pe\/blog\/wp-json\/wp\/v2\/posts\/8121"}],"collection":[{"href":"https:\/\/gerens.pe\/blog\/wp-json\/wp\/v2\/posts"}],"about":[{"href":"https:\/\/gerens.pe\/blog\/wp-json\/wp\/v2\/types\/post"}],"author":[{"embeddable":true,"href":"https:\/\/gerens.pe\/blog\/wp-json\/wp\/v2\/users\/2"}],"replies":[{"embeddable":true,"href":"https:\/\/gerens.pe\/blog\/wp-json\/wp\/v2\/comments?post=8121"}],"version-history":[{"count":2,"href":"https:\/\/gerens.pe\/blog\/wp-json\/wp\/v2\/posts\/8121\/revisions"}],"predecessor-version":[{"id":8124,"href":"https:\/\/gerens.pe\/blog\/wp-json\/wp\/v2\/posts\/8121\/revisions\/8124"}],"wp:featuredmedia":[{"embeddable":true,"href":"https:\/\/gerens.pe\/blog\/wp-json\/wp\/v2\/media\/8144"}],"wp:attachment":[{"href":"https:\/\/gerens.pe\/blog\/wp-json\/wp\/v2\/media?parent=8121"}],"wp:term":[{"taxonomy":"category","embeddable":true,"href":"https:\/\/gerens.pe\/blog\/wp-json\/wp\/v2\/categories?post=8121"},{"taxonomy":"post_tag","embeddable":true,"href":"https:\/\/gerens.pe\/blog\/wp-json\/wp\/v2\/tags?post=8121"}],"curies":[{"name":"wp","href":"https:\/\/api.w.org\/{rel}","templated":true}]}}