{"id":8060,"date":"2024-01-22T16:57:28","date_gmt":"2024-01-22T16:57:28","guid":{"rendered":"https:\/\/gerens.pe\/blog\/?p=8060"},"modified":"2024-01-22T17:06:01","modified_gmt":"2024-01-22T17:06:01","slug":"clausura-del-programa-de-administracion-en-mineria-para-el-equipo-de-lideres-de-minera-veta-dorada","status":"publish","type":"post","link":"https:\/\/gerens.pe\/blog\/clausura-del-programa-de-administracion-en-mineria-para-el-equipo-de-lideres-de-minera-veta-dorada\/","title":{"rendered":"Clausura del\u00a0Programa de Administraci\u00f3n en Miner\u00eda para el equipo de l\u00edderes de Minera Veta Dorada"},"content":{"rendered":"<p>En diciembre del 2023 se desarroll\u00f3 la clausura del\u00a0<strong><b>Programa de Administraci\u00f3n en Miner\u00eda\u00a0<\/b><\/strong>ofrecido para el equipo de l\u00edderes de Minera Veta Dorada, empresa que forma parte del grupo Dynacor. La totalidad de las sesiones de este programa se llevaron a cabo en la modalidad de educaci\u00f3n a distancia sincr\u00f3nica, y la ceremonia de clausura se realiz\u00f3 de forma h\u00edbrida, donde la mayor\u00eda de los participantes tuvo la oportunidad de visitar por primera vez las instalaciones de la Escuela de Postgrado G\u011aRENS.<\/p>\n<p>Durante el programa se cumpli\u00f3 con el objetivo de contribuir a desarrollar un grupo de competencias de gesti\u00f3n clave en los gerentes y l\u00edderes de la empresa, necesarias para la toma de decisiones con un enfoque integrador en la organizaci\u00f3n: visi\u00f3n estrat\u00e9gica del negocio y sus operaciones, fundamentos econ\u00f3micos, financieros, comerciales y operativos en la industria minera, gesti\u00f3n del talento y liderazgo. Una caracter\u00edstica central de este programa fue retar a los participantes<\/p>\n<p>a desarrollar m\u00faltiples trabajos para pasar de la teor\u00eda a la pr\u00e1ctica, incluyendo la formulaci\u00f3n de 4 proyectos grupales donde aplicaron lo aprendido para proponer iniciativas de mejora en la gesti\u00f3n de la empresa.<\/p>\n<p><img loading=\"lazy\" decoding=\"async\" class=\"wp-image-8062 alignleft\" src=\"https:\/\/gerens.pe\/blog\/wp-content\/uploads\/2024\/01\/WhatsApp-Image-2024-01-22-at-11.51.34.jpeg\" alt=\"\" width=\"567\" height=\"378\" srcset=\"https:\/\/gerens.pe\/blog\/wp-content\/uploads\/2024\/01\/WhatsApp-Image-2024-01-22-at-11.51.34.jpeg 1600w, https:\/\/gerens.pe\/blog\/wp-content\/uploads\/2024\/01\/WhatsApp-Image-2024-01-22-at-11.51.34-300x200.jpeg 300w, https:\/\/gerens.pe\/blog\/wp-content\/uploads\/2024\/01\/WhatsApp-Image-2024-01-22-at-11.51.34-768x512.jpeg 768w, https:\/\/gerens.pe\/blog\/wp-content\/uploads\/2024\/01\/WhatsApp-Image-2024-01-22-at-11.51.34-1024x682.jpeg 1024w, https:\/\/gerens.pe\/blog\/wp-content\/uploads\/2024\/01\/WhatsApp-Image-2024-01-22-at-11.51.34-360x240.jpeg 360w\" sizes=\"(max-width: 567px) 100vw, 567px\" \/><\/p>\n<p>La bienvenida a la ceremonia la realiz\u00f3 el Dr. Armando Gallegos Monteagudo, Rector de la Escuela de Postgrado G\u011aRENS, y se cont\u00f3 con la asistencia del Sr. Jean Martineau, CEO de Dynacor, el Sr. Jorge Luis C\u00e1rdenas, Vicepresidente de Operaciones de Dynacor, as\u00ed como de directores y gerentes invitados de la empresa, quienes acompa\u00f1aron a los participantes del programa en este evento.<\/p>\n<p>Como \u00faltima actividad acad\u00e9mica del programa, en la ceremonia se ofreci\u00f3 una charla magistral a cargo del Dr. Arturo V\u00e1squez, Director de Investigaci\u00f3n y Profesor Principal de la Escuela de Postgrado, qui\u00e9n present\u00f3 a los participantes una visi\u00f3n comprensiva y prospectiva sobre los \u201cmetales cr\u00edticos y su rol en el proceso de transici\u00f3n energ\u00e9tica a nivel global\u00bb. Este fue un espacio para la reflexi\u00f3n sobre la importancia de la industria minera y su estrecha relaci\u00f3n con los retos estrat\u00e9gicos que el Per\u00fa y el mundo enfrentar\u00e1n en los pr\u00f3ximos a\u00f1os.<\/p>\n<p>Posteriormente, se realiz\u00f3 la entrega de los certificados a todos los participantes que completaron satisfactoriamente el programa, reconociendo el compromiso y dedicaci\u00f3n que han mostrado a lo largo de su proceso de aprendizaje sin dejar de cumplir con sus responsabilidades laborales. Se desarroll\u00f3 un espacio de reconocimiento especial a los profesionales que ocuparon los primeros puestos en el orden de m\u00e9rito por desempe\u00f1o acad\u00e9mico.<\/p>\n<p>En representaci\u00f3n de los participantes del programa, el Ing. Grover Jim\u00e9nez brind\u00f3 unas palabras en las que resalt\u00f3 el impacto que hab\u00edan generado las sesiones y el esfuerzo desplegado por este grupo de ejecutivos para aprovechar lo aprendido en las labores del d\u00eda a d\u00eda en la empresa. La Escuela de Postgrado <a href=\"https:\/\/gerens.pe\/\">G\u011aRENS<\/a> agradece la confianza y reconoce el esfuerzo de Dynacor para promover el desarrollo de su equipo humano.<\/p>\n<p>&nbsp;<\/p>\n<p><img loading=\"lazy\" decoding=\"async\" class=\"wp-image-8063 aligncenter\" src=\"https:\/\/gerens.pe\/blog\/wp-content\/uploads\/2024\/01\/WhatsApp-Image-2024-01-22-at-11.51.35.jpeg\" alt=\"\" width=\"1085\" height=\"723\" srcset=\"https:\/\/gerens.pe\/blog\/wp-content\/uploads\/2024\/01\/WhatsApp-Image-2024-01-22-at-11.51.35.jpeg 1600w, https:\/\/gerens.pe\/blog\/wp-content\/uploads\/2024\/01\/WhatsApp-Image-2024-01-22-at-11.51.35-300x200.jpeg 300w, https:\/\/gerens.pe\/blog\/wp-content\/uploads\/2024\/01\/WhatsApp-Image-2024-01-22-at-11.51.35-768x512.jpeg 768w, https:\/\/gerens.pe\/blog\/wp-content\/uploads\/2024\/01\/WhatsApp-Image-2024-01-22-at-11.51.35-1024x682.jpeg 1024w, https:\/\/gerens.pe\/blog\/wp-content\/uploads\/2024\/01\/WhatsApp-Image-2024-01-22-at-11.51.35-360x240.jpeg 360w\" sizes=\"(max-width: 1085px) 100vw, 1085px\" \/><\/p>\n","protected":false},"excerpt":{"rendered":"<p>En diciembre del 2023 se desarroll\u00f3 la clausura del\u00a0Programa de Administraci\u00f3n en Miner\u00eda\u00a0ofrecido para el equipo de l\u00edderes de Minera Veta Dorada,&#8230;<\/p>\n","protected":false},"author":2,"featured_media":8061,"comment_status":"open","ping_status":"open","sticky":false,"template":"","format":"standard","meta":{"footnotes":""},"categories":[1],"tags":[],"amp_enabled":true,"_links":{"self":[{"href":"https:\/\/gerens.pe\/blog\/wp-json\/wp\/v2\/posts\/8060"}],"collection":[{"href":"https:\/\/gerens.pe\/blog\/wp-json\/wp\/v2\/posts"}],"about":[{"href":"https:\/\/gerens.pe\/blog\/wp-json\/wp\/v2\/types\/post"}],"author":[{"embeddable":true,"href":"https:\/\/gerens.pe\/blog\/wp-json\/wp\/v2\/users\/2"}],"replies":[{"embeddable":true,"href":"https:\/\/gerens.pe\/blog\/wp-json\/wp\/v2\/comments?post=8060"}],"version-history":[{"count":1,"href":"https:\/\/gerens.pe\/blog\/wp-json\/wp\/v2\/posts\/8060\/revisions"}],"predecessor-version":[{"id":8064,"href":"https:\/\/gerens.pe\/blog\/wp-json\/wp\/v2\/posts\/8060\/revisions\/8064"}],"wp:featuredmedia":[{"embeddable":true,"href":"https:\/\/gerens.pe\/blog\/wp-json\/wp\/v2\/media\/8061"}],"wp:attachment":[{"href":"https:\/\/gerens.pe\/blog\/wp-json\/wp\/v2\/media?parent=8060"}],"wp:term":[{"taxonomy":"category","embeddable":true,"href":"https:\/\/gerens.pe\/blog\/wp-json\/wp\/v2\/categories?post=8060"},{"taxonomy":"post_tag","embeddable":true,"href":"https:\/\/gerens.pe\/blog\/wp-json\/wp\/v2\/tags?post=8060"}],"curies":[{"name":"wp","href":"https:\/\/api.w.org\/{rel}","templated":true}]}}