{"id":8046,"date":"2024-01-19T15:43:35","date_gmt":"2024-01-19T15:43:35","guid":{"rendered":"https:\/\/gerens.pe\/blog\/?p=8046"},"modified":"2024-02-12T20:05:07","modified_gmt":"2024-02-12T20:05:07","slug":"mas-del-50-de-la-superficie-glaciar-en-el-peru-ha-desaparecido","status":"publish","type":"post","link":"https:\/\/gerens.pe\/blog\/mas-del-50-de-la-superficie-glaciar-en-el-peru-ha-desaparecido\/","title":{"rendered":"M\u00e1s del 50% de la superficie glaciar en el Per\u00fa ha desaparecido"},"content":{"rendered":"<p>El integrante del comit\u00e9 organizador del Water Week Per\u00fa 2024 y\u00a0miembro de la Asociaci\u00f3n Peruana de Ingenier\u00eda Hidr\u00e1ulica y Ambiental\u00a0(APIHA), Dr. Vinio Floris, manifest\u00f3 que por encima del 50% de la\u00a0superficie glaciar del Per\u00fa ha desaparecido en menos de los \u00faltimos 60\u00a0a\u00f1os. Un reciente estudio revela que solamente entre los a\u00f1os 2016-\u00a02020, 175 de ellos se desvanecieron completamente. Advirti\u00f3 asimismo\u00a0que el remanente posee el alto riesgo de extinguirse en las pr\u00f3ximas\u00a0d\u00e9cadas producto del calentamiento global.<\/p>\n<p><img loading=\"lazy\" decoding=\"async\" class=\"superficie alignleft wp-image-8048\" title=\"superficie\" src=\"https:\/\/gerens.pe\/blog\/wp-content\/uploads\/2024\/01\/Captura-de-pantalla-2024-01-19-a-las-10.35.37.png\" alt=\"superficie\" width=\"520\" height=\"357\" srcset=\"https:\/\/gerens.pe\/blog\/wp-content\/uploads\/2024\/01\/Captura-de-pantalla-2024-01-19-a-las-10.35.37.png 830w, https:\/\/gerens.pe\/blog\/wp-content\/uploads\/2024\/01\/Captura-de-pantalla-2024-01-19-a-las-10.35.37-300x206.png 300w, https:\/\/gerens.pe\/blog\/wp-content\/uploads\/2024\/01\/Captura-de-pantalla-2024-01-19-a-las-10.35.37-768x527.png 768w, https:\/\/gerens.pe\/blog\/wp-content\/uploads\/2024\/01\/Captura-de-pantalla-2024-01-19-a-las-10.35.37-360x247.png 360w\" sizes=\"(max-width: 520px) 100vw, 520px\" \/><\/p>\n<p>El especialista mostr\u00f3 su preocupaci\u00f3n al indicar que los hielos son m\u00e1s d\u00e9biles y se disuelven con facilidad lo que generar\u00e1 que las comunidades que reciben este recurso h\u00eddrico con fines de consumo poblacional y agr\u00edcolas se vean afectadas incluso, empresas de agua y saneamiento (como SEDAPAL) y otras actividades tambi\u00e9n se podr\u00edan perjudicar. \u201cEl futuro se vislumbra preocupante, adverso y hay que actuar con celeridad a\u00f1os antes\u201d, refiri\u00f3.<\/p>\n<p>Este escenario clim\u00e1tico ha cambiado la hidrolog\u00eda de nuestra zona. \u201cExist\u00eda la teor\u00eda de que el comportamiento hidrol\u00f3gico pasado se replica en el futuro. Ya no es as\u00ed porque se han incorporado otros elementos que hacen que las precipitaciones y descargas en su magnitud y frecuencia sean diferentes a la del pasado y eso impacta de manera significativa en la dimensi\u00f3n y operaci\u00f3n de infraestructura que se tiene (o se planea tener)\u201d, puntualiz\u00f3.<\/p>\n<h3><strong>Recurso<\/strong><strong>\u00a0<\/strong><strong>h\u00eddrico<\/strong><strong>\u00a0<\/strong><strong>en<\/strong><strong>\u00a0<\/strong><strong>el<\/strong><strong>\u00a0<\/strong><strong>Per\u00fa<\/strong><\/h3>\n<p>El Dr. Floris lament\u00f3 que en el pa\u00eds exista una gran brecha entre las normas o regulaciones existentes y lo que realmente se hace. Indic\u00f3 que muchas empresas que brindan el servicio de agua y saneamiento se encuentran financieramente quebradas, con una infraestructura innecesaria y personal no capacitado. \u201cEl inmenso caudal de aguas residuales vertidas son arrojadas a cuerpos de agua con escaso (y\/o inapropiado) o ning\u00fan tratamiento. Estas aguas son altamente contaminadas produjo del arrojo de residuos s\u00f3lidos y l\u00edquidos que vienen de diferentes organizaciones como actividades comerciales, centros hospitalarios, etc.; todo va a los r\u00edos, lagunas, cuerpos de aguas y es un peligro de salud lamentable para todas las comunidades aleda\u00f1as (am\u00e9n del perjuicio ambiental)\u201d, enfatiz\u00f3.<\/p>\n<p>Agreg\u00f3 que la Autoridad Nacional del Agua (ANA) es el ente rector\u00a0t\u00e9cnico y normativo que da las pautas para su apropiada gesti\u00f3n. Pero\u00a0existen\u00a0muchos\u00a0otros\u00a0actores\u00a0que\u00a0est\u00e1n\u00a0involucrados\u00a0en\u00a0su\u00a0gesti\u00f3n como las autoridades sectoriales, empresas p\u00fablicas y privadas,\u00a0sociedad civil y otros estamentos que est\u00e1n involucrados en su gesti\u00f3n\u00a0integrada que deben ordenarse.<\/p>\n<h3><strong>La<\/strong><strong>\u00a0<\/strong><strong>participaci\u00f3n<\/strong><strong>\u00a0<\/strong><strong>de<\/strong><strong>\u00a0<\/strong><strong>las<\/strong><strong>\u00a0<\/strong><strong>comunidades<\/strong><\/h3>\n<p>Se\u00f1al\u00f3\u00a0que\u00a0el\u00a0concepto\u00a0de\u00a0recurso\u00a0h\u00eddrico\u00a0(versus\u00a0el\u00a0concepto\u00a0del recurso agua) engloba otros elementos que est\u00e1n asociados a su\u00a0intervenci\u00f3n (fuentes, infraestructura, etc.). Al estilo del maestro Axel\u00a0Dourojeanni, enfatiz\u00f3 que \u201cla gesti\u00f3n del recurso h\u00eddrico es un concepto\u00a0mucho m\u00e1s hol\u00edstico que requiere su administraci\u00f3n \u00f3ptima para todos\u00a0sus usos (incluyendo el ambiental) y protegiendo el mismo de\u00a0externalidades negativas\u201d.<\/p>\n<p>Se\u00f1al\u00f3\u00a0que\u00a0el\u00a0concepto\u00a0de\u00a0recurso\u00a0h\u00eddrico\u00a0(versus\u00a0el\u00a0concepto\u00a0del recurso agua) engloba otros elementos que est\u00e1n asociados a su\u00a0intervenci\u00f3n (fuentes, infraestructura, etc.). Al estilo del maestro Axel\u00a0Dourojeanni, enfatiz\u00f3 que \u201cla gesti\u00f3n del recurso h\u00eddrico es un concepto\u00a0mucho m\u00e1s hol\u00edstico que requiere su administraci\u00f3n \u00f3ptima para todos\u00a0sus usos (incluyendo el ambiental) y protegiendo el mismo de\u00a0externalidades negativas\u201d.<\/p>\n<h3><strong>Per\u00fa<\/strong><strong>\u00a0<\/strong><strong>sede<\/strong><strong>\u00a0<\/strong><strong>de<\/strong><strong>\u00a0<\/strong><strong>importante<\/strong><strong>\u00a0<\/strong><strong>evento<\/strong><strong>\u00a0<\/strong><strong>mundial<\/strong><\/h3>\n<p>El Dr. Vinio Floris coment\u00f3 que en el pr\u00f3ximo marzo el Per\u00fa ser\u00e1 sede de uno de los eventos m\u00e1s relevantes a nivel nacional e internacional en lo que refiere a tema del agua. Water Week Per\u00fa 2024 reunir\u00e1 a los especialistas m\u00e1s importantes del pa\u00eds y del extranjero con la finalidad de debatir y mostrar soluciones sobre la correcta gesti\u00f3n del uso del recurso en la sociedad, industrias y medio ambiente. \u201cQueremos que esta actividad sirva para escuchar problem\u00e1ticas, retos, lecciones aprendidas y conclusiones del Per\u00fa y otras latitudes. Este evento ser\u00e1 un conclave de consenso y gu\u00eda para llegar a conclusiones que aporten al uso optimo del recurso h\u00eddrico en el pa\u00eds y en el mundo, ante las grav\u00edsimas amenazas del cambio clim\u00e1tico.\u201d<\/p>\n<h3><strong>Participe<\/strong><strong>\u00a0<\/strong><strong>en<\/strong><strong>\u00a0<\/strong><strong>Water<\/strong><strong>\u00a0<\/strong><strong>Week<\/strong><strong>\u00a0<\/strong><strong>Per\u00fa<\/strong><strong>\u00a0<\/strong><strong>2024<\/strong><\/h3>\n<p>Water Week Per\u00fa 2024 es un evento organizado por la Asociaci\u00f3n Peruana de Ingenier\u00eda Hidr\u00e1ulica y Ambiental (APIHA) con el apoyo de Universidad Nacional Agraria La Molina (UNALM), que se desarrollar\u00e1 el de 18 al 20 de marzo, en las instalaciones de esa casa de estudios.<\/p>\n<p><strong>La entrevista al Dr. Vinio, Profesor de la Escuela de Postgrado <a href=\"https:\/\/gerens.pe\/\">G\u011aRENS<\/a> y Director del Centro de Gesti\u00f3n de Agua y Medio Ambiente (<a href=\"https:\/\/cgama.gerens.pe\/\">CGAMA<\/a>), fue realizada por el grupo de prensa de Water Week y publicado originalmente en <a href=\"https:\/\/proactivo.com.pe\/mas-del-50-de-la-superficie-glaciar-en-el-peru-ha-desaparecido\/\">ProActivo.<\/a><\/strong><\/p>\n","protected":false},"excerpt":{"rendered":"<p>El integrante del comit\u00e9 organizador del Water Week Per\u00fa 2024 y\u00a0miembro de la Asociaci\u00f3n Peruana de Ingenier\u00eda Hidr\u00e1ulica y Ambiental\u00a0(APIHA), Dr. Vinio&#8230;<\/p>\n","protected":false},"author":2,"featured_media":8047,"comment_status":"open","ping_status":"open","sticky":false,"template":"","format":"standard","meta":{"footnotes":""},"categories":[2],"tags":[],"amp_enabled":true,"_links":{"self":[{"href":"https:\/\/gerens.pe\/blog\/wp-json\/wp\/v2\/posts\/8046"}],"collection":[{"href":"https:\/\/gerens.pe\/blog\/wp-json\/wp\/v2\/posts"}],"about":[{"href":"https:\/\/gerens.pe\/blog\/wp-json\/wp\/v2\/types\/post"}],"author":[{"embeddable":true,"href":"https:\/\/gerens.pe\/blog\/wp-json\/wp\/v2\/users\/2"}],"replies":[{"embeddable":true,"href":"https:\/\/gerens.pe\/blog\/wp-json\/wp\/v2\/comments?post=8046"}],"version-history":[{"count":18,"href":"https:\/\/gerens.pe\/blog\/wp-json\/wp\/v2\/posts\/8046\/revisions"}],"predecessor-version":[{"id":8118,"href":"https:\/\/gerens.pe\/blog\/wp-json\/wp\/v2\/posts\/8046\/revisions\/8118"}],"wp:featuredmedia":[{"embeddable":true,"href":"https:\/\/gerens.pe\/blog\/wp-json\/wp\/v2\/media\/8047"}],"wp:attachment":[{"href":"https:\/\/gerens.pe\/blog\/wp-json\/wp\/v2\/media?parent=8046"}],"wp:term":[{"taxonomy":"category","embeddable":true,"href":"https:\/\/gerens.pe\/blog\/wp-json\/wp\/v2\/categories?post=8046"},{"taxonomy":"post_tag","embeddable":true,"href":"https:\/\/gerens.pe\/blog\/wp-json\/wp\/v2\/tags?post=8046"}],"curies":[{"name":"wp","href":"https:\/\/api.w.org\/{rel}","templated":true}]}}