{"id":7995,"date":"2024-01-03T21:50:59","date_gmt":"2024-01-03T21:50:59","guid":{"rendered":"https:\/\/gerens.pe\/blog\/?p=7995"},"modified":"2024-02-12T19:13:39","modified_gmt":"2024-02-12T19:13:39","slug":"los-metales-criticos-y-su-rol-en-el-proceso-de-transicion-energetica-global","status":"publish","type":"post","link":"https:\/\/gerens.pe\/blog\/los-metales-criticos-y-su-rol-en-el-proceso-de-transicion-energetica-global\/","title":{"rendered":"Los metales cr\u00edticos y su rol en el proceso de transici\u00f3n energ\u00e9tica global"},"content":{"rendered":"<p>El martes 07 de noviembre del 2023, el Dr. Arturo V\u00e1squez Cordano, Director General de la Direcci\u00f3n de Investigaci\u00f3n y Profesor Principal de la Escuela\u00a0de Posgrado G\u011aRENS, present\u00f3 la conferencia magistral en modalidad virtual <strong><b>\u201cLos metales cr\u00edticos y su rol en el proceso de transici\u00f3n energ\u00e9tica global\u201d<\/b><\/strong>, la cual se basa en una l\u00ednea de investigaci\u00f3n que se viene desarrollando en la Escuela acerca de la evoluci\u00f3n de los principales indicadores econ\u00f3micos de estos metales.<\/p>\n<p>La conferencia inici\u00f3 presentando un panorama econ\u00f3mico del contexto global en el que nos encontramos actualmente, por lo que se explic\u00f3 lo qu\u00e9 es el cambio clim\u00e1tico y los protocolos que se est\u00e1n suscribiendo en los \u00faltimos a\u00f1os para combatirlo, siendo el m\u00e1s reciente el Tratado de Par\u00eds (COP21) con 196 partes signatarias, incluyendo al Per\u00fa. As\u00ed, el Dr. V\u00e1squez mencion\u00f3 que entre los combustibles y las tecnolog\u00edas con un rol en la transici\u00f3n energ\u00e9tica se encuentran el gas natural, la geotermia, la energ\u00eda solar, la energ\u00eda hidr\u00e1ulica, la energ\u00eda e\u00f3lica y la energ\u00eda nuclear. Respecto a estas tecnolog\u00edas, destac\u00f3 que el despliegue de aquellas requieren una gran cantidad de materiales cr\u00edticos. Asimismo, record\u00f3 que la situaci\u00f3n sociopol\u00edtica a nivel mundial ha generado cambios en la exportaci\u00f3n de combustibles f\u00f3siles y ha afectado el escenario de los precios de diversas fuentes energ\u00e9ticas.<\/p>\n<p>Posteriormente, abord\u00f3 el tema de la transici\u00f3n energ\u00e9tica y el suministro de metales cr\u00edticos. En el contexto actual de b\u00fasqueda de alternativas energ\u00e9ticas para alcanzar el objetivo de la descarbonizaci\u00f3n a trav\u00e9s de un proceso de transformaci\u00f3n econ\u00f3mica gradual hacia el a\u00f1o 2050, es necesaria la manufactura de nuevas tecnolog\u00edas que requieren un conjunto de metales cr\u00edticos como el cobre, aluminio, litio, neodimio, praseodimio, cobalto, n\u00edquel, cromo y zinc. Al respecto, el Dr. V\u00e1squez afirm\u00f3 que el Per\u00fa debe aprovechar su ventaja comparativa a nivel internacional al \u00a0disponer de recursos de cobre y litio, considerando que posee en su territorio grandes cantidades de recursos minerales polimet\u00e1licos.<\/p>\n<p>Adem\u00e1s, el Per\u00fa debe aprovechar la revoluci\u00f3n del transporte hacia la electromovilidad derivada de la transici\u00f3n energ\u00e9tica global, dado que la fabricaci\u00f3n de un veh\u00edculo el\u00e9ctrico requiere importantes cantidades de cobre, grafito, aluminio, cobalto, n\u00edquel y litio. Es as\u00ed como la innovaci\u00f3n tecnol\u00f3gica para transformar la matriz energ\u00e9tica global (hacia una donde las emisiones netas de CO<sub>2<\/sub>\u00a0por la producci\u00f3n de energ\u00eda sean iguales a cero toneladas) generar\u00e1 una mayor demanda de metales cr\u00edticos.<\/p>\n<p>A continuaci\u00f3n, el Dr. V\u00e1squez profundiz\u00f3 en el an\u00e1lisis de los principales metales cr\u00edticos empezando por el litio, conocido como el \u201coro blanco\u201d por su creciente demanda \u00a0impulsada principalmente por la electromovilidad y que se encuentra tanto en minas como en salmueras. El precio de este metal, en particular del carbonato de litio que es clave para la producci\u00f3n de bater\u00edas, es de alto valor en un mercado peque\u00f1o con una proyecci\u00f3n de crecimiento del 30 % anual. Por su parte, el cobalto permite mejorar la capacidad de las bater\u00edas y dado que se le ha calificado como clave en el desarrollo de<\/p>\n<p>las industrias tecnol\u00f3gicas, su precio se va a elevar dado el aumento de su demanda para \u00a0fabricar sistemas de almacenamiento para los sistemas el\u00e9ctricos interconectados, as\u00ed como para la manufactura de bater\u00edas de uso en veh\u00edculos el\u00e9ctricos y equipos portables.<\/p>\n<p>Por otro lado, en el caso del cobre, el Per\u00fa es el segundo productor mundial de este metal y su producci\u00f3n es necesaria para abastecer a las industrias de alta tecnolog\u00eda al presentar una alta conductividad y al ser necesario para la fabricaci\u00f3n de generadores de energ\u00edas renovables y otras tecnolog\u00edas vinculadas. Por ello, los precios del cobre han experimentado un boom en los \u00faltimos a\u00f1os y se espera que contin\u00faen en crecimiento.<\/p>\n<p>Finalmente, un producto que el Per\u00fa no produce y que es clave en las tecnolog\u00edas de geotermia, bater\u00edas, hidrogeno verde, energ\u00eda e\u00f3lica y solar, as\u00ed como la energ\u00eda nuclear es el n\u00edquel. Este metal es reciclable, pero se proyecta que la demanda primaria de este metal cr\u00edtico aumento para sus usos en la elaboraci\u00f3n de equipos de alta tecnolog\u00eda.<\/p>\n<p>La ponencia cerr\u00f3 con una reflexi\u00f3n sobre lo que se espera para el Per\u00fa. El Dr. V\u00e1squez mencion\u00f3 que lamentablemente, y a pesar del est\u00edmulo a la inversi\u00f3n minera en materiales cr\u00edticos que la transici\u00f3n energ\u00e9tica est\u00e1 ofreciendo actualmente, el pa\u00eds ha concentrado su estrategia en la b\u00fasquedas de los metales tradicionales, de entre los cuales solo es cr\u00edtico el cobre. De esta manera, no se viene explorando de manera intensiva \u00e1reas geogr\u00e1ficas para encontrar otros materiales cr\u00edticos como el litio y las tierras raras. Por ello, es necesario que el Per\u00fa cambie de estrategia y se esfuerce en realizar exploraciones de metales y otros productos mineros que ser\u00e1n mucho m\u00e1s valiosos en los pr\u00f3ximos a\u00f1os gracias al proceso de transici\u00f3n energ\u00e9tica.<\/p>\n<p>Terminada la conferencia, se dio paso a una ronda de preguntas por parte de los asistentes. El video de esta conferencia se encuentra disponible para ser visualizado por los interesados en el canal de <a href=\"https:\/\/www.youtube.com\/watch?v=_3xV2Fw3_1s\" data-rel=\"lightbox-video-0\">YouTube<\/a> de la Escuela de Postgrado G\u011aRENS.<\/p>\n","protected":false},"excerpt":{"rendered":"<p>El martes 07 de noviembre del 2023, el Dr. Arturo V\u00e1squez Cordano, Director General de la Direcci\u00f3n de Investigaci\u00f3n y Profesor Principal&#8230;<\/p>\n","protected":false},"author":2,"featured_media":7996,"comment_status":"open","ping_status":"open","sticky":false,"template":"","format":"standard","meta":{"footnotes":""},"categories":[1],"tags":[],"amp_enabled":true,"_links":{"self":[{"href":"https:\/\/gerens.pe\/blog\/wp-json\/wp\/v2\/posts\/7995"}],"collection":[{"href":"https:\/\/gerens.pe\/blog\/wp-json\/wp\/v2\/posts"}],"about":[{"href":"https:\/\/gerens.pe\/blog\/wp-json\/wp\/v2\/types\/post"}],"author":[{"embeddable":true,"href":"https:\/\/gerens.pe\/blog\/wp-json\/wp\/v2\/users\/2"}],"replies":[{"embeddable":true,"href":"https:\/\/gerens.pe\/blog\/wp-json\/wp\/v2\/comments?post=7995"}],"version-history":[{"count":1,"href":"https:\/\/gerens.pe\/blog\/wp-json\/wp\/v2\/posts\/7995\/revisions"}],"predecessor-version":[{"id":7997,"href":"https:\/\/gerens.pe\/blog\/wp-json\/wp\/v2\/posts\/7995\/revisions\/7997"}],"wp:featuredmedia":[{"embeddable":true,"href":"https:\/\/gerens.pe\/blog\/wp-json\/wp\/v2\/media\/7996"}],"wp:attachment":[{"href":"https:\/\/gerens.pe\/blog\/wp-json\/wp\/v2\/media?parent=7995"}],"wp:term":[{"taxonomy":"category","embeddable":true,"href":"https:\/\/gerens.pe\/blog\/wp-json\/wp\/v2\/categories?post=7995"},{"taxonomy":"post_tag","embeddable":true,"href":"https:\/\/gerens.pe\/blog\/wp-json\/wp\/v2\/tags?post=7995"}],"curies":[{"name":"wp","href":"https:\/\/api.w.org\/{rel}","templated":true}]}}