{"id":7849,"date":"2023-11-08T22:01:04","date_gmt":"2023-11-08T22:01:04","guid":{"rendered":"https:\/\/gerens.pe\/blog\/?p=7849"},"modified":"2023-11-10T21:56:19","modified_gmt":"2023-11-10T21:56:19","slug":"vision-global-de-la-mineria-encuentro-estrategico-de-wsp-peru-y-gerens","status":"publish","type":"post","link":"https:\/\/gerens.pe\/blog\/vision-global-de-la-mineria-encuentro-estrategico-de-wsp-peru-y-gerens\/","title":{"rendered":"Visi\u00f3n Global de la Miner\u00eda: Encuentro Estrat\u00e9gico de WSP Per\u00fa y G\u011aRENS"},"content":{"rendered":"<p><em><i>El 24 y 26 de octubre, <a href=\"https:\/\/gerens.pe\/\">G\u011aRENS<\/a> desarroll\u00f3 dos sesiones dirigidas al equipo de l\u00edderes y profesionales senior de WSP Per\u00fa S.A para discutir el futuro de la industria minera en el pa\u00eds y a nivel mundial. Rodrigo Prial\u00e9 Zevallos, Ph.D., Consultor y Profesor Principal de G\u011aRENS, lider\u00f3 estas sesiones enriquecedoras que arrojaron luz sobre el panorama minero actual y las perspectivas que aguardan en el horizonte.<\/i><\/em><\/p>\n<p><em><i>El evento de dos d\u00edas estuvo marcado por un enfoque estrat\u00e9gico, donde se exploraron temas cr\u00edticos relacionados con la industria minera. Uno de los aspectos centrales fue el an\u00e1lisis de la miner\u00eda a nivel mundial y la caracterizaci\u00f3n de la industria minera en Per\u00fa. Rodrigo Prial\u00e9, experto en la materia, brind\u00f3 una visi\u00f3n panor\u00e1mica que permiti\u00f3 a los participantes comprender mejor el papel de Per\u00fa en el contexto global de la miner\u00eda.<\/i><\/em><\/p>\n<p><em><i>Durante la charla, se destac\u00f3 la importancia de la miner\u00eda met\u00e1lica en el Per\u00fa y su contribuci\u00f3n al desarrollo econ\u00f3mico y social. Los participantes pudieron explorar en profundidad la relevancia de la miner\u00eda en la generaci\u00f3n de empleo, la atracci\u00f3n de inversiones y el crecimiento sostenible del pa\u00eds.<\/i><\/em><\/p>\n<p><em><i>La segunda parte de la charla se centr\u00f3 en las perspectivas futuras de la industria minera en Per\u00fa, tanto a nivel regional como global. Los ejecutivos de WSP Per\u00fa S.A. tuvieron la oportunidad de analizar las tendencias emergentes, los desaf\u00edos y las oportunidades que se presentan en el horizonte.<\/i><\/em><\/p>\n<p><em><i>La colaboraci\u00f3n entre G\u011aRENS y WSP Per\u00fa S.A. en esta charla fue una experiencia enriquecedora. A trav\u00e9s de estas sesiones, se fortaleci\u00f3 el entendimiento y la visi\u00f3n estrat\u00e9gica de la industria minera en el Per\u00fa. G\u011aRENS agradece a WSP Per\u00fa S.A. por la confianza y la oportunidad de contribuir con sus iniciativas de formaci\u00f3n gerencial. Este tipo de di\u00e1logos y colaboraciones son esenciales para el crecimiento y la innovaci\u00f3n en la industria minera y en la econom\u00eda peruana en su conjunto.<\/i><\/em><\/p>\n<p><img loading=\"lazy\" decoding=\"async\" class=\"WSP Per\u00fa aligncenter wp-image-7852\" title=\"WSP Per\u00fa\" src=\"https:\/\/gerens.pe\/blog\/wp-content\/uploads\/2023\/11\/Captura-de-pantalla-2023-11-08-a-las-16.29.48-min-1.png\" alt=\"WSP Per\u00fa\" width=\"759\" height=\"566\" srcset=\"https:\/\/gerens.pe\/blog\/wp-content\/uploads\/2023\/11\/Captura-de-pantalla-2023-11-08-a-las-16.29.48-min-1.png 868w, https:\/\/gerens.pe\/blog\/wp-content\/uploads\/2023\/11\/Captura-de-pantalla-2023-11-08-a-las-16.29.48-min-1-300x224.png 300w, https:\/\/gerens.pe\/blog\/wp-content\/uploads\/2023\/11\/Captura-de-pantalla-2023-11-08-a-las-16.29.48-min-1-768x572.png 768w, https:\/\/gerens.pe\/blog\/wp-content\/uploads\/2023\/11\/Captura-de-pantalla-2023-11-08-a-las-16.29.48-min-1-360x268.png 360w\" sizes=\"(max-width: 759px) 100vw, 759px\" \/><\/p>\n","protected":false},"excerpt":{"rendered":"<p>El 24 y 26 de octubre, G\u011aRENS desarroll\u00f3 dos sesiones dirigidas al equipo de l\u00edderes y profesionales senior de WSP Per\u00fa S.A&#8230;<\/p>\n","protected":false},"author":2,"featured_media":7852,"comment_status":"open","ping_status":"open","sticky":false,"template":"","format":"standard","meta":{"footnotes":""},"categories":[1,758,2],"tags":[],"amp_enabled":true,"_links":{"self":[{"href":"https:\/\/gerens.pe\/blog\/wp-json\/wp\/v2\/posts\/7849"}],"collection":[{"href":"https:\/\/gerens.pe\/blog\/wp-json\/wp\/v2\/posts"}],"about":[{"href":"https:\/\/gerens.pe\/blog\/wp-json\/wp\/v2\/types\/post"}],"author":[{"embeddable":true,"href":"https:\/\/gerens.pe\/blog\/wp-json\/wp\/v2\/users\/2"}],"replies":[{"embeddable":true,"href":"https:\/\/gerens.pe\/blog\/wp-json\/wp\/v2\/comments?post=7849"}],"version-history":[{"count":7,"href":"https:\/\/gerens.pe\/blog\/wp-json\/wp\/v2\/posts\/7849\/revisions"}],"predecessor-version":[{"id":7886,"href":"https:\/\/gerens.pe\/blog\/wp-json\/wp\/v2\/posts\/7849\/revisions\/7886"}],"wp:featuredmedia":[{"embeddable":true,"href":"https:\/\/gerens.pe\/blog\/wp-json\/wp\/v2\/media\/7852"}],"wp:attachment":[{"href":"https:\/\/gerens.pe\/blog\/wp-json\/wp\/v2\/media?parent=7849"}],"wp:term":[{"taxonomy":"category","embeddable":true,"href":"https:\/\/gerens.pe\/blog\/wp-json\/wp\/v2\/categories?post=7849"},{"taxonomy":"post_tag","embeddable":true,"href":"https:\/\/gerens.pe\/blog\/wp-json\/wp\/v2\/tags?post=7849"}],"curies":[{"name":"wp","href":"https:\/\/api.w.org\/{rel}","templated":true}]}}