{"id":7839,"date":"2023-11-04T16:36:59","date_gmt":"2023-11-04T16:36:59","guid":{"rendered":"https:\/\/gerens.pe\/blog\/?p=7839"},"modified":"2023-11-06T15:19:27","modified_gmt":"2023-11-06T15:19:27","slug":"de-la-riqueza-al-desarrollo-mineria-y-su-impacto-socioeconomico","status":"publish","type":"post","link":"https:\/\/gerens.pe\/blog\/de-la-riqueza-al-desarrollo-mineria-y-su-impacto-socioeconomico\/","title":{"rendered":"De la riqueza al desarrollo: Miner\u00eda y su impacto socioecon\u00f3mico"},"content":{"rendered":"<p>En la edici\u00f3n N<sup>o<\/sup>\u00a0157 del mes de septiembre del 2023, la revista <em><i>Rumbo Minero<\/i><\/em>\u00a0public\u00f3 el art\u00edculo titulado \u201cDe la riqueza al desarrollo: Miner\u00eda y su impacto socioecon\u00f3mico\u201d. Este art\u00edculo fue elaborado por el Dr. Arturo V\u00e1squez Cordano, Profesor Principal y Director de Investigaci\u00f3n de la Escuela de Postgrado <a href=\"https:\/\/gerens.pe\/\">G\u011aRENS<\/a>, y por Gustavo Meza Hinojo, Investigador de la Red de Estudios para el Desarrollo (REDES). El contenido de este documento aborda los siguientes puntos: (i) importancia de la actividad minera; (ii) la recaudaci\u00f3n fiscal minera por parte de la SUNAT; y (iii) los impactos de las transferencias del canon y las regal\u00edas mineras en los indicadores socioecon\u00f3micos.<\/p>\n<p>En el art\u00edculo se menciona que la miner\u00eda es una de las actividades m\u00e1s importantes dentro de la econom\u00eda peruana, dado que genera impactos directos e indirectos para el cierre de brechas. Solo entre enero y mayo de 2023, la recaudaci\u00f3n proveniente de esta actividad extractiva alcanzaron los S\/ 6 mil millones (canon, regal\u00edas y derechos de vigencia y penalidades, recursos que se destinan al desarrollo de las zonas influencia de la actividad minera), lo que representa el 10.7% de recaudaci\u00f3n total. Adem\u00e1s, durante el 2022, la inversi\u00f3n privada en dicho sector alcanz\u00f3 el 17.7% (US$ 5 mil millones) de la inversi\u00f3n privada total.<\/p>\n<p>En relaci\u00f3n con los impactos directos de la actividad minera, se destaca su influencia en el mercado laboral y en la actividad econ\u00f3mica en las \u00e1reas donde se desarrolla. As\u00ed, en 2021, cada trabajador en el sector minero generaba 8 empleos adicionales vinculados a esta industria. Asimismo, seg\u00fan la literatura, los distritos mineros tuvieron un 9% m\u00e1s de consumo per c\u00e1pita y una disminuci\u00f3n del 2.6% en la pobreza en comparaci\u00f3n con los distritos no mineros. Estos datos sugieren que un aumento en la participaci\u00f3n de la actividad minera podr\u00eda tener un impacto positivo en los indicadores socioecon\u00f3micos en las zonas donde se desarrolla la miner\u00eda.<\/p>\n<p>Con respecto a los impactos indirectos de la actividad minera, el efecto se da por medio de las transferencias fiscales que van dirigidas principalmente a los gobiernos subnacionales. No obstante, V\u00e1squez y Meza se\u00f1alan que este impacto es parcial, ya que depende de la calidad institucional y la capacidad de gesti\u00f3n de las autoridades locales. En este sentido, se recomienda una colaboraci\u00f3n efectiva entre las empresas, el Estado y las comunidades para promover el desarrollo en las \u00e1reas de influencia de las minas.<\/p>\n<p>A pesar de estos beneficios, la inversi\u00f3n en el sector minero ha experimentado una disminuci\u00f3n del 19.2% durante el primer semestre de este a\u00f1o en comparaci\u00f3n con el primer semestre de 2022. Esto se debe en parte a la falta de proyectos de gran envergadura y a los conflictos sociales, que act\u00faan como desincentivos para la inversi\u00f3n. Para abordar esta situaci\u00f3n, se requiere el establecimiento de consensos entre el Estado y las comunidades.<\/p>\n<p>El Dr. V\u00e1squez viene trabajando una investigaci\u00f3n en esta l\u00ednea de trabajo con el Dr. Armando Gallegos, Rector de la Escuela, el cual analiza los impactos de la miner\u00eda y el mecanismo del canon minero sobre los indicadores de desarrollo a nivel subnacional. Este trabajo ser\u00e1 publicado pr\u00f3ximamente en nuestro repositorio digital.<\/p>\n<p>El art\u00edculo se encuentra disponible en:<\/p>\n<p><em><i>Revista Rumbo Minero<\/i><\/em>, edici\u00f3n N<sup>o<\/sup>\u00a0157, septiembre 2023, <a href=\"https:\/\/www.rumbominero.com\/ED157\/\">pag. 360-363.<\/a><\/p>\n<p>Si deseas descargar el articulo, haz clic <a href=\"https:\/\/gerens.pe\/blog\/wp-content\/uploads\/2023\/11\/21-09-2023-Rumbo-Minero-P\u00e1gina-360-362-1.pdf\">aqu\u00ed<\/a>.<\/p>\n","protected":false},"excerpt":{"rendered":"<p>En la edici\u00f3n No\u00a0157 del mes de septiembre del 2023, la revista Rumbo Minero\u00a0public\u00f3 el art\u00edculo titulado \u201cDe la riqueza al desarrollo:&#8230;<\/p>\n","protected":false},"author":2,"featured_media":6878,"comment_status":"open","ping_status":"open","sticky":false,"template":"","format":"standard","meta":{"footnotes":""},"categories":[1,2],"tags":[],"amp_enabled":true,"_links":{"self":[{"href":"https:\/\/gerens.pe\/blog\/wp-json\/wp\/v2\/posts\/7839"}],"collection":[{"href":"https:\/\/gerens.pe\/blog\/wp-json\/wp\/v2\/posts"}],"about":[{"href":"https:\/\/gerens.pe\/blog\/wp-json\/wp\/v2\/types\/post"}],"author":[{"embeddable":true,"href":"https:\/\/gerens.pe\/blog\/wp-json\/wp\/v2\/users\/2"}],"replies":[{"embeddable":true,"href":"https:\/\/gerens.pe\/blog\/wp-json\/wp\/v2\/comments?post=7839"}],"version-history":[{"count":4,"href":"https:\/\/gerens.pe\/blog\/wp-json\/wp\/v2\/posts\/7839\/revisions"}],"predecessor-version":[{"id":7848,"href":"https:\/\/gerens.pe\/blog\/wp-json\/wp\/v2\/posts\/7839\/revisions\/7848"}],"wp:featuredmedia":[{"embeddable":true,"href":"https:\/\/gerens.pe\/blog\/wp-json\/wp\/v2\/media\/6878"}],"wp:attachment":[{"href":"https:\/\/gerens.pe\/blog\/wp-json\/wp\/v2\/media?parent=7839"}],"wp:term":[{"taxonomy":"category","embeddable":true,"href":"https:\/\/gerens.pe\/blog\/wp-json\/wp\/v2\/categories?post=7839"},{"taxonomy":"post_tag","embeddable":true,"href":"https:\/\/gerens.pe\/blog\/wp-json\/wp\/v2\/tags?post=7839"}],"curies":[{"name":"wp","href":"https:\/\/api.w.org\/{rel}","templated":true}]}}