{"id":7787,"date":"2023-10-16T19:50:10","date_gmt":"2023-10-16T19:50:10","guid":{"rendered":"https:\/\/gerens.pe\/blog\/?p=7787"},"modified":"2023-10-16T20:35:46","modified_gmt":"2023-10-16T20:35:46","slug":"los-desafios-de-la-masificacion-de-gas-natural-en-el-corto-mediano-y-largo-plazo","status":"publish","type":"post","link":"https:\/\/gerens.pe\/blog\/los-desafios-de-la-masificacion-de-gas-natural-en-el-corto-mediano-y-largo-plazo\/","title":{"rendered":"Los desaf\u00edos de la masificaci\u00f3n de gas natural en el corto, mediano y largo plazo"},"content":{"rendered":"<p style=\"font-weight: 400;\">El pasado 2 de junio del 2023, el Dr. Arturo V\u00e1squez Cordano, Profesor Principal y Director de Investigaci\u00f3n de la Escuela de Postgrado <a href=\"https:\/\/gerens.pe\">G\u011aRENS<\/a>, particip\u00f3 como moderador en el panel de \u201cDesaf\u00edos para masificar el gas natural en el corto, mediano y largo plazo\u201d en el evento de <strong><b>Per\u00fa Energ\u00eda 2023<\/b><\/strong>. El coloquio tuvo como participantes a Pablo Campana (Gerente Comercial de Pluspetrol), Walter Sciutto (Gerente General de Contugas), Jaime D\u00edaz (Gerente de Administraci\u00f3n y Finanzas de PROMIGAS Per\u00fa), Abel Calder\u00f3n (Gerente de la Direcci\u00f3n Regional de Energ\u00eda y Minas del Cusco) y Mart\u00edn Mej\u00eda (Gerente General de Calidda). A lo largo del panel se abordaron los siguientes puntos: (i) la masificaci\u00f3n del gas natural en el norte y sur, y aspectos regulatorios del sector; (ii) los proyectos en desarrollo en zonas aleda\u00f1as al proyecto de Camisea; y (iii) el uso de los fondos p\u00fablicos generados por la extracci\u00f3n del gas natural tales como los recursos del Fondo de Inclusi\u00f3n Social Energ\u00e9tico (FISE). A continuaci\u00f3n, se presentan las preguntas realizadas por el Dr. V\u00e1squez a lo largo de este panel.<\/p>\n<p>\u00a0 \u00a0 \u00a0 a.<strong> \u00bfQu\u00e9 reformas se deben implementar a corto plazo para simplificar los tr\u00e1mites y permisos para tender redes de distribuci\u00f3n de gas natural?<\/strong><\/p>\n<p style=\"font-weight: 400;\">Para Mart\u00edn Mej\u00eda uno de los problemas m\u00e1s apremiantes que enfrentan los proyectos de distribuci\u00f3n de gas natural es el engorroso proceso para obtener los permisos de construcci\u00f3n de obras. Espec\u00edficamente, los permisos municipales se han convertido en el mayor obst\u00e1culo a superar. Esto se debe a una serie de desaf\u00edos, como la falta de habilitaci\u00f3n urbana, la insuficiencia de t\u00edtulos de propiedad y la escasa consolidaci\u00f3n de los distritos.<\/p>\n<p>\u00a0 \u00a0 \u00a0b. <strong>\u00bfQu\u00e9 se deber\u00eda de hacer con el FISE?<\/strong><\/p>\n<p style=\"font-weight: 400;\">El FISE brinda subsidios para incentivar el uso del gas natural. Asimismo, financia la conversi\u00f3n de los veh\u00edculos a GNV mediante el \u201cBono GNV\u201d. Estos bonos de conversi\u00f3n generaron un incremento de la demanda de gas natural debido a la mayor cantidad de veh\u00edculos convertidos que se observa mes a mes. De esta manera, el mercado de GNV se ha reactivado debido a la mayor cantidad de veh\u00edculos convertidos gracias a la reducci\u00f3n del costo de las conversiones debido al FISE. El Estado deber\u00eda fortalecer los incentivos a la conversi\u00f3n vehicular a GNV utilizando mayores recursos del FISE, a fin de sustentar una econom\u00eda del transporte basada en el gas natural.<\/p>\n<p style=\"font-weight: 400;\">Respecto al impacto del FISE en el consumo familiar, Mej\u00eda destac\u00f3 que el 70% de las familias que cuentan con conexi\u00f3n de gas natural es gracias a los recursos de este fondo; sin embargo, la mayor\u00eda de las familias solo tiene un punto de conexi\u00f3n, motivo por el cual, no est\u00e1n ahorrando lo que deber\u00edan al utilizar el gas natural. Por lo tanto, el FISE deber\u00eda promover la instalaci\u00f3n de m\u00e1s de un punto de conexi\u00f3n.<\/p>\n<p>\u00a0 \u00a0 \u00a0c. <strong>\u00bfCu\u00e1les son los avances de la masificaci\u00f3n del gas natural en la zona sur y qu\u00e9 impacto puede tener la petroqu\u00edmica?<\/strong><\/p>\n<p style=\"font-weight: 400;\">Al respecto Walter Sciutto realiz\u00f3 una comparativa de la maduraci\u00f3n del sector entre Per\u00fa, Colombia y Argentina. Estos dos \u00faltimos pa\u00edses llevan m\u00e1s de 60 a\u00f1os de desarrollo de sus industrias gas\u00edferas, mientras que en el Per\u00fa la industria del gas solo tiene 20 a\u00f1os de maduraci\u00f3n. Asimismo, si bien existen m\u00e1s de 1.8 millones de clientes conectados a la red de gas natural en el Per\u00fa, no es posible hablar a\u00fan de una masificaci\u00f3n del gas natural si no se cuenta con el desarrollo de redes de transporte y distribuci\u00f3n de forma masiva. La inversi\u00f3n para la masificaci\u00f3n del gas solo se llevar\u00e1 a cabo si existe una demanda lo suficientemente grande que permita absorber los costos de inversi\u00f3n de manera eficiente y sostenible. Por ejemplo, Lima consume el 85% del gas que se demanda a nivel nacional, de los cuales, el 65% corresponde a la generaci\u00f3n el\u00e9ctrica en Chilca, que fue el principal impulsor para la masificaci\u00f3n en Lima. En ese sentido, resalt\u00f3 la necesidad de una mayor inversi\u00f3n en el desarrollo de proyectos que tengan una mayor demanda de gas natural.<\/p>\n<p style=\"font-weight: 400;\">Parte de los proyectos que ampliar\u00e1n la demanda de GN en el sur del pa\u00eds se encuentran en torno a la industria petroqu\u00edmica, cuyo desarrollo puede generarse en el Per\u00fa debido a (i) la infraestructura de gasoductos ya instalada por Contugas en la regi\u00f3n Ica que se suministrar\u00e1 gas al potencial nodo petroqu\u00edmico de Marcona, (ii) niveles r\u00e9cord de los precios de la urea a nivel internacional, y (iii) precios dom\u00e9sticos de gas natural competitivos.<\/p>\n<p style=\"font-weight: 400;\">Arturo V\u00e1squez resalt\u00f3 la importancia de la prontitud en la que se debe de llevar a cabo la masificaci\u00f3n del gas natural en las regiones del sur del pa\u00eds, debido a que son 6 a\u00f1os de paralizaci\u00f3n del <em><i>Gasoducto Sur Peruano<\/i><\/em>\u00a0(ahora conocido como SIT-Gas). Por lo tanto, se necesitan iniciativas innovadoras para consolidar el proceso de masificaci\u00f3n en el sur.<\/p>\n<p>\u00a0 \u00a0 \u00a0d.<strong> \u00bfQu\u00e9 iniciativas tiene el sector privado para la masificaci\u00f3n del gas natural en la regi\u00f3n Cusco? <\/strong><\/p>\n<p style=\"font-weight: 400;\">Con respecto a este tema, Pablo Campana coment\u00f3 que el Consorcio Camisea ha desarrollado diversos proyectos para la masificaci\u00f3n del gas natural en el Cusco. El primero, es el proyecto de \u201cGas al Cusco\u201d, desarrollado por Lima Gas con la colaboraci\u00f3n del GORE Cusco. Este proyecto tiene como objetivo promover el uso de gas natural para los veh\u00edculos en dicha regi\u00f3n con la construcci\u00f3n de tres estaciones de GNV y la inversi\u00f3n de US$ 2 millones para la conversi\u00f3n de veh\u00edculos a GNV.<\/p>\n<p style=\"font-weight: 400;\">El segundo proyecto es la constituci\u00f3n de un fidecomiso en la zona operativa de la empresa C\u00e1lidda. El monto invertido por Camisea asciende a los US$ 30 millones que tienen como finalidad la promoci\u00f3n de (i) el bono Camisea GNV para que puedan adquirir una nueva unidad de consumo GNV y (ii) el fraccionamiento sin intereses de US$ 45 mil para financiar el cambio de motor de autobuses. El \u00faltimo proyecto, con la alianza de Lima Gas, es la creaci\u00f3n de un \u201ccorredor azul\u201d de GNL mediante la instalaci\u00f3n de 4 estaciones de despacho de GNL en Cusco, Arequipa, Nazca y el sur de Lima. Esto permitir\u00e1 cubrir las principales rutas de carga con GNL.<\/p>\n<p style=\"font-weight: 400;\">Al respecto, Abel Calder\u00f3n mencion\u00f3 que el GORE Cusco viene colaborando con las iniciativas privadas para la masificaci\u00f3n del gas en la regi\u00f3n Cusco, colaborando con la identificaci\u00f3n de zonas donde podr\u00edan tenderse redes de ductos para distribuci\u00f3n de gas domiciliario y comercial, as\u00ed como coordinando con las autoridades locales para agilizar la tramitaci\u00f3n de los permisos municipales necesarios para el despliegue del GNV en esta regi\u00f3n.<\/p>\n<p>\u00a0 \u00a0 \u00a0e.<strong> \u00bfCu\u00e1les son los obst\u00e1culos que tiene el proceso de masificaci\u00f3n en la regi\u00f3n norte del p\u00e1is? <\/strong><\/p>\n<p style=\"font-weight: 400;\">Entre Promigas y Quavii est\u00e1n beneficiando a m\u00e1s de 900 mil familias peruanas; sin embargo, existen obst\u00e1culos para incrementar el n\u00famero de conexiones como la falta de competitividad del gas natural en el interior del pa\u00eds, coment\u00f3 Jaime D\u00edaz.<\/p>\n<p style=\"font-weight: 400;\">El segundo obst\u00e1culo es la visi\u00f3n que tiene el gobierno con respecto al sector, debido a que considera que solo la industria est\u00e1 generando valor sin ofrecer nada a cambio a las familias peruanas. Sin embargo, existe un ahorro energ\u00e9tico potencial de US$ 300 millones para 12 millones de peruanos que gastan el doble de lo que deber\u00edan de gastar al contar con un punto de conexi\u00f3n de gas natural en el hogar.<\/p>\n<p style=\"font-weight: 400;\">La respuesta del Estado frente a esta situaci\u00f3n es brindar apoyo mediante subsidios y programas sociales que no son sostenibles debido a que se requiere de una inversi\u00f3n de US$ 1,500 millones para que las familias puedan acceder a dicho ahorro energ\u00e9tico. Por lo tanto, el sector privado deber\u00eda de comprometerse a financiar los costos para conectar a la poblaci\u00f3n del gas natural.<\/p>\n<p style=\"padding-left: 40px;\">f. <strong>\u00bfCu\u00e1les son los riesgos que existe en la generaci\u00f3n de recursos para el Estado si se logra aprobar el proyecto de Ley 2139- <\/strong><strong>2019 de incentivo en el uso de energ\u00edas renovables?<\/strong><\/p>\n<p style=\"font-weight: 400;\">Al respecto Mart\u00edn Mej\u00eda, dimension\u00f3 las emisiones de CO<sub>2<\/sub>\u00a0por sector econ\u00f3mico, donde el sector de generaci\u00f3n el\u00e9ctrica es uno de los que menores emisiones de CO<sub>2<\/sub>\u00a0representa con respecto a sectores como agricultura, industrias o transporte, que representan alrededor del 80%. En ese sentido, para reducir la emisi\u00f3n de CO<sub>2<\/sub>\u00a0se deber\u00eda de regular a los otros sectores en lugar de apresurar el uso de energ\u00edas renovables en la matriz de generaci\u00f3n el\u00e9ctrica.<\/p>\n<p style=\"font-weight: 400;\">En ese sentido, una regulaci\u00f3n acelerada tendr\u00e1 un efecto directo en la masificaci\u00f3n del gas natural, debido a que se necesita de un uso intensivo del mismo para solventar el costo de la infraestructura y aprovechar las econom\u00edas a escala. Por ello, acelerar el uso de energ\u00edas renovables cuando el gas natural a\u00fan no se encuentra masificado es totalmente un error.<\/p>\n<p style=\"font-weight: 400;\">Los \u00faltimos comentarios del panel estuvieron en l\u00ednea con la importancia de una transici\u00f3n energ\u00e9tica ordenada y gradual, mediante pol\u00edticas energ\u00e9ticas que complementen el uso de las energ\u00edas renovables y el gas natural. Asimismo, un desplazamiento del gas natural en la matriz energ\u00e9tica implica (i) menores recursos para el Estado, por las transferencias de regal\u00edas, canon y FOCAM que est\u00e1n ligadas directamente con la producci\u00f3n de GN, (ii) menor producci\u00f3n de GLP lo que generar\u00e1 una mayor importaci\u00f3n de este, y (iii) un sobrecosto de instalaci\u00f3n para la masificaci\u00f3n del gas natural. Para evitar esto \u00faltimo, se recomend\u00f3 seguir las lecciones del caso \u00a0\u00a0de Colombia en donde el Estado desarroll\u00f3 toda la infraestructura y luego concesion\u00f3 la administraci\u00f3n del mismo a empresas privadas.<\/p>\n<p style=\"font-weight: 400;\">Puede acceder a la grabaci\u00f3n del panel completo, haga <a href=\"https:\/\/repositorio.gerens.edu.pe\/handle\/20.500.12877\/78\"><u>click en este enlace.<\/u><\/a><u>\u00a0<\/u>A partir de 1h 26m.<\/p>\n<p style=\"font-weight: 400;\">Fuente: Canal de YouTube de <a href=\"https:\/\/www.youtube.com\/@PERUENERGIAConferencia\/videos\">Per\u00fa Energ\u00eda<\/a>.<\/p>\n<p><img loading=\"lazy\" decoding=\"async\" class=\"gas natural aligncenter wp-image-7788 size-full\" title=\"gas natural\" src=\"https:\/\/gerens.pe\/blog\/wp-content\/uploads\/2023\/10\/Captura-de-pantalla-2023-10-16-a-las-13.03.52.png\" alt=\"gas natural\" width=\"850\" height=\"328\" srcset=\"https:\/\/gerens.pe\/blog\/wp-content\/uploads\/2023\/10\/Captura-de-pantalla-2023-10-16-a-las-13.03.52.png 850w, https:\/\/gerens.pe\/blog\/wp-content\/uploads\/2023\/10\/Captura-de-pantalla-2023-10-16-a-las-13.03.52-300x116.png 300w, https:\/\/gerens.pe\/blog\/wp-content\/uploads\/2023\/10\/Captura-de-pantalla-2023-10-16-a-las-13.03.52-768x296.png 768w, https:\/\/gerens.pe\/blog\/wp-content\/uploads\/2023\/10\/Captura-de-pantalla-2023-10-16-a-las-13.03.52-360x139.png 360w\" sizes=\"(max-width: 850px) 100vw, 850px\" \/><\/p>\n<p><img loading=\"lazy\" decoding=\"async\" class=\"gas natural aligncenter wp-image-7789 size-full\" title=\"gas natural\" src=\"https:\/\/gerens.pe\/blog\/wp-content\/uploads\/2023\/10\/Captura-de-pantalla-2023-10-16-a-las-13.03.58.png\" alt=\"gas natural\" width=\"842\" height=\"386\" srcset=\"https:\/\/gerens.pe\/blog\/wp-content\/uploads\/2023\/10\/Captura-de-pantalla-2023-10-16-a-las-13.03.58.png 842w, https:\/\/gerens.pe\/blog\/wp-content\/uploads\/2023\/10\/Captura-de-pantalla-2023-10-16-a-las-13.03.58-300x138.png 300w, https:\/\/gerens.pe\/blog\/wp-content\/uploads\/2023\/10\/Captura-de-pantalla-2023-10-16-a-las-13.03.58-768x352.png 768w, https:\/\/gerens.pe\/blog\/wp-content\/uploads\/2023\/10\/Captura-de-pantalla-2023-10-16-a-las-13.03.58-360x165.png 360w\" sizes=\"(max-width: 842px) 100vw, 842px\" \/><\/p>\n","protected":false},"excerpt":{"rendered":"<p>El pasado 2 de junio del 2023, el Dr. Arturo V\u00e1squez Cordano, Profesor Principal y Director de Investigaci\u00f3n de la Escuela de&#8230;<\/p>\n","protected":false},"author":2,"featured_media":7797,"comment_status":"open","ping_status":"open","sticky":false,"template":"","format":"standard","meta":{"footnotes":""},"categories":[2],"tags":[],"amp_enabled":true,"_links":{"self":[{"href":"https:\/\/gerens.pe\/blog\/wp-json\/wp\/v2\/posts\/7787"}],"collection":[{"href":"https:\/\/gerens.pe\/blog\/wp-json\/wp\/v2\/posts"}],"about":[{"href":"https:\/\/gerens.pe\/blog\/wp-json\/wp\/v2\/types\/post"}],"author":[{"embeddable":true,"href":"https:\/\/gerens.pe\/blog\/wp-json\/wp\/v2\/users\/2"}],"replies":[{"embeddable":true,"href":"https:\/\/gerens.pe\/blog\/wp-json\/wp\/v2\/comments?post=7787"}],"version-history":[{"count":2,"href":"https:\/\/gerens.pe\/blog\/wp-json\/wp\/v2\/posts\/7787\/revisions"}],"predecessor-version":[{"id":7791,"href":"https:\/\/gerens.pe\/blog\/wp-json\/wp\/v2\/posts\/7787\/revisions\/7791"}],"wp:featuredmedia":[{"embeddable":true,"href":"https:\/\/gerens.pe\/blog\/wp-json\/wp\/v2\/media\/7797"}],"wp:attachment":[{"href":"https:\/\/gerens.pe\/blog\/wp-json\/wp\/v2\/media?parent=7787"}],"wp:term":[{"taxonomy":"category","embeddable":true,"href":"https:\/\/gerens.pe\/blog\/wp-json\/wp\/v2\/categories?post=7787"},{"taxonomy":"post_tag","embeddable":true,"href":"https:\/\/gerens.pe\/blog\/wp-json\/wp\/v2\/tags?post=7787"}],"curies":[{"name":"wp","href":"https:\/\/api.w.org\/{rel}","templated":true}]}}