{"id":7768,"date":"2023-10-02T20:41:46","date_gmt":"2023-10-02T20:41:46","guid":{"rendered":"https:\/\/gerens.pe\/blog\/?p=7768"},"modified":"2023-10-02T20:45:34","modified_gmt":"2023-10-02T20:45:34","slug":"clausura-del-programa-umalliq-warmi-de-wim-peru","status":"publish","type":"post","link":"https:\/\/gerens.pe\/blog\/clausura-del-programa-umalliq-warmi-de-wim-peru\/","title":{"rendered":"Clausura del Programa Umalliq Warmi de WIM Per\u00fa"},"content":{"rendered":"<p>El d\u00eda viernes 08 de setiembre, se realiz\u00f3 la clausura de la 3.<sup>a<\/sup>\u00a0edici\u00f3n del Programa Umalliq Warmi de Women in Mining (WIM) Per\u00fa, programa que cont\u00f3 con 30 becarias.<\/p>\n<p>El evento inici\u00f3 con las palabras de Karina Zevallos, presidenta de WIM Per\u00fa, quien destac\u00f3 que este programa de liderazgos para estudiantes de \u00faltimos ciclos de la universidad no solo tiene impacto sobre las becarias, sino que genera un efecto multiplicador que va m\u00e1s all\u00e1 del sector minero. As\u00ed hizo hincapi\u00e9 en la labor que las j\u00f3venes hacen como hermanas mayores junto con el resto de la comunidad WIM como apoyo en colegios con el Programa Kuraq \u00d1a\u00f1arri, en el que generan programas de liderazgo para las ni\u00f1as antes de que decidan qu\u00e9 estudiar. Adem\u00e1s, a\u00f1adi\u00f3 que, aunque se grad\u00faen ahora forman parte de una comunidad que se encuentra integrada tanto por las becarias que las precedieron como por los miembros colaboradores, todo el equipo de WIM y el resto del sector minero.<\/p>\n<p>Le siguieron las palabras de Mar\u00eda Elena Bernal, l\u00edder del Programa Umalliq Warmi, quien recalc\u00f3 el trabajo y la importancia de todo su equipo, los aliados del programa, y las voluntarias ex-becarias de los programas de WIM; agradeci\u00f3 tambi\u00e9n a las empresas y entidades colaboradoras, entre las que destaca la Escuela de Postgrado GERENS, que generan un movimiento en el ecosistema minero y brinda gran reputaci\u00f3n al programa.<\/p>\n<p>Posteriormente, se proyect\u00f3 un video resumen de la edici\u00f3n 2023 del programa en el que se present\u00f3 el testimonio de algunos colaboradores y profesionales. Seguido de ello, Mar\u00eda Alejandra Delgado, gerente general de Rio Tinto, dirigi\u00f3 unas palabras en las que habl\u00f3 de la importancia de crecer de manera s\u00f3lida y \u00e9tica, cultiv\u00e1ndose y aprendiendo constantemente, ya que los tiempos cambian y traen nuevos desaf\u00edos; tambi\u00e9n record\u00f3 que el actuar de manera \u00e9tica e integra s\u00ed hace una diferencia en el sector y atrae el \u00e9xito.<\/p>\n<p>A continuaci\u00f3n, se pas\u00f3 a la entrega de diplomas de participaci\u00f3n a las becarias; tras lo cual se premi\u00f3 a los tres primeros puestos del programa: 1\u00b0 Elizabeth Aza\u00f1ero Gir\u00f3n, 2\u00b0 Flor Rubi Salda\u00f1a Garc\u00eda y 3\u00b0 Daise Lidia Moina Mendoza. Como parte de este reconocimiento, se present\u00f3 un emotivo video con las palabras de la madre del primer puesto. Luego, una becaria comparti\u00f3 con los presentes un testimonio de resiliencia y la importancia de seguir las metas ante la adversidad.<\/p>\n<p>Para cerrar la jornada, se present\u00f3 un video con los proyectos de sostenibilidad realizados por las becarias. Destacaron estos trabajos grupales: (1\u00b0) el grupo Aylli Suncu con el proyecto \u201cDe vuelta al camino\u201d para la reinserci\u00f3n laboral de mujeres tras la licencia por maternidad y (2\u00b0) el grupo Warmi Sisay con el proyecto \u201cCori l\u00edder\u201d, que busca concientizar acerca del rol de g\u00e9nero en el sector. Seguido de ello, Elizabeth Aza\u00f1ero, primer puesto de la promoci\u00f3n, dirigi\u00f3 unas palabras en representaci\u00f3n de sus compa\u00f1eras; durante este discurso resalt\u00f3 importancia de la oportunidad que brinda el Programa Umalliq Warmi a las mujeres en un sector que es predominantemente masculino y que tiene la capacidad de brindar grandes beneficios a diferentes regiones del pa\u00eds; se\u00f1al\u00f3, adem\u00e1s, que se lleva del programa las ense\u00f1anzas y experiencias que recibi\u00f3 de sus compa\u00f1eras, en quienes se puede apoyar por el resto de su vida profesional.<\/p>\n<p>Finalmente, Eva Arias, presidente de compa\u00f1\u00eda minera Poderosa, brind\u00f3 un discurso en el que record\u00f3 que la miner\u00eda no solo crea cadena de valor y genera creciente econ\u00f3mico al pa\u00eds, sino que, adem\u00e1s, brinda la oportunidad de desarrollo a diferentes industrias y sectores, pues se tocan territorios que muchas veces est\u00e1n abandonados, e integra diferentes disciplinas, contribuyendo directamente al desarrollo nacional.<\/p>\n","protected":false},"excerpt":{"rendered":"<p>El d\u00eda viernes 08 de setiembre, se realiz\u00f3 la clausura de la 3.a\u00a0edici\u00f3n del Programa Umalliq Warmi de Women in Mining (WIM)&#8230;<\/p>\n","protected":false},"author":2,"featured_media":7773,"comment_status":"open","ping_status":"open","sticky":false,"template":"","format":"standard","meta":{"footnotes":""},"categories":[1,2],"tags":[],"amp_enabled":true,"_links":{"self":[{"href":"https:\/\/gerens.pe\/blog\/wp-json\/wp\/v2\/posts\/7768"}],"collection":[{"href":"https:\/\/gerens.pe\/blog\/wp-json\/wp\/v2\/posts"}],"about":[{"href":"https:\/\/gerens.pe\/blog\/wp-json\/wp\/v2\/types\/post"}],"author":[{"embeddable":true,"href":"https:\/\/gerens.pe\/blog\/wp-json\/wp\/v2\/users\/2"}],"replies":[{"embeddable":true,"href":"https:\/\/gerens.pe\/blog\/wp-json\/wp\/v2\/comments?post=7768"}],"version-history":[{"count":1,"href":"https:\/\/gerens.pe\/blog\/wp-json\/wp\/v2\/posts\/7768\/revisions"}],"predecessor-version":[{"id":7771,"href":"https:\/\/gerens.pe\/blog\/wp-json\/wp\/v2\/posts\/7768\/revisions\/7771"}],"wp:featuredmedia":[{"embeddable":true,"href":"https:\/\/gerens.pe\/blog\/wp-json\/wp\/v2\/media\/7773"}],"wp:attachment":[{"href":"https:\/\/gerens.pe\/blog\/wp-json\/wp\/v2\/media?parent=7768"}],"wp:term":[{"taxonomy":"category","embeddable":true,"href":"https:\/\/gerens.pe\/blog\/wp-json\/wp\/v2\/categories?post=7768"},{"taxonomy":"post_tag","embeddable":true,"href":"https:\/\/gerens.pe\/blog\/wp-json\/wp\/v2\/tags?post=7768"}],"curies":[{"name":"wp","href":"https:\/\/api.w.org\/{rel}","templated":true}]}}