{"id":7748,"date":"2023-09-16T16:15:54","date_gmt":"2023-09-16T16:15:54","guid":{"rendered":"https:\/\/gerens.pe\/blog\/?p=7748"},"modified":"2023-09-18T17:03:27","modified_gmt":"2023-09-18T17:03:27","slug":"inversion-en-exploracion-y-de-los-proyectos-emblematicos-en-el-peru","status":"publish","type":"post","link":"https:\/\/gerens.pe\/blog\/inversion-en-exploracion-y-de-los-proyectos-emblematicos-en-el-peru\/","title":{"rendered":"Situaci\u00f3n de la inversi\u00f3n en exploraci\u00f3n y de los proyectos emblem\u00e1ticos en el Per\u00fa"},"content":{"rendered":"<p>El d\u00eda martes 05 de setiembre, la Escuela de Posgrado G\u011aRENS realiz\u00f3 la conferencia virtual \u201cSituaci\u00f3n de la inversi\u00f3n en exploraci\u00f3n y de los proyectos emblem\u00e1ticos en el Per\u00fa\u201d en preparaci\u00f3n para el encuentro anual del Alumni 2023, que se dar\u00e1 el 21 de octubre pr\u00f3ximo. \u00a0El conferencista fue Walter S\u00e1nchez, graduado de la Maestr\u00eda en Gesti\u00f3n Minera de G\u011aRENS y director general de Promoci\u00f3n y sostenibilidad Minera.<\/p>\n<p>Ana Rosa Adaniya hizo una peque\u00f1a introducci\u00f3n al Alumni 2023, cuyo objetivo este a\u00f1o es responder a la pregunta: <strong>\u00bfC\u00f3mo fomentar nuevos \u201cproyectos emblem\u00e1ticos\u201d para la miner\u00eda en el Per\u00fa?<\/strong>\u00a0As\u00ed, explic\u00f3 que todo el que haya sido alumno de G\u011aRENS puede ser part\u00edcipe de este evento en el que se compartir\u00e1n experiencias que permitir\u00edan generar proyector para cerrar las brechas existentes en la miner\u00eda. En la reuni\u00f3n Alumni, se presentar\u00e1n los resultados de las conferencias y talleres previos como respuesta a esta pregunta, y se celebrar\u00e1n los logros recientes de los alumnos.<\/p>\n<p>En relaci\u00f3n al conferencista, Ana Rosa Adaniya, resalt\u00f3 que Walter S\u00e1nchez y otros colegas, realiz\u00f3 una tesis, en que se explor\u00f3 cu\u00e1les son los determinantes de la inversi\u00f3n en la exploraci\u00f3n minera, identific\u00e1ndose factores como el potencial geol\u00f3gico y el clima de inversi\u00f3n.<\/p>\n<p>El experto Walter S\u00e1nchez inici\u00f3 su presentaci\u00f3n describiendo el estado de la exploraci\u00f3n minera en el Per\u00fa actual; respecto al potencial geol\u00f3gico se\u00f1al\u00f3 que solo en el 1.40 % del territorio se desarrolla actividad minera, lo que significa que el potencial para ser explorado y explotado es enorme; asimismo, se\u00f1al\u00f3 que la producci\u00f3n y las exportaciones se han consolidado con un gran potencial de crecimiento para el cobre como producto l\u00edder en el pa\u00eds.<\/p>\n<p>A continuaci\u00f3n, habl\u00f3 de una de las grandes preocupaciones en la actualidad, c\u00f3mo optimizar los plazos para aprobar permisos; as\u00ed se\u00f1al\u00f3 que para reducir el tiempo de los permisos se requiere de un trabajo multisectorial como se viene dando recientemente. Adem\u00e1s, mencion\u00f3 que como parte de la promoci\u00f3n de la miner\u00eda el Estado promueve la devoluci\u00f3n del IGV y el IPM en la fase de exploraci\u00f3n, seg\u00fan las Leyes N.<sup>os <\/sup>27623 y 31663. Luego, present\u00f3 la situaci\u00f3n actual de los proyectos mineros y la inversi\u00f3n que existe, as\u00ed como la proyecci\u00f3n al 2025.<\/p>\n<p>Con respecto a los proyectos mineros emblem\u00e1ticos present\u00f3 los siguientes:<\/p>\n<ul>\n<li><strong>La Granja<\/strong>en Cajamarca con una capacidad de planta de 120,000 toneladas por d\u00eda;<\/li>\n<li><strong>Michiquillay,<\/strong>tambi\u00e9n en Cajamarca, con una vida \u00fatil de 25 a\u00f1os;<\/li>\n<li><strong>Cotabambas <\/strong>en Apur\u00edmac con una vida \u00fatil de 20 a\u00f1os y una capacidad de planta de 80,000 toneladas por d\u00eda;<\/li>\n<li><strong>Haquira,<\/strong>tambi\u00e9n en Apur\u00edmac, con una vida \u00fatil de 20 a\u00f1os y una capacidad de planta de entre 30,000 y 100,000 por d\u00eda;<\/li>\n<li><strong>El Galeno<\/strong>en Cajamarca con una vida \u00fatil de 20.4 a\u00f1os y una capacidad de planta de 90,000 toneladas por d\u00eda;<\/li>\n<li><strong>Los Chancas<\/strong>en Apur\u00edmac, con una vida \u00fatil de 18 a\u00f1os y una capacidad de planta de 3,130,00 de toneladas de cobre y 7,500 de molibdeno;<\/li>\n<li><strong>R\u00edo Blanco<\/strong>en Piura con una vida \u00fatil de 20 a\u00f1os;<\/li>\n<li><strong>T\u00eda Mar\u00eda<\/strong>en Arequipa con una vida \u00fatil de 20 a\u00f1os y una capacidad de planta de 100,000 tonelada por d\u00eda.<\/li>\n<\/ul>\n<p>Para finalizar el evento, los participantes respondieron a la pregunta \u00bfQu\u00e9 podemos hacer para que el Per\u00fa cuente con m\u00e1s proyectos emblem\u00e1ticos para los siguientes a\u00f1os?; y, posteriormente, hicieron una ronda de preguntas al expositor Walter S\u00e1nchez.<\/p>\n<p>El v\u00eddeo de la conferencia se encuentra en el canal de\u00a0<a href=\"https:\/\/www.youtube.com\/watch?v=8FM8IHynrA4&amp;t=804s\" data-rel=\"lightbox-video-0\">YouTube<\/a>\u00a0de\u00a0<a href=\"https:\/\/gerens.pe\/\">G\u011aRENS<\/a>, para ser visualizado por los interesados.<\/p>\n","protected":false},"excerpt":{"rendered":"<p>El d\u00eda martes 05 de setiembre, la Escuela de Posgrado G\u011aRENS realiz\u00f3 la conferencia virtual \u201cSituaci\u00f3n de la inversi\u00f3n en exploraci\u00f3n y&#8230;<\/p>\n","protected":false},"author":2,"featured_media":7750,"comment_status":"open","ping_status":"open","sticky":false,"template":"","format":"standard","meta":{"footnotes":""},"categories":[1,2],"tags":[],"amp_enabled":true,"_links":{"self":[{"href":"https:\/\/gerens.pe\/blog\/wp-json\/wp\/v2\/posts\/7748"}],"collection":[{"href":"https:\/\/gerens.pe\/blog\/wp-json\/wp\/v2\/posts"}],"about":[{"href":"https:\/\/gerens.pe\/blog\/wp-json\/wp\/v2\/types\/post"}],"author":[{"embeddable":true,"href":"https:\/\/gerens.pe\/blog\/wp-json\/wp\/v2\/users\/2"}],"replies":[{"embeddable":true,"href":"https:\/\/gerens.pe\/blog\/wp-json\/wp\/v2\/comments?post=7748"}],"version-history":[{"count":3,"href":"https:\/\/gerens.pe\/blog\/wp-json\/wp\/v2\/posts\/7748\/revisions"}],"predecessor-version":[{"id":7756,"href":"https:\/\/gerens.pe\/blog\/wp-json\/wp\/v2\/posts\/7748\/revisions\/7756"}],"wp:featuredmedia":[{"embeddable":true,"href":"https:\/\/gerens.pe\/blog\/wp-json\/wp\/v2\/media\/7750"}],"wp:attachment":[{"href":"https:\/\/gerens.pe\/blog\/wp-json\/wp\/v2\/media?parent=7748"}],"wp:term":[{"taxonomy":"category","embeddable":true,"href":"https:\/\/gerens.pe\/blog\/wp-json\/wp\/v2\/categories?post=7748"},{"taxonomy":"post_tag","embeddable":true,"href":"https:\/\/gerens.pe\/blog\/wp-json\/wp\/v2\/tags?post=7748"}],"curies":[{"name":"wp","href":"https:\/\/api.w.org\/{rel}","templated":true}]}}