{"id":7629,"date":"2023-07-24T17:26:33","date_gmt":"2023-07-24T17:26:33","guid":{"rendered":"https:\/\/gerens.pe\/blog\/?p=7629"},"modified":"2023-07-24T17:26:33","modified_gmt":"2023-07-24T17:26:33","slug":"charlamos-con-ana-juarez-fundadora-de-wim-centroamerica","status":"publish","type":"post","link":"https:\/\/gerens.pe\/blog\/charlamos-con-ana-juarez-fundadora-de-wim-centroamerica\/","title":{"rendered":"Charlamos con Ana Ju\u00e1rez, fundadora de WIM Centroam\u00e9rica"},"content":{"rendered":"<p>La destacada alumna del Programa de Miner\u00eda para ejecutivos no Mineros (MINOMI) de la Escuela de Posgrado <a href=\"https:\/\/gerens.pe\/\">G\u011aRENS<\/a>, Ana Gabriela Ju\u00e1rez, fundadora de\u00a0<em><i>Women in Mining<\/i><\/em>\u00a0(<a href=\"https:\/\/wimperu.org\/\">WIM<\/a>) Centroam\u00e9rica, vino al Per\u00fa el pasado s\u00e1bado 03 de junio para la\u00a0<a href=\"https:\/\/gerens.pe\/blog\/alumnos-del-programa-minomi-visitan-la-mina-condestable\/\"><u>visita a la Mina Condestable<\/u><\/a>. Con motivo de su participaci\u00f3n en el programa, charlamos con ella y le hicimos algunas preguntas:<\/p>\n<p>En primer lugar, en relaci\u00f3n a\u00a0<em><i>Women in Mining<\/i><\/em>, se le pregunt\u00f3\u00a0<strong><b>\u00bfqu\u00e9 fue lo que la motiv\u00f3 a fundar y dirigir WIM Centroam\u00e9rica?<\/b><\/strong>\u00a0A lo que Ju\u00e1rez respondi\u00f3:\u00a0<em><i>\u201cFund\u00e9 y dirijo WIM Centroam\u00e9rica por mi firme convicci\u00f3n de que las mujeres tienen un papel crucial en la industria minera y merecen oportunidades equitativas para crecer y liderar\u201d<\/i><\/em>; asimismo,<em><i>\u00a0<\/i><\/em>precis\u00f3 que tuvo la necesidad de trabajar en defensor\u00eda del sector minero y en la educaci\u00f3n minera, ya que reconoci\u00f3 que\u00a0<em><i>\u201chab\u00eda una falta de informaci\u00f3n precisa y equilibrada sobre la industria minera, y tambi\u00e9n una falta de oportunidades para las mujeres en este campo. Quer\u00eda cambiar esa realidad y trabajar para fomentar una mayor comprensi\u00f3n y apoyo hacia la miner\u00eda responsable en Centroam\u00e9rica y el Caribe, al tiempo que empoderaba a las mujeres para que desempe\u00f1aran un papel activo en el sector\u201d<\/i><\/em>.<\/p>\n<p>Frente a esta respuesta, nos preguntamos\u00a0<strong><b>\u00bfcu\u00e1l es su perspectiva sobre la participaci\u00f3n de la mujer en miner\u00eda en el futuro y ahora?<\/b><\/strong>\u00a0A lo que ella contest\u00f3 con gran entusiasmo: \u201c<em><i>Veo un futuro prometedor para la participaci\u00f3n de las mujeres en la miner\u00eda. Cada vez m\u00e1s mujeres est\u00e1n rompiendo barreras y ocupando roles de liderazgo en la industria. Sin embargo, a\u00fan queda mucho trabajo por hacer para lograr una verdadera igualdad de g\u00e9nero<\/i><\/em>\u201d. De este modo, resalt\u00f3 que \u201c<em><i>es fundamental promover pol\u00edticas inclusivas, fomentar la educaci\u00f3n y capacitaci\u00f3n en \u00e1reas STEM para las ni\u00f1as, y crear entornos laborales que valoren y respeten la diversidad de talentos. Las mujeres aportan perspectivas \u00fanicas, habilidades y contribuciones significativas a la miner\u00eda, y su participaci\u00f3n fortalecer\u00e1 a\u00fan m\u00e1s la industria en el futuro<\/i><\/em>\u201d.<\/p>\n<p><img loading=\"lazy\" decoding=\"async\" class=\"wp-image-7630 alignright\" src=\"https:\/\/gerens.pe\/blog\/wp-content\/uploads\/2023\/07\/Captura-de-pantalla-2023-07-24-a-las-12.10.12.png\" alt=\"\" width=\"246\" height=\"356\" srcset=\"https:\/\/gerens.pe\/blog\/wp-content\/uploads\/2023\/07\/Captura-de-pantalla-2023-07-24-a-las-12.10.12.png 866w, https:\/\/gerens.pe\/blog\/wp-content\/uploads\/2023\/07\/Captura-de-pantalla-2023-07-24-a-las-12.10.12-208x300.png 208w, https:\/\/gerens.pe\/blog\/wp-content\/uploads\/2023\/07\/Captura-de-pantalla-2023-07-24-a-las-12.10.12-768x1110.png 768w, https:\/\/gerens.pe\/blog\/wp-content\/uploads\/2023\/07\/Captura-de-pantalla-2023-07-24-a-las-12.10.12-708x1024.png 708w, https:\/\/gerens.pe\/blog\/wp-content\/uploads\/2023\/07\/Captura-de-pantalla-2023-07-24-a-las-12.10.12-360x520.png 360w\" sizes=\"(max-width: 246px) 100vw, 246px\" \/><\/p>\n<p>&nbsp;<\/p>\n<p>Posteriormente, se le pidi\u00f3 su opini\u00f3n acerca del programa MINOMI \u2015del cual es participe\u2015 y de sus actividades; as\u00ed, en principio se le pregunt\u00f3\u00a0<strong><b>\u00bfPor qu\u00e9 decidi\u00f3 estudiar en G\u011aRENS el programa de Miner\u00eda para no Mineros?\u00a0<\/b><\/strong>A lo que la fundadora de WIM Centroam\u00e9rica contest\u00f3: \u201c<em><i>Fui invitada por G\u011aRENS como invitada especial del programa de Miner\u00eda para no Mineros; y habi\u00e9ndome especializado en ciencias ambientales, reconozco la importancia de adquirir un conocimiento s\u00f3lido sobre la industria minera<\/i><\/em>\u201d; adem\u00e1s de ello, destac\u00f3 del programa MINOMI que le \u201c<em><i>brind\u00f3 una comprensi\u00f3n integral de los aspectos clave de la miner\u00eda, incluidos los aspectos legales, econ\u00f3micos, ambientales y sociales<\/i><\/em>\u201d.<\/p>\n<p>&nbsp;<\/p>\n<p>&nbsp;<\/p>\n<p><em><i>El programa de G\u011aRENS brinda una formaci\u00f3n integral y de alta calidad en el campo de la miner\u00eda, incluso para aquellos sin experiencia t\u00e9cnica previa. Los conocimientos adquiridos en el curso son relevantes y aplicables en el contexto de la industria minera actual. Adem\u00e1s, la metodolog\u00eda de ense\u00f1anza y la experiencia de los profesionales y docentes involucrados.<\/i><\/em><\/p>\n<p>&nbsp;<\/p>\n<p>Luego, Ana Ju\u00e1rez coment\u00f3\u00a0sobre su experiencia en la visita a la Mina Condestable:<\/p>\n<p><em><i>La experiencia de visita a la Mina Condestable fue incre\u00edblemente enriquecedora. Pude presenciar de primera mano las operaciones mineras y conocer a una mina subterr\u00e1nea, conocer a profesionales apasionados y aprender sobre las innovaciones y pr\u00e1cticas sostenibles implementadas en la mina. Fue inspirador ver c\u00f3mo se equilibra la extracci\u00f3n de recursos con la protecci\u00f3n del medio ambiente y el compromiso con las comunidades locales. La visita me brind\u00f3 una perspectiva m\u00e1s completa de la industria minera del Per\u00fa y me motiv\u00f3 a\u00fan m\u00e1s a seguir trabajando en favor de la sostenibilidad y el desarrollo responsable.<\/i><\/em><\/p>\n<p>As\u00ed, se le pregunt\u00f3 si recomendar\u00eda el programa MINOMI a sus colegas, amigos o familiares; a lo que Ju\u00e1rez respondi\u00f3: \u201c<em><i>Sin lugar a dudas, recomendar\u00eda el curso a mis colegas, amigos y familiares<\/i><\/em>\u201d. Adem\u00e1s, a\u00f1adi\u00f3 sobre el programa que: \u201c<em><i>los conocimientos adquiridos en el curso son relevantes y aplicables en el contexto de la industria minera actual. Adem\u00e1s, la metodolog\u00eda de ense\u00f1anza y la experiencia de los profesionales y docentes involucrados garantizan un aprendizaje valioso y pr\u00e1ctico. Me alegra mucho que WIMCA y\u00a0G\u011aRENS\u00a0est\u00e9n trabajando de la mano para poder apoyar a trav\u00e9s de becas a los profesionales de la regi\u00f3n Centroam\u00e9rica y el Caribe<\/i><\/em>\u201d.<\/p>\n<p>Finalmente, se le pregunt\u00f3:\u00a0<strong><b>\u00bfQu\u00e9 es lo que m\u00e1s le gust\u00f3 de su visita al Per\u00fa?<\/b><\/strong>\u00a0 A lo que Ju\u00e1rez contest\u00f3 animadamente que: \u201c<em><i>Durante mi visita al Per\u00fa, qued\u00e9 impresionada por la riqueza cultural, la belleza natural y la hospitalidad de su gente. Tuve la oportunidad de explorar lugares emblem\u00e1ticos como Machu Picchu y descubrir la rica historia y tradiciones del pa\u00eds<\/i><\/em>\u201d; adem\u00e1s respecto a nuestro sector minero precis\u00f3 \u201c<em><i>pude interactuar con profesionales de la industria minera peruana y aprender de sus experiencias. La visita me permiti\u00f3 apreciar la importancia de la miner\u00eda en el contexto peruano<\/i><\/em>\u201d.<\/p>\n<p>&nbsp;<\/p>\n","protected":false},"excerpt":{"rendered":"<p>La destacada alumna del Programa de Miner\u00eda para ejecutivos no Mineros (MINOMI) de la Escuela de Posgrado G\u011aRENS, Ana Gabriela Ju\u00e1rez, fundadora&#8230;<\/p>\n","protected":false},"author":2,"featured_media":7631,"comment_status":"open","ping_status":"open","sticky":false,"template":"","format":"standard","meta":{"footnotes":""},"categories":[1],"tags":[],"amp_enabled":true,"_links":{"self":[{"href":"https:\/\/gerens.pe\/blog\/wp-json\/wp\/v2\/posts\/7629"}],"collection":[{"href":"https:\/\/gerens.pe\/blog\/wp-json\/wp\/v2\/posts"}],"about":[{"href":"https:\/\/gerens.pe\/blog\/wp-json\/wp\/v2\/types\/post"}],"author":[{"embeddable":true,"href":"https:\/\/gerens.pe\/blog\/wp-json\/wp\/v2\/users\/2"}],"replies":[{"embeddable":true,"href":"https:\/\/gerens.pe\/blog\/wp-json\/wp\/v2\/comments?post=7629"}],"version-history":[{"count":1,"href":"https:\/\/gerens.pe\/blog\/wp-json\/wp\/v2\/posts\/7629\/revisions"}],"predecessor-version":[{"id":7632,"href":"https:\/\/gerens.pe\/blog\/wp-json\/wp\/v2\/posts\/7629\/revisions\/7632"}],"wp:featuredmedia":[{"embeddable":true,"href":"https:\/\/gerens.pe\/blog\/wp-json\/wp\/v2\/media\/7631"}],"wp:attachment":[{"href":"https:\/\/gerens.pe\/blog\/wp-json\/wp\/v2\/media?parent=7629"}],"wp:term":[{"taxonomy":"category","embeddable":true,"href":"https:\/\/gerens.pe\/blog\/wp-json\/wp\/v2\/categories?post=7629"},{"taxonomy":"post_tag","embeddable":true,"href":"https:\/\/gerens.pe\/blog\/wp-json\/wp\/v2\/tags?post=7629"}],"curies":[{"name":"wp","href":"https:\/\/api.w.org\/{rel}","templated":true}]}}