{"id":7625,"date":"2023-07-11T15:09:10","date_gmt":"2023-07-11T15:09:10","guid":{"rendered":"https:\/\/gerens.pe\/blog\/?p=7625"},"modified":"2023-08-18T22:18:49","modified_gmt":"2023-08-18T22:18:49","slug":"el-35-de-los-ceos-mineros-expuestos-a-los-riesgos-con-el-clima","status":"publish","type":"post","link":"https:\/\/gerens.pe\/blog\/el-35-de-los-ceos-mineros-expuestos-a-los-riesgos-con-el-clima\/","title":{"rendered":"El 35% de los CEOs mineros se sienten expuestos a los riesgos relacionados con el clima"},"content":{"rendered":"<p><i><span style=\"font-weight: 400;\">M\u00e1s de un tercio, alrededor de 4.000, o el 35%, de los CEOs <\/span><\/i><i><span style=\"font-weight: 400;\">mineros<\/span><\/i><i><span style=\"font-weight: 400;\"> encuestados por PwC para su \u00faltimo informe global de <\/span><\/i><i><span style=\"font-weight: 400;\">miner\u00eda<\/span><\/i><i><span style=\"font-weight: 400;\"> consideran que su empresa estar\u00e1 altamente o extremadamente expuesta a riesgos relacionados con el clima en los pr\u00f3ximos cinco a\u00f1os.<\/span><\/i><\/p>\n<p><span style=\"font-weight: 400;\">A pesar del impulso global para reducir las emisiones de carbono, el informe &#8216;Mine 2023: The Era of Reinvention&#8217; de este a\u00f1o, la vig\u00e9sima edici\u00f3n del informe global, encontr\u00f3 que la inestabilidad geopol\u00edtica del a\u00f1o pasado result\u00f3 en una creciente demanda de <\/span><span style=\"font-weight: 400;\">carb\u00f3n<\/span><span style=\"font-weight: 400;\">, convirtiendo al <\/span><span style=\"font-weight: 400;\">carb\u00f3n<\/span><span style=\"font-weight: 400;\"> en el mayor contribuyente a los ingresos generales de las 40 principales compa\u00f1\u00edas <\/span><span style=\"font-weight: 400;\">mineras<\/span><span style=\"font-weight: 400;\"> con un 28%. Esta es la primera vez que el <\/span><span style=\"font-weight: 400;\">carb\u00f3n<\/span><span style=\"font-weight: 400;\"> ha estado en la parte superior de la lista desde 2010.<\/span><\/p>\n<p><span style=\"font-weight: 400;\">Sin embargo, a pesar de la continua demanda de <\/span><span style=\"font-weight: 400;\">carb\u00f3n<\/span><span style=\"font-weight: 400;\">, el impulso para la transici\u00f3n de la sociedad global a fuentes de <\/span><span style=\"font-weight: 400;\">energ\u00eda<\/span><span style=\"font-weight: 400;\"> m\u00e1s <\/span><span style=\"font-weight: 400;\">sostenibles<\/span><span style=\"font-weight: 400;\"> est\u00e1 dando como resultado el desarrollo m\u00e1s significativo que el sector ha presenciado en d\u00e9cadas: la era de los minerales cr\u00edticos.<\/span><\/p>\n<p><span style=\"font-weight: 400;\">Aunque la demanda de minerales cr\u00edticos est\u00e1 aumentando r\u00e1pidamente, estos minerales, aparte del <\/span><span style=\"font-weight: 400;\">cobre<\/span><span style=\"font-weight: 400;\">, representaron solo una peque\u00f1a parte de los ingresos totales de las 40 principales compa\u00f1\u00edas para 2022, con vol\u00famenes de producci\u00f3n crecientes pero precios vol\u00e1tiles.<\/span><\/p>\n<p><span style=\"font-weight: 400;\">El gasto en la b\u00fasqueda de minerales <\/span><span style=\"font-weight: 400;\">cr\u00edticos como cobre<\/span><span style=\"font-weight: 400;\">, litio y cobalto creci\u00f3 significativamente el a\u00f1o pasado, aunque PwC espera que el gasto total en <\/span><span style=\"font-weight: 400;\">exploraci\u00f3n<\/span><span style=\"font-weight: 400;\"> disminuya este a\u00f1o a medida que las ganancias se suavicen.<\/span><\/p>\n<p><span style=\"font-weight: 400;\">En este <\/span><span style=\"font-weight: 400;\">entorno<\/span><span style=\"font-weight: 400;\"> m\u00e1s din\u00e1mico e intensamente competitivo, el informe de PwC afirma que los mineros ya no pueden confiar en las carteras y m\u00e9todos del pasado para generar valor.<\/span><\/p>\n<p><span style=\"font-weight: 400;\">Un cambio que PwC cree que exige una respuesta es el surgimiento del gobierno como una nueva categor\u00eda importante de jugador en el mercado de minerales cr\u00edticos.<\/span><\/p>\n<p><span style=\"font-weight: 400;\">\u00abDespu\u00e9s de ver un r\u00e1pido crecimiento de la demanda y niveles riesgosos de concentraci\u00f3n de la cadena de suministro, los gobiernos de todo el mundo han formado alianzas, instituido nuevas pol\u00edticas y movilizado fondos para asegurar el acceso a minerales cr\u00edticos. Se espera que estos movimientos cambien el <\/span><span style=\"font-weight: 400;\">negocio<\/span> <span style=\"font-weight: 400;\">minero<\/span><span style=\"font-weight: 400;\">\u00ab, dijo Andries Rossouw, l\u00edder de <\/span><span style=\"font-weight: 400;\">energ\u00eda<\/span><span style=\"font-weight: 400;\">, servicios p\u00fablicos y <\/span><span style=\"font-weight: 400;\">recursos<\/span><span style=\"font-weight: 400;\"> de PwC <\/span><span style=\"font-weight: 400;\">\u00c1frica<\/span><span style=\"font-weight: 400;\">, durante una presentaci\u00f3n de los hallazgos en el informe el 7 de junio.<\/span><\/p>\n<p><span style=\"font-weight: 400;\">Dijo que la entrada de fondos p\u00fablicos, por ejemplo, significaba que los mineros tendr\u00edan que repensar las tasas de rendimiento que podr\u00edan esperar en los activos <\/span><span style=\"font-weight: 400;\">de la miner\u00eda o la<\/span><span style=\"font-weight: 400;\"> cadena de suministro. <\/span><span style=\"font-weight: 400;\">Las compa\u00f1\u00edas mineras<\/span><span style=\"font-weight: 400;\"> tambi\u00e9n tendr\u00edan que lidiar con un mayor riesgo de inversi\u00f3n y una mayor competencia, ya que los gobiernos alteraron el campo de juego con incentivos e intervenciones.<\/span><\/p>\n<p><span style=\"font-weight: 400;\">El informe de la mina ha demostrado que la acci\u00f3n del gobierno en el espacio de minerales cr\u00edticos ha tomado tres formas.<\/span><\/p>\n<p><span style=\"font-weight: 400;\">En primer lugar, hay un n\u00famero creciente de asociaciones estrat\u00e9gicas de gobierno a gobierno o acuerdos comerciales centrados en la colaboraci\u00f3n de minerales cr\u00edticos.<\/span><\/p>\n<p><span style=\"font-weight: 400;\">En segundo lugar, se est\u00e1n creando y promulgando nuevas leyes, pol\u00edticas o reglamentos para proteger, asegurar o impulsar el crecimiento de minerales cr\u00edticos y cadenas de suministro.<\/span><\/p>\n<p><span style=\"font-weight: 400;\">Por \u00faltimo, se est\u00e1n proporcionando fondos gubernamentales directos o fondos respaldados por el gobierno para financiar empresas en minerales cr\u00edticos y sus cadenas de suministro.<\/span><\/p>\n<p><img loading=\"lazy\" decoding=\"async\" class=\"size-full wp-image-6911 aligncenter\" src=\"https:\/\/gerens.pe\/blog\/wp-content\/uploads\/2022\/09\/Captura-de-Pantalla-2022-09-16-a-las-17.45.47.png\" alt=\"\" width=\"1976\" height=\"1294\" srcset=\"https:\/\/gerens.pe\/blog\/wp-content\/uploads\/2022\/09\/Captura-de-Pantalla-2022-09-16-a-las-17.45.47.png 1976w, https:\/\/gerens.pe\/blog\/wp-content\/uploads\/2022\/09\/Captura-de-Pantalla-2022-09-16-a-las-17.45.47-300x196.png 300w, https:\/\/gerens.pe\/blog\/wp-content\/uploads\/2022\/09\/Captura-de-Pantalla-2022-09-16-a-las-17.45.47-768x503.png 768w, https:\/\/gerens.pe\/blog\/wp-content\/uploads\/2022\/09\/Captura-de-Pantalla-2022-09-16-a-las-17.45.47-1024x671.png 1024w, https:\/\/gerens.pe\/blog\/wp-content\/uploads\/2022\/09\/Captura-de-Pantalla-2022-09-16-a-las-17.45.47-360x236.png 360w\" sizes=\"(max-width: 1976px) 100vw, 1976px\" \/><\/p>\n<p><span style=\"font-weight: 400;\">El resultado de la entrada de los gobiernos en el mercado es que habr\u00e1 una mayor demanda de minerales cr\u00edticos, lo que alterar\u00e1 el panorama financiero, aumentando el riesgo <\/span><span style=\"font-weight: 400;\">de<\/span><span style=\"font-weight: 400;\"> inversi\u00f3n y llevando la competencia a nuevas alturas. Adem\u00e1s, se impondr\u00e1n normas <\/span><span style=\"font-weight: 400;\">ambientales<\/span><span style=\"font-weight: 400;\"> cada vez m\u00e1s estrictas a los mineros debido a la participaci\u00f3n del sector p\u00fablico.<\/span><\/p>\n<p><span style=\"font-weight: 400;\">El informe de PwC muestra que las transacciones de minerales cr\u00edticos dominaron la actividad de acuerdos el a\u00f1o pasado, ya que tanto las compa\u00f1\u00edas <\/span><span style=\"font-weight: 400;\">mineras<\/span><span style=\"font-weight: 400;\"> grandes como las peque\u00f1as se apresuraron a reposicionarse para la transici\u00f3n <\/span><span style=\"font-weight: 400;\">energ\u00e9tica<\/span><span style=\"font-weight: 400;\">.<\/span><\/p>\n<p><span style=\"font-weight: 400;\">Como resultado, el valor de los acuerdos de minerales cr\u00edticos aument\u00f3 en un 151% a partir de 2021, lo que representa el 66% de todo el valor del acuerdo en 2022. <\/span><span style=\"font-weight: 400;\">El cobre<\/span><span style=\"font-weight: 400;\"> fue el producto \u00abm\u00e1s caliente\u00bb del a\u00f1o, representando el 85% de todas las transacciones de minerales cr\u00edticos.<\/span><\/p>\n<p><span style=\"font-weight: 400;\">Sin embargo, Laetitia Le Roux, l\u00edder de impuestos del mercado sur de energ\u00eda, servicios p\u00fablicos y <\/span><span style=\"font-weight: 400;\">recursos<\/span><span style=\"font-weight: 400;\"> de PwC, destac\u00f3 que, incluso cuando la industria <\/span><span style=\"font-weight: 400;\">minera<\/span><span style=\"font-weight: 400;\"> mundial se esforz\u00f3 por aumentar la producci\u00f3n de minerales cr\u00edticos para apoyar la transici\u00f3n <\/span><span style=\"font-weight: 400;\">energ\u00e9tica<\/span><span style=\"font-weight: 400;\">, los l\u00edderes de las compa\u00f1\u00edas <\/span><span style=\"font-weight: 400;\">mineras<\/span><span style=\"font-weight: 400;\"> eran muy conscientes de que deben reducir sus emisiones de carbono para evitar riesgos como barreras de <\/span><span style=\"font-weight: 400;\">mercado,<\/span><span style=\"font-weight: 400;\"> multas y p\u00e9rdida de licencia social para operar.<\/span><\/p>\n<p><span style=\"font-weight: 400;\">Se\u00f1al\u00f3 que, de los CEOs que fueron encuestados en la vig\u00e9simo sexta &#8216;Annual Global CEO Survey&#8217; de PwC, el 41% dijo que no cre\u00eda que sus empresas fueran econ\u00f3micamente viables dentro de diez a\u00f1os si continuaban en su camino actual sin reinventarse y adaptarse a la nueva era de minerales cr\u00edticos.<\/span><\/p>\n<p><span style=\"font-weight: 400;\">Le Roux se\u00f1al\u00f3, sin embargo, que la descarbonizaci\u00f3n no era necesariamente una amenaza, sino que presentaba una oportunidad para que las empresas <\/span><span style=\"font-weight: 400;\">mineras<\/span><span style=\"font-weight: 400;\"> crearan valor. Al acelerar sus planes de descarbonizaci\u00f3n y extenderlos a sus cadenas de suministro, Rossouw se\u00f1al\u00f3 que las empresas mineras podr\u00edan obtener ahorros de costos, oportunidades de asociaci\u00f3n y t\u00e9rminos de financiamiento m\u00e1s <\/span><span style=\"font-weight: 400;\">favorables<\/span><span style=\"font-weight: 400;\">.<\/span><\/p>\n<p><span style=\"font-weight: 400;\">Las opciones m\u00e1s rentables para la descarbonizaci\u00f3n en la industria incluyen la <\/span><span style=\"font-weight: 400;\">electrificaci\u00f3n<\/span><span style=\"font-weight: 400;\"> directa, la mejora de la <\/span><span style=\"font-weight: 400;\">eficiencia<\/span><span style=\"font-weight: 400;\"> y la energ\u00eda <\/span><span style=\"font-weight: 400;\">renovable<\/span><span style=\"font-weight: 400;\">, seguidas de la <\/span><span style=\"font-weight: 400;\">energ\u00eda<\/span><span style=\"font-weight: 400;\"> de hidr\u00f3geno para aplicaciones que no se pueden electrificar.<\/span><\/p>\n<p><span style=\"font-weight: 400;\">Sin embargo, la producci\u00f3n de minerales cr\u00edticos tendr\u00eda que aumentar para satisfacer la creciente demanda de esta transici\u00f3n <\/span><span style=\"font-weight: 400;\">energ\u00e9tica<\/span><span style=\"font-weight: 400;\">, ya que alcanzar los objetivos globales de reducci\u00f3n de emisiones requerir\u00e1 m\u00e1s <\/span><span style=\"font-weight: 400;\">productos<\/span> <span style=\"font-weight: 400;\">mineros<\/span><span style=\"font-weight: 400;\">.<\/span><\/p>\n<p><span style=\"font-weight: 400;\">En particular, el <\/span><span style=\"font-weight: 400;\">acero<\/span><span style=\"font-weight: 400;\">, el <\/span><span style=\"font-weight: 400;\">cobre y el<\/span><span style=\"font-weight: 400;\"> litio se destacaron como los m\u00e1s cruciales.<\/span><\/p>\n<p><span style=\"font-weight: 400;\">En general, las perspectivas de PwC para este a\u00f1o son algo mixtas, particularmente con respecto a las 40 principales compa\u00f1\u00edas <\/span><span style=\"font-weight: 400;\">mineras<\/span><span style=\"font-weight: 400;\">.<\/span><\/p>\n<p><span style=\"font-weight: 400;\">Le Roux dijo que PwC espera ver un debilitamiento de los precios de muchos productos <\/span><span style=\"font-weight: 400;\">mineros<\/span><span style=\"font-weight: 400;\"> clave. Sin embargo, se esperaba que la tendencia de 2022 de aumento de los costos se estabilizara a lo largo de este a\u00f1o, ya que los menores costos de env\u00edo y combustible compensaron algunas presiones inflacionarias.<\/span><\/p>\n<p><span style=\"font-weight: 400;\">El gasto general de capital tambi\u00e9n disminuir\u00eda, aunque el gasto en minerales cr\u00edticos y la descarbonizaci\u00f3n deber\u00eda aumentar, dijo.<\/span><\/p>\n<p><i><span style=\"font-weight: 400;\">Este art\u00edculo ha sido publicado originalmente en <\/span><\/i><a href=\"https:\/\/www.miningweekly.com\/article\/35-of-mining-ceos-feel-exposed-to-climate-related-risks-2023-06-07\"><i><span style=\"font-weight: 400;\">Mining Weekly<\/span><\/i><\/a><i><span style=\"font-weight: 400;\">. Ha sido publicado y traducido por G\u011aRENS en junio de 2023.\u00a0<\/span><\/i><\/p>\n<p><i><span style=\"font-weight: 400;\">Impulsa tu desarrollo en el sector minero estudia la\u00a0 <\/span><\/i><a href=\"https:\/\/gerens.pe\/maestrias\/maestria\/maestria-en-gestion-minera-mmba\/presentacion\/\"><i><span style=\"font-weight: 400;\">Maestr\u00eda en Gesti\u00f3n Minera<\/span><\/i><\/a><span style=\"font-weight: 400;\"> de la Escuela de Postgrado <\/span><b>G<\/b><b>\u011a<\/b><b>RENS.<\/b><\/p>\n","protected":false},"excerpt":{"rendered":"<p>M\u00e1s de un tercio, alrededor de 4.000, o el 35%, de los CEOs mineros encuestados por PwC para su \u00faltimo informe global&#8230;<\/p>\n","protected":false},"author":2,"featured_media":7501,"comment_status":"open","ping_status":"open","sticky":false,"template":"","format":"standard","meta":{"footnotes":""},"categories":[3,568,2],"tags":[],"amp_enabled":true,"_links":{"self":[{"href":"https:\/\/gerens.pe\/blog\/wp-json\/wp\/v2\/posts\/7625"}],"collection":[{"href":"https:\/\/gerens.pe\/blog\/wp-json\/wp\/v2\/posts"}],"about":[{"href":"https:\/\/gerens.pe\/blog\/wp-json\/wp\/v2\/types\/post"}],"author":[{"embeddable":true,"href":"https:\/\/gerens.pe\/blog\/wp-json\/wp\/v2\/users\/2"}],"replies":[{"embeddable":true,"href":"https:\/\/gerens.pe\/blog\/wp-json\/wp\/v2\/comments?post=7625"}],"version-history":[{"count":1,"href":"https:\/\/gerens.pe\/blog\/wp-json\/wp\/v2\/posts\/7625\/revisions"}],"predecessor-version":[{"id":7626,"href":"https:\/\/gerens.pe\/blog\/wp-json\/wp\/v2\/posts\/7625\/revisions\/7626"}],"wp:featuredmedia":[{"embeddable":true,"href":"https:\/\/gerens.pe\/blog\/wp-json\/wp\/v2\/media\/7501"}],"wp:attachment":[{"href":"https:\/\/gerens.pe\/blog\/wp-json\/wp\/v2\/media?parent=7625"}],"wp:term":[{"taxonomy":"category","embeddable":true,"href":"https:\/\/gerens.pe\/blog\/wp-json\/wp\/v2\/categories?post=7625"},{"taxonomy":"post_tag","embeddable":true,"href":"https:\/\/gerens.pe\/blog\/wp-json\/wp\/v2\/tags?post=7625"}],"curies":[{"name":"wp","href":"https:\/\/api.w.org\/{rel}","templated":true}]}}