{"id":7601,"date":"2023-06-23T20:34:49","date_gmt":"2023-06-23T20:34:49","guid":{"rendered":"https:\/\/gerens.pe\/blog\/?p=7601"},"modified":"2023-06-23T20:41:42","modified_gmt":"2023-06-23T20:41:42","slug":"entrevista-al-director-general-de-promocion-y-sostenibilidad-minera-del-minem-walter-sanchez","status":"publish","type":"post","link":"https:\/\/gerens.pe\/blog\/entrevista-al-director-general-de-promocion-y-sostenibilidad-minera-del-minem-walter-sanchez\/","title":{"rendered":"Entrevista al director general de promoci\u00f3n y sostenibilidad minera del MINEM, Walter S\u00e1nchez"},"content":{"rendered":"<p>El d\u00eda martes 13 de junio, Walter S\u00e1nchez, egresado de la Maestr\u00eda en Gesti\u00f3n minera y del diplomado en Gesti\u00f3n Estrat\u00e9gica Minera de la Escuela de Posgrado G\u011aRENS, fue entrevistado en el programa Econom\u00eda para Todos del canal televisivo RPP. Actualmente, el sr. S\u00e1nchez es director general de Promoci\u00f3n y Sostenibilidad Minera en el Ministerio de Energ\u00eda y Minas (MINEM), y su labor en el \u00e1mbito minero se da en conjunto con el Ministerio de Econom\u00eda y Finanzas (MEF) y el Ministerio de Ambiente (MINAM).<\/p>\n<p>Durante la entrevista, se le pregunt\u00f3 al sr. S\u00e1nchez por la situaci\u00f3n del Per\u00fa como productor de cobre en la econom\u00eda internacional; este afirm\u00f3 que ya desde unas d\u00e9cadas el Per\u00fa es un l\u00edder en su producci\u00f3n, siendo el cobre uno de los principales productos de exportaci\u00f3n y dado que el pa\u00eds posee proyectos con operadores de talla mundial. Asimismo, frente al cuestionamiento de si se le debe temer al ascenso del Congo en la producci\u00f3n de cobre, S\u00e1nchez se\u00f1al\u00f3 que siendo esta una industria din\u00e1mica y frente al contexto de la pr\u00f3xima transici\u00f3n energ\u00e9tica, la necesidad del cobre como un insumo clave ha generado que el mercado internacional cotice de manera positiva las minas peruanas que son j\u00f3venes y con gran ventaja competitiva, lo que nos ha posicionado en el primer cuartil de la curva de costos.<\/p>\n<p>De acuerdo con S\u00e1nchez, actualmente el MINEM ranquea y les hace seguimiento a 47 proyectos mineros en cartera en 18 regiones diferentes, de los cuales 27 proyectos (72 %) son proyectos de cobre que se encuentran a la espera de ser ejecutados. Es as\u00ed que se destac\u00f3 que para que la industria minera se desarrolle se requiere un potencial geol\u00f3gico \u2015que el Per\u00fa posee\u2015 y un clima de inversi\u00f3n definido por la normativa e inevitablemente influenciado por la situaci\u00f3n pol\u00edtica y el percibimiento del riesgo pa\u00eds; en relaci\u00f3n a la tramitolog\u00eda, el trabajo articulado del MINEM, el MEF y el <a href=\"https:\/\/www.gob.pe\/minam\">MINAM<\/a> busca simplificar los procedimientos sin reducir las exigencias que se le hace a las empresas: cuidado del medioambiente, r\u00e9gimen laboral seguro y pago de impuestos.<\/p>\n<p>Finalmente, este importante miembro de la comunidad de egresados de <a href=\"https:\/\/gerens.pe\/blog\/entrevista-al-di\u2026m-walter-sanchez\/\">G\u011aRENS<\/a> resalt\u00f3 que si bien la reciente convulsi\u00f3n pol\u00edtica ha reducido la producci\u00f3n proyectada de las operaciones y ha afectado la percepci\u00f3n de cara al extranjero; una de las ventajas competitivas que posee el Per\u00fa es que se trata de un pa\u00eds polimet\u00e1lico que, adem\u00e1s de cobre, produce zinc, plomo, plata y oro; lo que permite una reducci\u00f3n de riesgos y hace al pa\u00eds m\u00e1s atractivo para los inversionistas extranjeros. Asimismo, afirm\u00f3 que actualmente se viene trabajando tanto con los gremios como con las comunidades para que sientan los beneficios de la miner\u00eda, a su vez que se est\u00e1 participando activamente de foros internacionales para cambiar la percepci\u00f3n del Per\u00fa ante los inversionistas extranjeros; y cerr\u00f3 la entrevista con las sabias palabras: <em><i>\u201c&#8230; <\/i><\/em><em><i>se plantea la necesidad de una paz social como prioritario para que los proyectos mineros puedan seguir\u201d.<\/i><\/em><\/p>\n<p>&nbsp;<\/p>\n","protected":false},"excerpt":{"rendered":"<p>El d\u00eda martes 13 de junio, Walter S\u00e1nchez, egresado de la Maestr\u00eda en Gesti\u00f3n minera y del diplomado en Gesti\u00f3n Estrat\u00e9gica Minera&#8230;<\/p>\n","protected":false},"author":2,"featured_media":7604,"comment_status":"open","ping_status":"open","sticky":false,"template":"","format":"standard","meta":{"footnotes":""},"categories":[758,2],"tags":[],"amp_enabled":true,"_links":{"self":[{"href":"https:\/\/gerens.pe\/blog\/wp-json\/wp\/v2\/posts\/7601"}],"collection":[{"href":"https:\/\/gerens.pe\/blog\/wp-json\/wp\/v2\/posts"}],"about":[{"href":"https:\/\/gerens.pe\/blog\/wp-json\/wp\/v2\/types\/post"}],"author":[{"embeddable":true,"href":"https:\/\/gerens.pe\/blog\/wp-json\/wp\/v2\/users\/2"}],"replies":[{"embeddable":true,"href":"https:\/\/gerens.pe\/blog\/wp-json\/wp\/v2\/comments?post=7601"}],"version-history":[{"count":1,"href":"https:\/\/gerens.pe\/blog\/wp-json\/wp\/v2\/posts\/7601\/revisions"}],"predecessor-version":[{"id":7602,"href":"https:\/\/gerens.pe\/blog\/wp-json\/wp\/v2\/posts\/7601\/revisions\/7602"}],"wp:featuredmedia":[{"embeddable":true,"href":"https:\/\/gerens.pe\/blog\/wp-json\/wp\/v2\/media\/7604"}],"wp:attachment":[{"href":"https:\/\/gerens.pe\/blog\/wp-json\/wp\/v2\/media?parent=7601"}],"wp:term":[{"taxonomy":"category","embeddable":true,"href":"https:\/\/gerens.pe\/blog\/wp-json\/wp\/v2\/categories?post=7601"},{"taxonomy":"post_tag","embeddable":true,"href":"https:\/\/gerens.pe\/blog\/wp-json\/wp\/v2\/tags?post=7601"}],"curies":[{"name":"wp","href":"https:\/\/api.w.org\/{rel}","templated":true}]}}