{"id":7455,"date":"2023-04-27T20:45:31","date_gmt":"2023-04-27T20:45:31","guid":{"rendered":"https:\/\/gerens.pe\/blog\/?p=7455"},"modified":"2023-04-27T22:18:19","modified_gmt":"2023-04-27T22:18:19","slug":"se-inauguran-las-clases-de-la-maestria-en-gestion-minera-2023","status":"publish","type":"post","link":"https:\/\/gerens.pe\/blog\/se-inauguran-las-clases-de-la-maestria-en-gestion-minera-2023\/","title":{"rendered":"Se inauguran las clases de la Maestr\u00eda en Gesti\u00f3n Minera 2023"},"content":{"rendered":"<p><img loading=\"lazy\" decoding=\"async\" class=\"wp-image-7457 alignright\" src=\"https:\/\/gerens.pe\/blog\/wp-content\/uploads\/2023\/04\/IMG-20230425-WA0020-1.jpg\" alt=\"\" width=\"388\" height=\"291\" srcset=\"https:\/\/gerens.pe\/blog\/wp-content\/uploads\/2023\/04\/IMG-20230425-WA0020-1.jpg 1280w, https:\/\/gerens.pe\/blog\/wp-content\/uploads\/2023\/04\/IMG-20230425-WA0020-1-300x225.jpg 300w, https:\/\/gerens.pe\/blog\/wp-content\/uploads\/2023\/04\/IMG-20230425-WA0020-1-768x576.jpg 768w, https:\/\/gerens.pe\/blog\/wp-content\/uploads\/2023\/04\/IMG-20230425-WA0020-1-1024x768.jpg 1024w, https:\/\/gerens.pe\/blog\/wp-content\/uploads\/2023\/04\/IMG-20230425-WA0020-1-360x270.jpg 360w\" sizes=\"(max-width: 388px) 100vw, 388px\" \/>El d\u00eda viernes 21 de abril, se realiz\u00f3 la inauguraci\u00f3n de las clases de la Maestr\u00eda de Gesti\u00f3n Minera (MMBA) 2023, la cual cont\u00f3 con la presencia de la Dr. Ana Rosa Adaniya, directora del Programa de Postgrado, Ing. Mariluz Adaniya, directora de la Maestr\u00eda en Gesti\u00f3n Minera, y el Dr. Rodrigo Prial\u00e9, docente principal y Gerente General de G\u011aRENS, como representantes de la Escuela de Postgrado G\u011aRENS; as\u00ed como la participaci\u00f3n especial del Sr. Domingo Drago, vicepresidente de Asuntos Corporativos y Desarrollo Sostenible para la Regi\u00f3n Am\u00e9ricas de Gold Fields, vicepresidente del Comit\u00e9 Sectorial Minero de la Sociedad Nacional de Miner\u00eda, Petr\u00f3leo y Energ\u00eda (SNMPE), y presidente de Rumbo a PERUMIN.<\/p>\n<p>Mariluz Adaniya estuvo a cargo de dar inicio a la ceremonia y de la entonaci\u00f3n del Himno Nacional; a continuaci\u00f3n, la Dra. Ana Rosa Adaniya brind\u00f3 unas palabras de bienvenida. Posteriormente, se dio paso a una charla sobre \u201cMiner\u00eda sostenible que promueve el desarrollo\u201d a cargo del Sr. Domingo Drago; esta charla inici\u00f3 con una introducci\u00f3n a la importancia del Per\u00fa como un pa\u00eds minero, el cual en los \u00faltimos 10 a\u00f1os ha alcanzado una inversi\u00f3n minera de US$ 57 mil millones y representa el 10 % del PBI nacional y el 60 % de las exportaciones; luego, se abordaron los principales retos que la gran miner\u00eda en el Per\u00fa enfrenta tales como la transferencia de canon y regal\u00edas mineras a regiones, los rubros y el nivel de ejecuci\u00f3n presupuestal regional, pues el 67% de nivel de ejecutados son recursos presupuestados de canon, sobrecanon y regal\u00edas, y los conflictos sociales a nivel nacional y en las zonas mineras.<\/p>\n<p><img loading=\"lazy\" decoding=\"async\" class=\"wp-image-7461 alignleft\" src=\"https:\/\/gerens.pe\/blog\/wp-content\/uploads\/2023\/04\/IMG-20230425-WA0025-1.jpg\" alt=\"\" width=\"361\" height=\"271\" srcset=\"https:\/\/gerens.pe\/blog\/wp-content\/uploads\/2023\/04\/IMG-20230425-WA0025-1.jpg 1600w, https:\/\/gerens.pe\/blog\/wp-content\/uploads\/2023\/04\/IMG-20230425-WA0025-1-300x225.jpg 300w, https:\/\/gerens.pe\/blog\/wp-content\/uploads\/2023\/04\/IMG-20230425-WA0025-1-768x576.jpg 768w, https:\/\/gerens.pe\/blog\/wp-content\/uploads\/2023\/04\/IMG-20230425-WA0025-1-1024x768.jpg 1024w, https:\/\/gerens.pe\/blog\/wp-content\/uploads\/2023\/04\/IMG-20230425-WA0025-1-360x270.jpg 360w\" sizes=\"(max-width: 361px) 100vw, 361px\" \/><\/p>\n<p><img loading=\"lazy\" decoding=\"async\" class=\"wp-image-7462 alignright\" src=\"https:\/\/gerens.pe\/blog\/wp-content\/uploads\/2023\/04\/IMG-20230425-WA0027-2.jpg\" alt=\"\" width=\"361\" height=\"271\" srcset=\"https:\/\/gerens.pe\/blog\/wp-content\/uploads\/2023\/04\/IMG-20230425-WA0027-2.jpg 1600w, https:\/\/gerens.pe\/blog\/wp-content\/uploads\/2023\/04\/IMG-20230425-WA0027-2-300x225.jpg 300w, https:\/\/gerens.pe\/blog\/wp-content\/uploads\/2023\/04\/IMG-20230425-WA0027-2-768x576.jpg 768w, https:\/\/gerens.pe\/blog\/wp-content\/uploads\/2023\/04\/IMG-20230425-WA0027-2-1024x768.jpg 1024w, https:\/\/gerens.pe\/blog\/wp-content\/uploads\/2023\/04\/IMG-20230425-WA0027-2-360x270.jpg 360w\" sizes=\"(max-width: 361px) 100vw, 361px\" \/><\/p>\n<p>&nbsp;<\/p>\n<p>&nbsp;<\/p>\n<p>&nbsp;<\/p>\n<p>&nbsp;<\/p>\n<p>&nbsp;<\/p>\n<p>&nbsp;<\/p>\n<p>Despu\u00e9s, Drago abord\u00f3 las tendencias globales de reputaci\u00f3n y sostenibilidad tales como la puesta en valor y el capitalismo de los stakeholders, la gesti\u00f3n de la reputaci\u00f3n en relaci\u00f3n al contexto externo y las tendencias, una aplicaci\u00f3n de escucha activa del modelo ESG, el alineamiento interno para la gesti\u00f3n de una reputaci\u00f3n transversal, las organizaciones con prop\u00f3sito conforme a una narrativa cohesiva. Finalmente, present\u00f3 su experiencia en Gold Fields en la actualidad, su prop\u00f3sito, elementos facilitadores y diferenciadores, sus prioridades ESG a 2030, su presencia a nivel mundial, su flujo de producci\u00f3n, su gesti\u00f3n social y su enfoque multiactoral.<\/p>\n<p><img loading=\"lazy\" decoding=\"async\" class=\"wp-image-7459 alignleft\" src=\"https:\/\/gerens.pe\/blog\/wp-content\/uploads\/2023\/04\/IMG-20230425-WA0023-1.jpg\" alt=\"\" width=\"362\" height=\"271\" srcset=\"https:\/\/gerens.pe\/blog\/wp-content\/uploads\/2023\/04\/IMG-20230425-WA0023-1.jpg 1600w, https:\/\/gerens.pe\/blog\/wp-content\/uploads\/2023\/04\/IMG-20230425-WA0023-1-300x225.jpg 300w, https:\/\/gerens.pe\/blog\/wp-content\/uploads\/2023\/04\/IMG-20230425-WA0023-1-768x576.jpg 768w, https:\/\/gerens.pe\/blog\/wp-content\/uploads\/2023\/04\/IMG-20230425-WA0023-1-1024x768.jpg 1024w, https:\/\/gerens.pe\/blog\/wp-content\/uploads\/2023\/04\/IMG-20230425-WA0023-1-360x270.jpg 360w\" sizes=\"(max-width: 362px) 100vw, 362px\" \/><\/p>\n<p><img loading=\"lazy\" decoding=\"async\" class=\"wp-image-7460 alignright\" src=\"https:\/\/gerens.pe\/blog\/wp-content\/uploads\/2023\/04\/IMG-20230425-WA0024-1.jpg\" alt=\"\" width=\"363\" height=\"273\" srcset=\"https:\/\/gerens.pe\/blog\/wp-content\/uploads\/2023\/04\/IMG-20230425-WA0024-1.jpg 1600w, https:\/\/gerens.pe\/blog\/wp-content\/uploads\/2023\/04\/IMG-20230425-WA0024-1-300x225.jpg 300w, https:\/\/gerens.pe\/blog\/wp-content\/uploads\/2023\/04\/IMG-20230425-WA0024-1-768x576.jpg 768w, https:\/\/gerens.pe\/blog\/wp-content\/uploads\/2023\/04\/IMG-20230425-WA0024-1-1024x768.jpg 1024w, https:\/\/gerens.pe\/blog\/wp-content\/uploads\/2023\/04\/IMG-20230425-WA0024-1-360x270.jpg 360w\" sizes=\"(max-width: 363px) 100vw, 363px\" \/><\/p>\n<p>&nbsp;<\/p>\n<p>&nbsp;<\/p>\n<p>&nbsp;<\/p>\n<p>&nbsp;<\/p>\n<p>&nbsp;<\/p>\n<p>&nbsp;<\/p>\n<p>La ceremonia de inauguraci\u00f3n fue cerrada por el Dr. Rodrigo Prial\u00e9; posterior a la inauguraci\u00f3n, se realizaron actividades de presentaci\u00f3n e integraci\u00f3n con los alumnos y el equipo de apoyo.<\/p>\n<p><img loading=\"lazy\" decoding=\"async\" class=\"wp-image-7458 alignright\" src=\"https:\/\/gerens.pe\/blog\/wp-content\/uploads\/2023\/04\/IMG-20230425-WA0021.jpg\" alt=\"\" width=\"360\" height=\"270\" srcset=\"https:\/\/gerens.pe\/blog\/wp-content\/uploads\/2023\/04\/IMG-20230425-WA0021.jpg 1280w, https:\/\/gerens.pe\/blog\/wp-content\/uploads\/2023\/04\/IMG-20230425-WA0021-300x225.jpg 300w, https:\/\/gerens.pe\/blog\/wp-content\/uploads\/2023\/04\/IMG-20230425-WA0021-768x576.jpg 768w, https:\/\/gerens.pe\/blog\/wp-content\/uploads\/2023\/04\/IMG-20230425-WA0021-1024x768.jpg 1024w, https:\/\/gerens.pe\/blog\/wp-content\/uploads\/2023\/04\/IMG-20230425-WA0021-360x270.jpg 360w\" sizes=\"(max-width: 360px) 100vw, 360px\" \/><\/p>\n<p><img loading=\"lazy\" decoding=\"async\" class=\"wp-image-7456 alignleft\" src=\"https:\/\/gerens.pe\/blog\/wp-content\/uploads\/2023\/04\/IMG-20230425-WA0019.jpg\" alt=\"\" width=\"360\" height=\"270\" srcset=\"https:\/\/gerens.pe\/blog\/wp-content\/uploads\/2023\/04\/IMG-20230425-WA0019.jpg 1280w, https:\/\/gerens.pe\/blog\/wp-content\/uploads\/2023\/04\/IMG-20230425-WA0019-300x225.jpg 300w, https:\/\/gerens.pe\/blog\/wp-content\/uploads\/2023\/04\/IMG-20230425-WA0019-768x576.jpg 768w, https:\/\/gerens.pe\/blog\/wp-content\/uploads\/2023\/04\/IMG-20230425-WA0019-1024x768.jpg 1024w, https:\/\/gerens.pe\/blog\/wp-content\/uploads\/2023\/04\/IMG-20230425-WA0019-360x270.jpg 360w\" sizes=\"(max-width: 360px) 100vw, 360px\" \/><\/p>\n<p>&nbsp;<\/p>\n","protected":false},"excerpt":{"rendered":"<p>El d\u00eda viernes 21 de abril, se realiz\u00f3 la inauguraci\u00f3n de las clases de la Maestr\u00eda de Gesti\u00f3n Minera (MMBA) 2023, la&#8230;<\/p>\n","protected":false},"author":2,"featured_media":7463,"comment_status":"open","ping_status":"open","sticky":false,"template":"","format":"standard","meta":{"footnotes":""},"categories":[1,2],"tags":[],"amp_enabled":true,"_links":{"self":[{"href":"https:\/\/gerens.pe\/blog\/wp-json\/wp\/v2\/posts\/7455"}],"collection":[{"href":"https:\/\/gerens.pe\/blog\/wp-json\/wp\/v2\/posts"}],"about":[{"href":"https:\/\/gerens.pe\/blog\/wp-json\/wp\/v2\/types\/post"}],"author":[{"embeddable":true,"href":"https:\/\/gerens.pe\/blog\/wp-json\/wp\/v2\/users\/2"}],"replies":[{"embeddable":true,"href":"https:\/\/gerens.pe\/blog\/wp-json\/wp\/v2\/comments?post=7455"}],"version-history":[{"count":15,"href":"https:\/\/gerens.pe\/blog\/wp-json\/wp\/v2\/posts\/7455\/revisions"}],"predecessor-version":[{"id":7478,"href":"https:\/\/gerens.pe\/blog\/wp-json\/wp\/v2\/posts\/7455\/revisions\/7478"}],"wp:featuredmedia":[{"embeddable":true,"href":"https:\/\/gerens.pe\/blog\/wp-json\/wp\/v2\/media\/7463"}],"wp:attachment":[{"href":"https:\/\/gerens.pe\/blog\/wp-json\/wp\/v2\/media?parent=7455"}],"wp:term":[{"taxonomy":"category","embeddable":true,"href":"https:\/\/gerens.pe\/blog\/wp-json\/wp\/v2\/categories?post=7455"},{"taxonomy":"post_tag","embeddable":true,"href":"https:\/\/gerens.pe\/blog\/wp-json\/wp\/v2\/tags?post=7455"}],"curies":[{"name":"wp","href":"https:\/\/api.w.org\/{rel}","templated":true}]}}