{"id":74,"date":"2015-11-11T11:19:42","date_gmt":"2015-11-11T16:19:42","guid":{"rendered":"https:\/\/gerens.pe\/blog\/?p=74"},"modified":"2015-11-11T11:19:42","modified_gmt":"2015-11-11T16:19:42","slug":"se-clausuro-primer-programa-avanzado-de-comunicacion-e-imagen","status":"publish","type":"post","link":"https:\/\/gerens.pe\/blog\/se-clausuro-primer-programa-avanzado-de-comunicacion-e-imagen\/","title":{"rendered":"Se clausur\u00f3 primer Programa avanzado de comunicaci\u00f3n e imagen"},"content":{"rendered":"<p><img loading=\"lazy\" decoding=\"async\" class=\"aligncenter wp-image-75 size-full\" src=\"https:\/\/gerens.pe\/blog\/wp-content\/uploads\/2015\/11\/FotoClausura.jpg\" alt=\"Clausura Programa Avanzado de Comunicaci\u00f3n\" width=\"640\" height=\"480\" \/><\/p>\n<p style=\"text-align: justify;\">La comunicaci\u00f3n est\u00e1 cobrando mayor fuerza e influye en aspectos estrat\u00e9gicos dentro de las organizaciones de hoy, dijo Carlos Oviedo, director del Programa de Comunicaci\u00f3n de GERENS durante el acto de cierre y entrega de certificados a los participantes del <a href=\"https:\/\/gerens.pe\/educacion-ejecutiva\/gestion-avanzada-de-comunicacion-e-imagen\/\" target=\"_blank\" rel=\"noopener\">programa avanzado de Comunicaci\u00f3n e Imagen<\/a>.<\/p>\n<p style=\"text-align: justify;\">Seg\u00fan el profesor Oviedo, las entidades p\u00fablicas y las empresas privadas, m\u00e1s que nunca, est\u00e1n demandando profesionales con mayor visi\u00f3n y capacidad para ayudarlas a afrontar las relaciones con sus p\u00fablicos.\u00a0 Se trata de procesos complejos debido al desarrollo de nuevos medios de comunicaci\u00f3n y al empoderamiento de los ciudadanos.\u00a0 Un mal manejo de esos temas pone en riesgo de crisis a una organizaci\u00f3n, a veces con consecuencias irreversibles.<\/p>\n<p style=\"text-align: justify;\">Por eso salud\u00f3 que un conjunto de profesionales se hayan actualizado al m\u00e1s alto nivel, durante seis meses, con el concurso de docentes experimentados y la colaboraci\u00f3n de la consultora internacional Atrevia.<\/p>\n<p style=\"text-align: justify;\">En dicho acto se cont\u00f3 con la presencia de los profesores Francisco Tumi, docente universitario, literato y periodista; Pedro Patr\u00f3n, Gerente de Comunicaci\u00f3n de Telef\u00f3nica Hispanoam\u00e9rica; y Alex Bonet, director de Atrevia Per\u00fa.<\/p>\n","protected":false},"excerpt":{"rendered":"<p>La comunicaci\u00f3n est\u00e1 cobrando mayor fuerza e influye en aspectos estrat\u00e9gicos dentro de las organizaciones de hoy, dijo Carlos Oviedo, director del&#8230;<\/p>\n","protected":false},"author":2,"featured_media":75,"comment_status":"open","ping_status":"open","sticky":false,"template":"","format":"standard","meta":{"footnotes":""},"categories":[2],"tags":[67,69],"amp_enabled":true,"_links":{"self":[{"href":"https:\/\/gerens.pe\/blog\/wp-json\/wp\/v2\/posts\/74"}],"collection":[{"href":"https:\/\/gerens.pe\/blog\/wp-json\/wp\/v2\/posts"}],"about":[{"href":"https:\/\/gerens.pe\/blog\/wp-json\/wp\/v2\/types\/post"}],"author":[{"embeddable":true,"href":"https:\/\/gerens.pe\/blog\/wp-json\/wp\/v2\/users\/2"}],"replies":[{"embeddable":true,"href":"https:\/\/gerens.pe\/blog\/wp-json\/wp\/v2\/comments?post=74"}],"version-history":[{"count":0,"href":"https:\/\/gerens.pe\/blog\/wp-json\/wp\/v2\/posts\/74\/revisions"}],"wp:featuredmedia":[{"embeddable":true,"href":"https:\/\/gerens.pe\/blog\/wp-json\/wp\/v2\/media\/75"}],"wp:attachment":[{"href":"https:\/\/gerens.pe\/blog\/wp-json\/wp\/v2\/media?parent=74"}],"wp:term":[{"taxonomy":"category","embeddable":true,"href":"https:\/\/gerens.pe\/blog\/wp-json\/wp\/v2\/categories?post=74"},{"taxonomy":"post_tag","embeddable":true,"href":"https:\/\/gerens.pe\/blog\/wp-json\/wp\/v2\/tags?post=74"}],"curies":[{"name":"wp","href":"https:\/\/api.w.org\/{rel}","templated":true}]}}