{"id":7377,"date":"2023-03-22T22:00:21","date_gmt":"2023-03-22T22:00:21","guid":{"rendered":"https:\/\/gerens.pe\/blog\/?p=7377"},"modified":"2023-03-22T22:16:35","modified_gmt":"2023-03-22T22:16:35","slug":"5ta-edicion-del-programa-gestion-integral-de-planes-de-cierre","status":"publish","type":"post","link":"https:\/\/gerens.pe\/blog\/5ta-edicion-del-programa-gestion-integral-de-planes-de-cierre\/","title":{"rendered":"Se presenta la 5ta edici\u00f3n del Programa de Especializaci\u00f3n \u00abGesti\u00f3n Integral de Planes de Cierre &#8211; Sector Minero y afines\u00bb"},"content":{"rendered":"<p>El d\u00eda jueves 16 de marzo, se realiz\u00f3 la charla virtual \u201cGesti\u00f3n Integral de Planes de Cierre\u201d como una muestra promocional del Programa de Especializaci\u00f3n \u00abGesti\u00f3n Integral de Planes de Cierre &#8211; Sector Minero y afines\u00bb de la Escuela de Posgrado GERENS que se iniciar\u00e1 el viernes 31 de marzo. La conferencia estuvo a cargo del especialista Percy Montoya.<\/p>\n<p>La jornada comenz\u00f3 con una breve presentaci\u00f3n del mencionado programa, el cual se encuentra en su quinta edici\u00f3n; y cuyos objetivos son ampliar los conocimientos, las habilidades y las competencias de los estudiantes para el cierre de minas. \u00a0De esta manera, Montoya rememora las experiencias y los logros alcanzados en las ediciones anteriores del programa en relaci\u00f3n a la perspectiva hol\u00edstica que e integral del cierre que se aborda en el programa. Asimismo, destac\u00f3 la diversidad de participantes de este programa, entre los que se encuentran profesionales del sector minero, consultores profesionales y funcionarios p\u00fablicos.<\/p>\n<p>Luego se destac\u00f3 la importancia del di\u00e1logo intersectorial para comprender las dificultades y los criterios involucrados en los planes de cierre para que la gesti\u00f3n del sector minero sea m\u00e1s adecuada; en relaci\u00f3n a ello, hizo referencia a la importancia e influencia de la evoluci\u00f3n de la normativa en los procesos de aprendizaje y consolidaci\u00f3n del sector. Asimismo, Montoya record\u00f3 la relevancia de tener en consideraci\u00f3n los factores geomorfol\u00f3gicos, climatol\u00f3gicos, antropol\u00f3gicos y arqueol\u00f3gicos inclusive, cuando se dise\u00f1a un plan de cierre.<\/p>\n<p>Posteriormente, se dio paso a algunos colegas presentes para expongan sus experiencias en cuanto a planes de cierre, sus avances y oportunidades de mejora; entre ellos, intervinieron Alberto Guizado, Allan Cascante e Isabel Garc\u00eda. En relaci\u00f3n a las situaciones mencionadas, Montoya destac\u00f3 el abordaje t\u00e9cnico que se da dentro del programa, por ejemplo en el cierre de tajos, desmonteras, labores subterr\u00e1neas, entre otros. Otra parte del programa se dedica al cierre social y la importancia de las comunicaciones; y finalmente se plantea la aplicaci\u00f3n de metodolog\u00edas \u00e1giles para la innovaci\u00f3n.<\/p>\n<p>Tres aspectos claves para un buen plan de cierre son: alcanzar sinergia trabajando de manera coordinada con operaciones; una gesti\u00f3n de compromisos de cierre asociadas a los estudios de impacto ambiental; y un mayor conocimiento t\u00e9cnico propio del cierre.<\/p>\n<p>Finalmente, Montoya respondi\u00f3 una ronda de preguntas respecto al tipo de trabajo aplicado en el programa y los beneficios que este mismo brinda a los alumnos.<\/p>\n<p>El video de esta conferencia se encuentra disponible para ser visualizado extempor\u00e1neamente para todos los interesados en el canal de <a href=\"https:\/\/www.youtube.com\/watch?v=ujqmTw9KRuE\" data-rel=\"lightbox-video-0\"><u>Youtube<\/u><\/a> de la Escuela de Posgrado GERENS. Para mayor informaci\u00f3n, ingresar al <a href=\"https:\/\/planesdecierre.gerens.pe\/\"><u>sitio web<\/u><\/a>\u00a0del Programa de Especializaci\u00f3n \u00abGesti\u00f3n Integral de Planes de Cierre &#8211; Sector Minero y afines\u00bb.<\/p>\n","protected":false},"excerpt":{"rendered":"<p>El d\u00eda jueves 16 de marzo, se realiz\u00f3 la charla virtual \u201cGesti\u00f3n Integral de Planes de Cierre\u201d como una muestra promocional del&#8230;<\/p>\n","protected":false},"author":2,"featured_media":7381,"comment_status":"open","ping_status":"open","sticky":false,"template":"","format":"standard","meta":{"footnotes":""},"categories":[1],"tags":[],"amp_enabled":true,"_links":{"self":[{"href":"https:\/\/gerens.pe\/blog\/wp-json\/wp\/v2\/posts\/7377"}],"collection":[{"href":"https:\/\/gerens.pe\/blog\/wp-json\/wp\/v2\/posts"}],"about":[{"href":"https:\/\/gerens.pe\/blog\/wp-json\/wp\/v2\/types\/post"}],"author":[{"embeddable":true,"href":"https:\/\/gerens.pe\/blog\/wp-json\/wp\/v2\/users\/2"}],"replies":[{"embeddable":true,"href":"https:\/\/gerens.pe\/blog\/wp-json\/wp\/v2\/comments?post=7377"}],"version-history":[{"count":2,"href":"https:\/\/gerens.pe\/blog\/wp-json\/wp\/v2\/posts\/7377\/revisions"}],"predecessor-version":[{"id":7382,"href":"https:\/\/gerens.pe\/blog\/wp-json\/wp\/v2\/posts\/7377\/revisions\/7382"}],"wp:featuredmedia":[{"embeddable":true,"href":"https:\/\/gerens.pe\/blog\/wp-json\/wp\/v2\/media\/7381"}],"wp:attachment":[{"href":"https:\/\/gerens.pe\/blog\/wp-json\/wp\/v2\/media?parent=7377"}],"wp:term":[{"taxonomy":"category","embeddable":true,"href":"https:\/\/gerens.pe\/blog\/wp-json\/wp\/v2\/categories?post=7377"},{"taxonomy":"post_tag","embeddable":true,"href":"https:\/\/gerens.pe\/blog\/wp-json\/wp\/v2\/tags?post=7377"}],"curies":[{"name":"wp","href":"https:\/\/api.w.org\/{rel}","templated":true}]}}