{"id":7336,"date":"2023-03-11T00:38:30","date_gmt":"2023-03-11T00:38:30","guid":{"rendered":"https:\/\/gerens.pe\/blog\/?p=7336"},"modified":"2023-03-11T15:20:46","modified_gmt":"2023-03-11T15:20:46","slug":"el-gas-natural-en-la-transicion-energetica-y-gas-natural","status":"publish","type":"post","link":"https:\/\/gerens.pe\/blog\/el-gas-natural-en-la-transicion-energetica-y-gas-natural\/","title":{"rendered":"El gas natural en la transici\u00f3n energ\u00e9tica"},"content":{"rendered":"<p>El pasado 12 de octubre del 2022, el Dr. Arturo V\u00e1squez Cordano, Director de Investigaci\u00f3n de la Escuela de Postgrado G\u011aRENS, particip\u00f3 del taller de \u201cAvances y perspectivas del sector hidrocarburos\u201d organizado por la Sociedad Nacional de Miner\u00eda, Petr\u00f3leo y Energ\u00eda (SNMPE).<\/p>\n<p>Su presentaci\u00f3n enfatiz\u00f3 la importancia que tiene el gas natural en la transici\u00f3n energ\u00e9tica y del tiempo necesario para obtener un cambio o reestructuraci\u00f3n de la matriz energ\u00e9tica peruana. Asimismo, Arturo V\u00e1squez denomin\u00f3 al gas natural como el combustible de transici\u00f3n por su poca emisi\u00f3n de CO<sub>2<\/sub>\u00a0y por la capacidad de producci\u00f3n que tiene el Per\u00fa (1,600 millones de pies c\u00fabicos por d\u00eda). Destac\u00f3 que el gas natural tendr\u00e1 una \u00e9poca dorada entre las d\u00e9cadas de los a\u00f1os del 2020 y 2040.<\/p>\n<p>En relaci\u00f3n con la Conferencia de las Naciones Unidas sobre el Cambio Clim\u00e1tico (COP26) resalt\u00f3 que, si se emiten 60 mil millones de toneladas de CO<sub>2 <\/sub>en un a\u00f1o, en ese mismo a\u00f1o se debe de neutralizar esa cantidad mediante el uso de energ\u00eda renovable o con tecnolog\u00eda que se suele llamarse \u201ccaptura del CO<sub>2<\/sub>\u201d; adem\u00e1s, que la COP26 propuso que los pa\u00edses realicen una transici\u00f3n energ\u00e9tica mediante la sustituci\u00f3n de combustibles de altas emisiones de gases de efecto invernadero por otras fuentes de energ\u00eda que emitan menos CO<sub>2<\/sub>\u00a0como el gas natural, las energ\u00eda renovables no convencionales y la energ\u00eda nuclear.<\/p>\n<p>Finalmente, Arturo V\u00e1squez recomend\u00f3 que el Per\u00fa deber\u00eda aprovechar la tendencia que hay en el mundo por el gas natural de manera que se pueda exportar, debido a que se generar\u00eda un c\u00edrculo virtuoso de desarrollo mediante la inversi\u00f3n en m\u00e1s proyectos de exploraci\u00f3n para encontrar nuevas reservas gas\u00edferas. Esto permitir\u00eda fortalecer el proceso de masificaci\u00f3n del gas natural en el mercado dom\u00e9stico y generar, por lo tanto, mayores recursos fiscales por concepto de regal\u00edas gas\u00edferas para el pa\u00eds. Recalc\u00f3 tambi\u00e9n que el avance en el proceso de transici\u00f3n energ\u00e9tica en el Per\u00fa se ve deteriorado, toda vez que existe incertidumbre e indecisi\u00f3n en el Gobierno sobre las pol\u00edticas energ\u00e9ticas que busca implementar.<\/p>\n<p>&nbsp;<\/p>\n<p>Puede acceder a la entrevista completa haciendo <a href=\"https:\/\/revistaenergiaynegocios.com\/2022\/10\/13\/el-gas-natural-en-la-transicion-energetica\/\"><u>click<\/u><\/a><\/p>\n<p>Fuente: <a href=\"https:\/\/revistaenergiaynegocios.com\/\">Revista Energ\u00eda y Negocios<\/a><\/p>\n","protected":false},"excerpt":{"rendered":"<p>El pasado 12 de octubre del 2022, el Dr. Arturo V\u00e1squez Cordano, Director de Investigaci\u00f3n de la Escuela de Postgrado G\u011aRENS, particip\u00f3&#8230;<\/p>\n","protected":false},"author":2,"featured_media":7344,"comment_status":"open","ping_status":"open","sticky":false,"template":"","format":"standard","meta":{"footnotes":""},"categories":[1],"tags":[],"amp_enabled":true,"_links":{"self":[{"href":"https:\/\/gerens.pe\/blog\/wp-json\/wp\/v2\/posts\/7336"}],"collection":[{"href":"https:\/\/gerens.pe\/blog\/wp-json\/wp\/v2\/posts"}],"about":[{"href":"https:\/\/gerens.pe\/blog\/wp-json\/wp\/v2\/types\/post"}],"author":[{"embeddable":true,"href":"https:\/\/gerens.pe\/blog\/wp-json\/wp\/v2\/users\/2"}],"replies":[{"embeddable":true,"href":"https:\/\/gerens.pe\/blog\/wp-json\/wp\/v2\/comments?post=7336"}],"version-history":[{"count":4,"href":"https:\/\/gerens.pe\/blog\/wp-json\/wp\/v2\/posts\/7336\/revisions"}],"predecessor-version":[{"id":7346,"href":"https:\/\/gerens.pe\/blog\/wp-json\/wp\/v2\/posts\/7336\/revisions\/7346"}],"wp:featuredmedia":[{"embeddable":true,"href":"https:\/\/gerens.pe\/blog\/wp-json\/wp\/v2\/media\/7344"}],"wp:attachment":[{"href":"https:\/\/gerens.pe\/blog\/wp-json\/wp\/v2\/media?parent=7336"}],"wp:term":[{"taxonomy":"category","embeddable":true,"href":"https:\/\/gerens.pe\/blog\/wp-json\/wp\/v2\/categories?post=7336"},{"taxonomy":"post_tag","embeddable":true,"href":"https:\/\/gerens.pe\/blog\/wp-json\/wp\/v2\/tags?post=7336"}],"curies":[{"name":"wp","href":"https:\/\/api.w.org\/{rel}","templated":true}]}}