{"id":7302,"date":"2023-03-02T00:19:30","date_gmt":"2023-03-02T00:19:30","guid":{"rendered":"https:\/\/gerens.pe\/blog\/?p=7302"},"modified":"2023-03-02T00:23:24","modified_gmt":"2023-03-02T00:23:24","slug":"docentes-de-gerens-reciben-capacitacion-en-educacion-hibrida","status":"publish","type":"post","link":"https:\/\/gerens.pe\/blog\/docentes-de-gerens-reciben-capacitacion-en-educacion-hibrida\/","title":{"rendered":"Docentes de G\u011aRENS reciben capacitaci\u00f3n en educaci\u00f3n h\u00edbrida"},"content":{"rendered":"<p>El taller \u201cEstrategias de aprendizaje significativo en la modalidad de educaci\u00f3n hibrida\u201d se realiz\u00f3 del lunes 13 al viernes 17 de diciembre de manera virtual; el cual estuvo a cargo del reconocido profesor en Gesti\u00f3n y Administraci\u00f3n Educativa, y en Tecnolog\u00edas de la Informaci\u00f3n y Comunicaci\u00f3n aplicadas a la educaci\u00f3n,\u00a0Mg. Jos\u00e9 Alberto Llaullipoma Roman\u00ed. Este taller fue ofrecido por la Escuela de Postgrado G\u011aRENS a sus docentes.<\/p>\n<p>Este seminario le permiti\u00f3 a los docentes de G\u011aRENS a reconocer los retos que implica el desarrollo de un aprendizaje hibrido en el \u00e1mbito de la educaci\u00f3n superior, identificar diversos recursos digitales que permitan generar un desarrollo adecuado de competencias en los estudiantes en la modalidad hibrida, e integrar en sus cursos estrategias de aprendizaje utilizando diversos recursos digitales para mejorar el aprendizaje en la modalidad h\u00edbrida.<\/p>\n<p>Los docentes participantes tuvieron de tres sesiones de aprendizaje las cuales finalizaron con trabajos para aplicar lo aprendido; durante la primera sesi\u00f3n aprendieron sobre los retos del aprendizaje h\u00edbrido, a partir de la cual empezaron a plantear formas transformar sus materias en experiencias de Aprendizaje H\u00edbrido. En la segunda sesi\u00f3n, abordaron el Aprendizaje Colaborativo en la modalidad h\u00edbrida con el uso de nuevas tecnolog\u00edas; y en la tercera sesi\u00f3n aprendieron a integrar los recursos digitales a la modalidad h\u00edbrida para el desarrollo de competencias. Para finalizar, los docentes realizaron videos de aprendizaje utilizando FLIP.<\/p>\n<p>&nbsp;<\/p>\n","protected":false},"excerpt":{"rendered":"<p>El taller \u201cEstrategias de aprendizaje significativo en la modalidad de educaci\u00f3n hibrida\u201d se realiz\u00f3 del lunes 13 al viernes 17 de diciembre&#8230;<\/p>\n","protected":false},"author":2,"featured_media":7303,"comment_status":"open","ping_status":"open","sticky":false,"template":"","format":"standard","meta":{"footnotes":""},"categories":[772],"tags":[],"amp_enabled":true,"_links":{"self":[{"href":"https:\/\/gerens.pe\/blog\/wp-json\/wp\/v2\/posts\/7302"}],"collection":[{"href":"https:\/\/gerens.pe\/blog\/wp-json\/wp\/v2\/posts"}],"about":[{"href":"https:\/\/gerens.pe\/blog\/wp-json\/wp\/v2\/types\/post"}],"author":[{"embeddable":true,"href":"https:\/\/gerens.pe\/blog\/wp-json\/wp\/v2\/users\/2"}],"replies":[{"embeddable":true,"href":"https:\/\/gerens.pe\/blog\/wp-json\/wp\/v2\/comments?post=7302"}],"version-history":[{"count":1,"href":"https:\/\/gerens.pe\/blog\/wp-json\/wp\/v2\/posts\/7302\/revisions"}],"predecessor-version":[{"id":7304,"href":"https:\/\/gerens.pe\/blog\/wp-json\/wp\/v2\/posts\/7302\/revisions\/7304"}],"wp:featuredmedia":[{"embeddable":true,"href":"https:\/\/gerens.pe\/blog\/wp-json\/wp\/v2\/media\/7303"}],"wp:attachment":[{"href":"https:\/\/gerens.pe\/blog\/wp-json\/wp\/v2\/media?parent=7302"}],"wp:term":[{"taxonomy":"category","embeddable":true,"href":"https:\/\/gerens.pe\/blog\/wp-json\/wp\/v2\/categories?post=7302"},{"taxonomy":"post_tag","embeddable":true,"href":"https:\/\/gerens.pe\/blog\/wp-json\/wp\/v2\/tags?post=7302"}],"curies":[{"name":"wp","href":"https:\/\/api.w.org\/{rel}","templated":true}]}}