{"id":7089,"date":"2022-11-30T22:20:10","date_gmt":"2022-11-30T22:20:10","guid":{"rendered":"https:\/\/gerens.pe\/blog\/?p=7089"},"modified":"2022-12-03T19:02:28","modified_gmt":"2022-12-03T19:02:28","slug":"actividad-entre-gerens-y-la-sociedad-geologica-del-peru","status":"publish","type":"post","link":"https:\/\/gerens.pe\/blog\/actividad-entre-gerens-y-la-sociedad-geologica-del-peru\/","title":{"rendered":"Taller de Liderazgo y desarrollo personal entre G\u011aRENS y la Sociedad Geol\u00f3gica del Per\u00fa"},"content":{"rendered":"<h1><\/h1>\n<p><img loading=\"lazy\" decoding=\"async\" class=\"Liderazgo y desarrollo personal aligncenter wp-image-7090 \" title=\"Liderazgo y desarrollo personal \" src=\"https:\/\/gerens.pe\/blog\/wp-content\/uploads\/2022\/11\/Captura-de-pantalla-2022-11-30-a-las-17.08.13-e1670094113154-1024x553.png\" alt=\"Liderazgo y desarrollo personal\" width=\"658\" height=\"355\" srcset=\"https:\/\/gerens.pe\/blog\/wp-content\/uploads\/2022\/11\/Captura-de-pantalla-2022-11-30-a-las-17.08.13-e1670094113154-1024x553.png 1024w, https:\/\/gerens.pe\/blog\/wp-content\/uploads\/2022\/11\/Captura-de-pantalla-2022-11-30-a-las-17.08.13-e1670094113154-300x162.png 300w, https:\/\/gerens.pe\/blog\/wp-content\/uploads\/2022\/11\/Captura-de-pantalla-2022-11-30-a-las-17.08.13-e1670094113154-768x414.png 768w, https:\/\/gerens.pe\/blog\/wp-content\/uploads\/2022\/11\/Captura-de-pantalla-2022-11-30-a-las-17.08.13-e1670094113154-382x206.png 382w, https:\/\/gerens.pe\/blog\/wp-content\/uploads\/2022\/11\/Captura-de-pantalla-2022-11-30-a-las-17.08.13-e1670094113154-360x194.png 360w, https:\/\/gerens.pe\/blog\/wp-content\/uploads\/2022\/11\/Captura-de-pantalla-2022-11-30-a-las-17.08.13-e1670094113154.png 1764w\" sizes=\"(max-width: 658px) 100vw, 658px\" \/><\/p>\n<p style=\"text-align: center;\">Luego de la firma del convenio, el ingeniero Rolando Cruzado, el Dr. Armando Gallegos y el Ing. Vidal Huam\u00e1n<\/p>\n<p>El pasado viernes 25 de noviembre, el Dr. Armando Gallegos, Rector de la Escuela de Posgrado G\u011aRENS, ofreci\u00f3 un taller de Liderazgo y desarrollo personal en la sede principal de la Sociedad Geol\u00f3gica del Per\u00fa (SGP) en el marco del II Encuentro Nacional de L\u00edderes de Cap\u00edtulos de Estudiantes de la SGP. La jornada did\u00e1ctica estuvo dirigida a los l\u00edderes de los once cap\u00edtulos de la SGP quienes representaron a sus respectivas universidades que ofrecen la carrera de Geolog\u00eda en el territorio nacional. Participaron representantes de las 11 universidades que ofrecen la carrera de geolog\u00eda en el Pa\u00eds como son la UNSAAC, UNI, PUCP, UNAC, UNC, UNP, UNAP, UNJBG, UNAS, UPN y UNMSM.<\/p>\n<p><img loading=\"lazy\" decoding=\"async\" class=\"Liderazgo y desarrollo personal aligncenter wp-image-7091\" title=\"Liderazgo y desarrollo personal \" src=\"https:\/\/gerens.pe\/blog\/wp-content\/uploads\/2022\/11\/Captura-de-pantalla-2022-11-30-a-las-17.08.24.png\" alt=\"Liderazgo y desarrollo personal \" width=\"638\" height=\"412\" srcset=\"https:\/\/gerens.pe\/blog\/wp-content\/uploads\/2022\/11\/Captura-de-pantalla-2022-11-30-a-las-17.08.24.png 1948w, https:\/\/gerens.pe\/blog\/wp-content\/uploads\/2022\/11\/Captura-de-pantalla-2022-11-30-a-las-17.08.24-300x194.png 300w, https:\/\/gerens.pe\/blog\/wp-content\/uploads\/2022\/11\/Captura-de-pantalla-2022-11-30-a-las-17.08.24-768x496.png 768w, https:\/\/gerens.pe\/blog\/wp-content\/uploads\/2022\/11\/Captura-de-pantalla-2022-11-30-a-las-17.08.24-1024x661.png 1024w, https:\/\/gerens.pe\/blog\/wp-content\/uploads\/2022\/11\/Captura-de-pantalla-2022-11-30-a-las-17.08.24-360x232.png 360w\" sizes=\"(max-width: 638px) 100vw, 638px\" \/><\/p>\n<p>Las palabras de bienvenida estuvieron a cargo del Ing. Vidal Huam\u00e1n, Presidente de la Sociedad Geol\u00f3gica del Per\u00fa. Posteriormente, hizo uso de la palabra el estudiante de la Universidad Nacional de Ingenier\u00eda (UNI), Andr\u00e9s Ticse quien represent\u00f3 a los L\u00edderes de los Cap\u00edtulos de Estudiantes de la SGP. La presentaci\u00f3n del colectivo de l\u00edderes estudiantiles estuvo a cargo de Franklin Yamunaqu\u00e9, en representaci\u00f3n de la Universidad Nacional de Piura (UNP).<\/p>\n<p>Ambos coincidieron en lo provechoso que fue para ellos y el resto de los asistentes atender el taller impartido por G\u011aRENS Escuela de Posgrado, en el cual fortalecieron sus competencias de liderazgo y habilidades de desarrollo personal. Consideraron que genera un alto impacto tomando en cuenta que se trata de estudiantes de los \u00faltimos a\u00f1os de formaci\u00f3n universitaria pr\u00f3ximos a egresar modelando su camino al liderar colectivos como los cap\u00edtulos de sus respectivas organizaciones.<\/p>\n<p><img loading=\"lazy\" decoding=\"async\" class=\"Liderazgo y desarrollo personal aligncenter wp-image-7092\" title=\"Liderazgo y desarrollo personal \" src=\"https:\/\/gerens.pe\/blog\/wp-content\/uploads\/2022\/11\/Captura-de-pantalla-2022-11-30-a-las-17.08.33.png\" alt=\"Liderazgo y desarrollo personal \" width=\"720\" height=\"400\" srcset=\"https:\/\/gerens.pe\/blog\/wp-content\/uploads\/2022\/11\/Captura-de-pantalla-2022-11-30-a-las-17.08.33.png 1914w, https:\/\/gerens.pe\/blog\/wp-content\/uploads\/2022\/11\/Captura-de-pantalla-2022-11-30-a-las-17.08.33-300x167.png 300w, https:\/\/gerens.pe\/blog\/wp-content\/uploads\/2022\/11\/Captura-de-pantalla-2022-11-30-a-las-17.08.33-768x427.png 768w, https:\/\/gerens.pe\/blog\/wp-content\/uploads\/2022\/11\/Captura-de-pantalla-2022-11-30-a-las-17.08.33-1024x569.png 1024w, https:\/\/gerens.pe\/blog\/wp-content\/uploads\/2022\/11\/Captura-de-pantalla-2022-11-30-a-las-17.08.33-360x200.png 360w\" sizes=\"(max-width: 720px) 100vw, 720px\" \/><\/p>\n<p>Al concluir el taller, se dio paso a la firma de un convenio que busca fortalecer los v\u00ednculos interinstitucionales entre <a href=\"https:\/\/gerens.pe\/\">G\u011aRENS<\/a> Escuela de Posgrado y la <a href=\"https:\/\/www.sgp.org.pe\/\">Sociedad Geol\u00f3gica del Per\u00fa<\/a>.<\/p>\n","protected":false},"excerpt":{"rendered":"<p>Luego de la firma del convenio, el ingeniero Rolando Cruzado, el Dr. Armando Gallegos y el Ing. Vidal Huam\u00e1n El pasado viernes&#8230;<\/p>\n","protected":false},"author":2,"featured_media":7090,"comment_status":"open","ping_status":"open","sticky":false,"template":"","format":"standard","meta":{"footnotes":""},"categories":[1],"tags":[],"amp_enabled":true,"_links":{"self":[{"href":"https:\/\/gerens.pe\/blog\/wp-json\/wp\/v2\/posts\/7089"}],"collection":[{"href":"https:\/\/gerens.pe\/blog\/wp-json\/wp\/v2\/posts"}],"about":[{"href":"https:\/\/gerens.pe\/blog\/wp-json\/wp\/v2\/types\/post"}],"author":[{"embeddable":true,"href":"https:\/\/gerens.pe\/blog\/wp-json\/wp\/v2\/users\/2"}],"replies":[{"embeddable":true,"href":"https:\/\/gerens.pe\/blog\/wp-json\/wp\/v2\/comments?post=7089"}],"version-history":[{"count":6,"href":"https:\/\/gerens.pe\/blog\/wp-json\/wp\/v2\/posts\/7089\/revisions"}],"predecessor-version":[{"id":7113,"href":"https:\/\/gerens.pe\/blog\/wp-json\/wp\/v2\/posts\/7089\/revisions\/7113"}],"wp:featuredmedia":[{"embeddable":true,"href":"https:\/\/gerens.pe\/blog\/wp-json\/wp\/v2\/media\/7090"}],"wp:attachment":[{"href":"https:\/\/gerens.pe\/blog\/wp-json\/wp\/v2\/media?parent=7089"}],"wp:term":[{"taxonomy":"category","embeddable":true,"href":"https:\/\/gerens.pe\/blog\/wp-json\/wp\/v2\/categories?post=7089"},{"taxonomy":"post_tag","embeddable":true,"href":"https:\/\/gerens.pe\/blog\/wp-json\/wp\/v2\/tags?post=7089"}],"curies":[{"name":"wp","href":"https:\/\/api.w.org\/{rel}","templated":true}]}}