{"id":6838,"date":"2022-09-03T18:00:02","date_gmt":"2022-09-03T18:00:02","guid":{"rendered":"https:\/\/gerens.pe\/blog\/?p=6838"},"modified":"2022-09-03T19:00:45","modified_gmt":"2022-09-03T19:00:45","slug":"la-escuela-de-posgrado-gerens-celebra-el-dia-del-reencuentro-alumni-2022","status":"publish","type":"post","link":"https:\/\/gerens.pe\/blog\/la-escuela-de-posgrado-gerens-celebra-el-dia-del-reencuentro-alumni-2022\/","title":{"rendered":"La Escuela de Posgrado G\u011aRENS celebra el D\u00eda del Reencuentro Alumni 2022"},"content":{"rendered":"<h1>La Escuela de Posgrado G\u011aRENS celebra el D\u00eda del Reencuentro Alumni 2022<\/h1>\n<p>El d\u00eda s\u00e1bado 20 de agosto se celebr\u00f3 el D\u00eda del Reencuentro Alumni 2022 de manera presencial en las oficinas de <a href=\"https:\/\/gerens.pe\/\">G\u011aRENS<\/a>. Este evento cont\u00f3 con la participaci\u00f3n de alumnos y exalumnos de la Escuela, quienes tuvieron la oportunidad de compartir experiencias y aportes para la elaboraci\u00f3n de un documento que propone acciones concretas para mejorar la relaci\u00f3n de la miner\u00eda con su entorno sociopol\u00edtico.<\/p>\n<p>El Dr. Rodrigo Prial\u00e9, Gerente general de la Escuela de Postgrado <a href=\"https:\/\/gerens.pe\/\">G\u011aRENS<\/a> dio las palabras de bienvenida a los asistentes. A continuaci\u00f3n, la Vicepresidenta de Sostenibilidad y Asuntos Externos de Antamina, Claudia Cooper, realiz\u00f3 una excelente presentaci\u00f3n acerca de \u201cLa miner\u00eda y su entorno sociopol\u00edtico\u201d. La charla se enfoc\u00f3 en 5 temas principales: la miner\u00eda en el entorno internacional; la situaci\u00f3n de la competitividad minera; la situaci\u00f3n actual de la miner\u00eda en el Per\u00fa; el desarrollo regional, humano y econ\u00f3mico; y el papel de la miner\u00eda en el modelo econ\u00f3mico latinoamericano.<\/p>\n<p><img loading=\"lazy\" decoding=\"async\" class=\"aligncenter wp-image-6846\" title=\"Maestr\u00eda Minera y de GERENS\" src=\"https:\/\/gerens.pe\/blog\/wp-content\/uploads\/2022\/09\/Captura-de-Pantalla-2022-09-03-a-las-12.34.19.png\" alt=\"Maestr\u00eda Minera y de GERENS\" width=\"1163\" height=\"434\" srcset=\"https:\/\/gerens.pe\/blog\/wp-content\/uploads\/2022\/09\/Captura-de-Pantalla-2022-09-03-a-las-12.34.19.png 2514w, https:\/\/gerens.pe\/blog\/wp-content\/uploads\/2022\/09\/Captura-de-Pantalla-2022-09-03-a-las-12.34.19-300x112.png 300w, https:\/\/gerens.pe\/blog\/wp-content\/uploads\/2022\/09\/Captura-de-Pantalla-2022-09-03-a-las-12.34.19-768x287.png 768w, https:\/\/gerens.pe\/blog\/wp-content\/uploads\/2022\/09\/Captura-de-Pantalla-2022-09-03-a-las-12.34.19-1024x382.png 1024w, https:\/\/gerens.pe\/blog\/wp-content\/uploads\/2022\/09\/Captura-de-Pantalla-2022-09-03-a-las-12.34.19-360x134.png 360w\" sizes=\"(max-width: 1163px) 100vw, 1163px\" \/><\/p>\n<p>En primer lugar, Cooper se\u00f1al\u00f3 que la transici\u00f3n energ\u00e9tica por la que est\u00e1 pasando el mundo ser\u00e1 un importante impulso para la demanda de metales que el Per\u00fa debe aprovechar considerando la alta demanda de cobre. En segundo lugar, destac\u00f3 que las condiciones financieras globales actuales afectar\u00e1n la estabilidad econ\u00f3mica que el Per\u00fa ha tenido en los \u00faltimos 30 a\u00f1os y asoci\u00f3 esta estabilidad con las pol\u00edticas establecidas en el pasado; de este modo, pas\u00f3 a abordar el tema de los conflictos sociales y la manera en que las pol\u00edticas p\u00fablicas actuales se enfocan en mitigarlos, y no solucionarlos ni considerar los efectos en la competitividad minera, lo cual podr\u00eda tener consecuencias adversas en el futuro. Destac\u00f3 la necesidad de ejecutar los proyectos actuales que corresponden a lo que llama una \u201cfiebre del cobre\u201d y a su vez, se debe buscar incrementar la inversi\u00f3n en exploraci\u00f3n para abrir oportunidades a nuevos proyectos que generen ingresos en los pr\u00f3ximos 30 a\u00f1os. Tambi\u00e9n recalc\u00f3 que la importancia de la miner\u00eda en el desarrollo del pa\u00eds se refleja en una reducci\u00f3n de la pobreza, que no es exclusivamente monetaria, sino tambi\u00e9n a trav\u00e9s del acceso a servicios b\u00e1sicos y oportunidades para las comunidades.<\/p>\n<p>Terminada la charla, Luis Chirinos se encarg\u00f3 de dirigir una din\u00e1mica grupal para promover el networking entre colegas, exalumnos y profesores de <a href=\"https:\/\/gerens.pe\/\">G\u011aRENS<\/a>. Durante \u00e9sta din\u00e1mica, se trabaj\u00f3 en grupos que compartieron sus ideas para el manejo de un entorno incierto, tomando como base la experiencia profesional.<\/p>\n<p><img loading=\"lazy\" decoding=\"async\" class=\"aligncenter wp-image-6847\" title=\"Maestr\u00eda Minera y de GERENS\" src=\"https:\/\/gerens.pe\/blog\/wp-content\/uploads\/2022\/09\/Captura-de-Pantalla-2022-09-03-a-las-12.36.36.png\" alt=\"Maestr\u00eda Minera y de GERENS\" width=\"1167\" height=\"435\" srcset=\"https:\/\/gerens.pe\/blog\/wp-content\/uploads\/2022\/09\/Captura-de-Pantalla-2022-09-03-a-las-12.36.36.png 2404w, https:\/\/gerens.pe\/blog\/wp-content\/uploads\/2022\/09\/Captura-de-Pantalla-2022-09-03-a-las-12.36.36-300x112.png 300w, https:\/\/gerens.pe\/blog\/wp-content\/uploads\/2022\/09\/Captura-de-Pantalla-2022-09-03-a-las-12.36.36-768x286.png 768w, https:\/\/gerens.pe\/blog\/wp-content\/uploads\/2022\/09\/Captura-de-Pantalla-2022-09-03-a-las-12.36.36-1024x382.png 1024w, https:\/\/gerens.pe\/blog\/wp-content\/uploads\/2022\/09\/Captura-de-Pantalla-2022-09-03-a-las-12.36.36-360x134.png 360w\" sizes=\"(max-width: 1167px) 100vw, 1167px\" \/><\/p>\n<p>Luego, la Dra. Ana Rosa Adaniya dirigi\u00f3 una din\u00e1mica de brainstorming individual para proponer c\u00f3mo mejorar la relaci\u00f3n entre la miner\u00eda y su entorno sociopol\u00edtico. Completada \u00e9sta din\u00e1mica, se discutieron en grupos peque\u00f1os propuestas de acci\u00f3n para resolver problemas, cada grupo cont\u00f3 con el apoyo de un docente, y finalmente se compartieron y discutieron las conclusiones a las que llegaron los grupos.<\/p>\n<p>Posteriormente, C\u00e9sar Pinedo, presidente de la Asociaci\u00f3n de Graduados y Exalumnos de <a href=\"https:\/\/gerens.pe\/\">G\u011aRENS<\/a>, brind\u00f3 unas palabras a los asistentes. Seguido de ello, se realiz\u00f3 un sorteo entre todos los exalumnos y docentes presentes de manera presencial y virtual de 2 becas para programas ejecutivos de <a href=\"https:\/\/gerens.pe\/\">G\u011aRENS<\/a>.<\/p>\n<p>Este Reencuentro de exalumnos termin\u00f3 con unas palabras de cierre por parte de Flora Miyagi, secretaria general de la <a href=\"https:\/\/gerens.pe\/\">EPG G\u011aRENS<\/a>, para finalmente compartir un almuerzo de confraternidad entre exalumnos y docentes.<\/p>\n<p><img loading=\"lazy\" decoding=\"async\" class=\"aligncenter wp-image-6848\" title=\"Maestr\u00eda Minera y de GERENS\" src=\"https:\/\/gerens.pe\/blog\/wp-content\/uploads\/2022\/09\/Captura-de-Pantalla-2022-09-03-a-las-12.38.06.png\" alt=\"Maestr\u00eda Minera y de GERENS\" width=\"1160\" height=\"433\" srcset=\"https:\/\/gerens.pe\/blog\/wp-content\/uploads\/2022\/09\/Captura-de-Pantalla-2022-09-03-a-las-12.38.06.png 2400w, https:\/\/gerens.pe\/blog\/wp-content\/uploads\/2022\/09\/Captura-de-Pantalla-2022-09-03-a-las-12.38.06-300x112.png 300w, https:\/\/gerens.pe\/blog\/wp-content\/uploads\/2022\/09\/Captura-de-Pantalla-2022-09-03-a-las-12.38.06-768x287.png 768w, https:\/\/gerens.pe\/blog\/wp-content\/uploads\/2022\/09\/Captura-de-Pantalla-2022-09-03-a-las-12.38.06-1024x382.png 1024w, https:\/\/gerens.pe\/blog\/wp-content\/uploads\/2022\/09\/Captura-de-Pantalla-2022-09-03-a-las-12.38.06-360x134.png 360w\" sizes=\"(max-width: 1160px) 100vw, 1160px\" \/><\/p>\n<p>Esperamos con ansias el pr\u00f3ximo D\u00eda del Reencuentro Alumni 2023, fecha en la que continuaremos compartiendo experiencias y estrechando lazos de amistad.<\/p>\n","protected":false},"excerpt":{"rendered":"<p>La Escuela de Posgrado G\u011aRENS celebra el D\u00eda del Reencuentro Alumni 2022 El d\u00eda s\u00e1bado 20 de agosto se celebr\u00f3 el D\u00eda&#8230;<\/p>\n","protected":false},"author":2,"featured_media":6855,"comment_status":"open","ping_status":"open","sticky":false,"template":"","format":"standard","meta":{"footnotes":""},"categories":[1],"tags":[],"amp_enabled":true,"_links":{"self":[{"href":"https:\/\/gerens.pe\/blog\/wp-json\/wp\/v2\/posts\/6838"}],"collection":[{"href":"https:\/\/gerens.pe\/blog\/wp-json\/wp\/v2\/posts"}],"about":[{"href":"https:\/\/gerens.pe\/blog\/wp-json\/wp\/v2\/types\/post"}],"author":[{"embeddable":true,"href":"https:\/\/gerens.pe\/blog\/wp-json\/wp\/v2\/users\/2"}],"replies":[{"embeddable":true,"href":"https:\/\/gerens.pe\/blog\/wp-json\/wp\/v2\/comments?post=6838"}],"version-history":[{"count":3,"href":"https:\/\/gerens.pe\/blog\/wp-json\/wp\/v2\/posts\/6838\/revisions"}],"predecessor-version":[{"id":6853,"href":"https:\/\/gerens.pe\/blog\/wp-json\/wp\/v2\/posts\/6838\/revisions\/6853"}],"wp:featuredmedia":[{"embeddable":true,"href":"https:\/\/gerens.pe\/blog\/wp-json\/wp\/v2\/media\/6855"}],"wp:attachment":[{"href":"https:\/\/gerens.pe\/blog\/wp-json\/wp\/v2\/media?parent=6838"}],"wp:term":[{"taxonomy":"category","embeddable":true,"href":"https:\/\/gerens.pe\/blog\/wp-json\/wp\/v2\/categories?post=6838"},{"taxonomy":"post_tag","embeddable":true,"href":"https:\/\/gerens.pe\/blog\/wp-json\/wp\/v2\/tags?post=6838"}],"curies":[{"name":"wp","href":"https:\/\/api.w.org\/{rel}","templated":true}]}}