{"id":6584,"date":"2022-05-17T19:40:27","date_gmt":"2022-05-17T19:40:27","guid":{"rendered":"https:\/\/gerens.pe\/blog\/?p=6584"},"modified":"2022-05-17T20:21:15","modified_gmt":"2022-05-17T20:21:15","slug":"inauguracion-de-la-maestria-en-gestion-minera-2022","status":"publish","type":"post","link":"https:\/\/gerens.pe\/blog\/inauguracion-de-la-maestria-en-gestion-minera-2022\/","title":{"rendered":"INAUGURACI\u00d3N DE LA MAESTR\u00cdA EN GESTI\u00d3N MINERA 2022"},"content":{"rendered":"<p>El d\u00eda viernes 6 de mayo se llev\u00f3 a cabo la Ceremonia de Inauguraci\u00f3n de la Maestr\u00eda en Gesti\u00f3n Minera 2022, la cual cont\u00f3 con la presencia del Ingeniero Enrique Rodr\u00edguez Cerde\u00f1a, quien tuvo a su cargo la charla magistral. La ceremonia se inici\u00f3 con las palabras de bienvenida ofrecidas por la Directora de la Maestr\u00eda, Mariluz Adaniya. Luego de entonar el Himno nacional, se le cedi\u00f3 la palabra al Dr. Armando Gallegos, Rector de la Escuela de Postgrado G\u011aRENS, quien salud\u00f3 a los integrantes de la 11va promoci\u00f3n de la Maestr\u00eda y record\u00f3 los inicios del programa de la Escuela. El Dr. Gallegos en su presentaci\u00f3n destac\u00f3 la participaci\u00f3n de profesionales que se encuentran trabajando en Ecuador, Colombia, M\u00e9xico, Panam\u00e1 y Zambia. Asimismo, destac\u00f3 la diversidad de las profesiones y de la experiencia profesional de los integrantes de la nueva promoci\u00f3n de la Maestr\u00eda, entre los que se encuentran ingenieros de minas, mec\u00e1nicos, el\u00e9ctricos, ge\u00f3logos, entre otras profesiones. Adem\u00e1s, resumi\u00f3 los objetivos del programa y las competencias que a lo largo de la Maestr\u00eda se fortalecer\u00e1n. En otro momento, el Dr. Gallegos resalt\u00f3 el compromiso de la Escuela de Postgrado G\u011aRENS con la miner\u00eda sostenible y enfatiz\u00f3 la importancia que tiene el fortalecimiento de la institucionalidad del sector minero para impulsar su crecimiento y revertir la conflictividad social. Finalmente, resalt\u00f3 las caracter\u00edsticas distintivas de la Maestr\u00eda de G\u011aRENS, que la diferencian de otros programas ofrecidos en otras escuelas.<\/p>\n<div id=\"attachment_6585\" style=\"width: 494px\" class=\"wp-caption alignright\"><a href=\"https:\/\/www.facebook.com\/GERENSPERU\"><img loading=\"lazy\" decoding=\"async\" aria-describedby=\"caption-attachment-6585\" class=\"wp-image-6585\" src=\"https:\/\/gerens.pe\/blog\/wp-content\/uploads\/2022\/05\/INICIO-DE-MAESTR\u00cdA-e1652816305657-300x186.png\" alt=\"\" width=\"484\" height=\"300\" srcset=\"https:\/\/gerens.pe\/blog\/wp-content\/uploads\/2022\/05\/INICIO-DE-MAESTR\u00cdA-e1652816305657-300x186.png 300w, https:\/\/gerens.pe\/blog\/wp-content\/uploads\/2022\/05\/INICIO-DE-MAESTR\u00cdA-e1652816305657-768x475.png 768w, https:\/\/gerens.pe\/blog\/wp-content\/uploads\/2022\/05\/INICIO-DE-MAESTR\u00cdA-e1652816305657-360x223.png 360w, https:\/\/gerens.pe\/blog\/wp-content\/uploads\/2022\/05\/INICIO-DE-MAESTR\u00cdA-e1652816305657.png 1008w\" sizes=\"(max-width: 484px) 100vw, 484px\" \/><\/a><p id=\"caption-attachment-6585\" class=\"wp-caption-text\">Ing. Enrique Rodr\u00edguez Cerde\u00f1a y Dr. Armando Gallegos.<\/p><\/div>\n<p>Concluida la presentaci\u00f3n del Rector, se le cedi\u00f3 la palabra al Ingeniero Enrique Rodr\u00edguez, quien en primer lugar felicit\u00f3 a los alumnos por asumir un nuevo retoen su carrera profesional, lo cual es aun mas destacable teniendo en cuenta los desaf\u00edos que en la actualidad enfrenta el sector minero en el Per\u00fa y a nivel mundial. Enfatiz\u00f3 la necesidad de ampliar el \u00e1mbito de intervenci\u00f3n para encarar de manera positiva tales desaf\u00edos. Tambi\u00e9n habl\u00f3 acerca de los riesgos de la industria y el modo en que se construye la sostenibilidad en un contexto en el que el debate sobre la conservaci\u00f3n del ambiente est\u00e1 polarizado. El ingeniero Rodr\u00edguez se\u00f1al\u00f3 que en la actualidad se exige una mejor gesti\u00f3n de los residuos y el uso de energ\u00edas renovables, pues el reto es llegar a reducir la huella de carbono a la mitad. Por otra parte, se\u00f1al\u00f3 que un gestor minero debe saber interactuar y comunicarse con sus colaboradores para poder desarrollar, difundir e impulsar una visi\u00f3n de sostenibilidad que genere progreso y cree riqueza para las comunidades; record\u00f3 tambi\u00e9n que para generar confianza entre los directorios e inversionistas es necesario hacer una an\u00e1lisis exhaustivo que permita la ejecuci\u00f3n de los proyectos de manera correcta, y estar \u00a0preparados para gestionar eficientemente los problemas de ejecuci\u00f3n que se presenten, siempre teniendo en cuenta que las operaciones est\u00e1n sujetas a cambios en el entorno. Finalmente, resalt\u00f3 el rol del ser humano y la necesidad de generar bienestar tanto para los trabajadores como para las comunidades vecinas.<\/p>\n<p>Posteriormente, la Doctora Ana Rosa Adaniya, directora de los Programas de Posgrado de G\u011aRENS, brind\u00f3 unas palabras para finalizar la primera parte de ceremonia. La Dra. Adaniya destac\u00f3 el deseo de superaci\u00f3n de los integrantes de la nueva promoci\u00f3n y les agradeci\u00f3 por su elecci\u00f3n. La Dra. Adaniya manifest\u00f3 que los estudios en la Maestr\u00eda contribuir\u00e1n a fortalecer y complementar sus competencias t\u00e9cnicas y gerenciales lo que les permitir\u00e1 gestionar de manera mas eficientemente recursos y tecnolog\u00eda y con ello enfrentar los desaf\u00edos que tiene la miner\u00eda actualmente. Resalt\u00f3 que G\u011aRENS busca impulsar la miner\u00eda peruana enfrentando los obst\u00e1culos como oportunidades para mejorar. Finaliz\u00f3 su discurso recalcando la relevancia del aprendizaje compartido mediante el cual cada profesional involucrado comparte su experiencia con los otros.<\/p>\n<p>Durante la segunda parte de la ceremonia, Mariluz Adaniya, condujo las presentaciones por parte de los integrantes de la nueva promoci\u00f3n de Maestr\u00eda, la cual est\u00e1 conformada por 25 profesionales, siete de los cuales laboran en empresas que operan en otros pa\u00edses, Zambia, M\u00e9xico, Panam\u00e1, Colombia y Ecuador.<\/p>\n<p><em><strong>Si quieres ser el pr\u00f3ximo l\u00edder en el sector minero, estudia la <a href=\"https:\/\/gerens.pe\/maestrias\/maestria\/maestria-en-gestion-minera-mmba\/presentacion\/\">Maestr\u00eda en Gesti\u00f3n Minera<\/a>\u00a0en la Escuela de Postgrado <a href=\"https:\/\/gerens.pe\/\">G\u011aRENS<\/a>.<\/strong><\/em><\/p>\n","protected":false},"excerpt":{"rendered":"<p>El d\u00eda viernes 6 de mayo se llev\u00f3 a cabo la Ceremonia de Inauguraci\u00f3n de la Maestr\u00eda en Gesti\u00f3n Minera 2022, la&#8230;<\/p>\n","protected":false},"author":2,"featured_media":6591,"comment_status":"open","ping_status":"open","sticky":false,"template":"","format":"standard","meta":{"footnotes":""},"categories":[1,568,2],"tags":[],"amp_enabled":true,"_links":{"self":[{"href":"https:\/\/gerens.pe\/blog\/wp-json\/wp\/v2\/posts\/6584"}],"collection":[{"href":"https:\/\/gerens.pe\/blog\/wp-json\/wp\/v2\/posts"}],"about":[{"href":"https:\/\/gerens.pe\/blog\/wp-json\/wp\/v2\/types\/post"}],"author":[{"embeddable":true,"href":"https:\/\/gerens.pe\/blog\/wp-json\/wp\/v2\/users\/2"}],"replies":[{"embeddable":true,"href":"https:\/\/gerens.pe\/blog\/wp-json\/wp\/v2\/comments?post=6584"}],"version-history":[{"count":5,"href":"https:\/\/gerens.pe\/blog\/wp-json\/wp\/v2\/posts\/6584\/revisions"}],"predecessor-version":[{"id":6592,"href":"https:\/\/gerens.pe\/blog\/wp-json\/wp\/v2\/posts\/6584\/revisions\/6592"}],"wp:featuredmedia":[{"embeddable":true,"href":"https:\/\/gerens.pe\/blog\/wp-json\/wp\/v2\/media\/6591"}],"wp:attachment":[{"href":"https:\/\/gerens.pe\/blog\/wp-json\/wp\/v2\/media?parent=6584"}],"wp:term":[{"taxonomy":"category","embeddable":true,"href":"https:\/\/gerens.pe\/blog\/wp-json\/wp\/v2\/categories?post=6584"},{"taxonomy":"post_tag","embeddable":true,"href":"https:\/\/gerens.pe\/blog\/wp-json\/wp\/v2\/tags?post=6584"}],"curies":[{"name":"wp","href":"https:\/\/api.w.org\/{rel}","templated":true}]}}