{"id":6397,"date":"2022-02-24T16:23:55","date_gmt":"2022-02-24T16:23:55","guid":{"rendered":"https:\/\/gerens.pe\/blog\/?p=6397"},"modified":"2022-06-06T15:20:27","modified_gmt":"2022-06-06T15:20:27","slug":"desarrollo-productivo-en-cabeceras-de-cuenca-mitos-y-realidad","status":"publish","type":"post","link":"https:\/\/gerens.pe\/blog\/desarrollo-productivo-en-cabeceras-de-cuenca-mitos-y-realidad\/","title":{"rendered":"Desarrollo productivo en cabeceras de cuenca: mitos y realidad"},"content":{"rendered":"<p>El d\u00eda mi\u00e9rcoles 16 de febrero, la Sociedad Nacional de Miner\u00eda, Petr\u00f3leo y Energ\u00eda (SNMPE) present\u00f3 el VI Encuentro \u201cCamino al Simposium\u201d: \u2018Desarrollo productivo en cabeceras de cuenca: mitos y realidad\u2019 como antesala al 14\u00b0 Simposium Internacional del Oro, Plata y Cobre. La conferencia cont\u00f3 con la presencia de la Dra. Magaly Bardales, presidenta del Sector Minero SNMPE, quien dio unas palabras de bienvenida e invit\u00f3 a los asistentes a participar del evento central en mayo en modalidad virtual y presencial, y de Katherine Villanueva, gerente del Sector minero de la SNMPE, como moderadora, quien destac\u00f3 la importancia del tema a desarrollar considerando la ambig\u00fcedad del t\u00e9rmino \u201ccabecera de cuenca\u201d y uso extendido en la investigaci\u00f3n y la creaci\u00f3n de pol\u00edticas; as\u00ed, Villanueva abri\u00f3 la jornada con la pregunta \u201c\u00bfQu\u00e9 debemos entender por cabeceras de cuenca?\u201d.<\/p>\n<p>El primer panelista en responder fue el Dr. Vinio Floris, director del <strong><a href=\"https:\/\/gerens.pe\/investigacion\/centros\/\">Centro de Gesti\u00f3n del Agua y Medio Ambiente<\/a><\/strong> de la Escuela de Postgrado <strong><a href=\"https:\/\/gerens.pe\/\">G\u011aRENS<\/a><\/strong>, el cual inici\u00f3 su presentaci\u00f3n haciendo referencia a su experiencia como alumno (ahora exalumno) de la Universidad del Estado de Colorado (CSU) y su \u00a0investigaci\u00f3n relacionada a la gesti\u00f3n de cuencas hidrogr\u00e1ficas . Para definir que es una cabecera de cuenca, present\u00f3 una descripci\u00f3n de las tres secciones de la cuenca, y disert\u00f3 acerca de sus caracter\u00edsticas que la diferencian de los otros componentes. Manuel Pulgar Vidal, l\u00edder de la Pr\u00e1ctica de Clima y Energ\u00eda del Fondo Mundial para la Naturaleza \u2013 WWF Internacional, abord\u00f3 el concepto desde su definici\u00f3n legal y como esta contrasta con la percepci\u00f3n p\u00fablica de una ausencia de definici\u00f3n; por lo que concluy\u00f3 que el verdadero problema a abordar es si la definici\u00f3n jur\u00eddica existente es \u00fatil y espec\u00edfica, un problema surgido de la variedad de cabeceras de cuenca existentes y sus diferencias en cuesti\u00f3n de recursos h\u00eddricos. Por su parte, Martha Ly, l\u00edder de la Divisi\u00f3n de Tierra y Medioambiente de Golder Associates Per\u00fa, coincidi\u00f3 en que el problema reside en que las definiciones se abordan desde una perspectiva cartogr\u00e1fica y no una hidrol\u00f3gica; adem\u00e1s agreg\u00f3 que es necesario considerar al usuario de los recursos h\u00eddricos.<\/p>\n<p>A continuaci\u00f3n, Villanueva solicit\u00f3 a los panelistas que debatan si consideran que los niveles de vulnerabilidad de las cabeceras de cuenca y la posibilidad de una declaraci\u00f3n de intangibilidad. Martha Ly se\u00f1al\u00f3 que no es posible establecer el nivel de vulnerabilidad sin antes tomar medidas t\u00e9cnicas y establecer ante qu\u00e9 condiciones se deber\u00eda intervenir. Posteriormente, el Dr. Floris resalt\u00f3 que se debe considerar los factores de fragilidad, exposici\u00f3n a fen\u00f3menos y capacidad de resiliencia al establecer el nivel de vulnerabilidad. Consider\u00f3 que aun cuando la vulnerabilidad es un elemento primordial se debe considerar el riesgo de aquellos impactos o amenazas como el elemento de gesti\u00f3n. Como respuesta, Pulgar Vidal se\u00f1al\u00f3 que el concepto de \u201cintangibilidad\u201d es funcional en una l\u00f3gica de sistema que define los usos de modo no arbitrario bas\u00e1ndose en estudios e instrumentos especializados.<\/p>\n<p>Despu\u00e9s, se pregunt\u00f3 si se considera que los estudios de impacto ambiental (EIA) brindan la informaci\u00f3n necesaria para conseguir una protecci\u00f3n efectiva de las cabeceras de cuencas y en qui\u00e9n recae la responsabilidad de zonificar y determinar la vulnerabilidad. Martha Ly se\u00f1al\u00f3 que no basta con realizar EIAs, pues estos est\u00e1n orientados a proyectos espec\u00edficos y que lo m\u00e1s id\u00f3neo ser\u00eda recurrir a otros instrumentos como la zonificaci\u00f3n. Del mismo modo, Pulgar Vidal coincidi\u00f3 en que se debe hacer uso de todos los instrumentos y mecanismos disponibles para desarrollar mejores pr\u00e1cticas de protecci\u00f3n; adem\u00e1s opin\u00f3 que, en caso de declararse la vulnerabilidad, el EIA debe ser capaz de identificar los riesgos y orientar en el uso de medidas de protecci\u00f3n.<\/p>\n<p>Finalmente, El Dr. Floris recalc\u00f3 lo mencionado anteriormente e indic\u00f3 que el Sistema de Gesti\u00f3n Ambiental y Social (SGAS) es el que en realidad monitorea, controla e identifica los impactos en la ejecuci\u00f3n de un proyecto; adem\u00e1s destac\u00f3 la importancia de considerar el cambio clim\u00e1tico como un fen\u00f3meno que ha cambiado el paradigma de predicci\u00f3n hidrol\u00f3gica utilizado en el pasado. Por otra parte, recalc\u00f3 la necesidad de estudiar la cuenca hidrogr\u00e1fica como un todo y darle su respectiva importancia a todas sus componentes. Para finalizar present\u00f3 los atributos de \u201csalud de la cuenca\u201d que pueden ser adaptados para estudiar las cabeceras de cuenca.<\/p>\n<p>El video de este foro se encuentra disponible para ser visualizado extempor\u00e1neamente para todos los interesados en la p\u00e1gina de <a href=\"https:\/\/www.facebook.com\/snmpeperu\/videos\/440392571102047\/\"><strong>Facebook<\/strong><\/a> de la <span style=\"color: #000000;\"><strong><a style=\"color: #000000;\" href=\"https:\/\/www.facebook.com\/snmpeperu\/\">Sociedad Nacional de Miner\u00eda, Petr\u00f3leo y Energ\u00eda<\/a><\/strong><\/span>.<\/p>\n","protected":false},"excerpt":{"rendered":"<p>El d\u00eda mi\u00e9rcoles 16 de febrero, la Sociedad Nacional de Miner\u00eda, Petr\u00f3leo y Energ\u00eda (SNMPE) present\u00f3 el VI Encuentro \u201cCamino al Simposium\u201d:&#8230;<\/p>\n","protected":false},"author":2,"featured_media":6398,"comment_status":"open","ping_status":"open","sticky":false,"template":"","format":"standard","meta":{"footnotes":""},"categories":[724],"tags":[],"amp_enabled":true,"_links":{"self":[{"href":"https:\/\/gerens.pe\/blog\/wp-json\/wp\/v2\/posts\/6397"}],"collection":[{"href":"https:\/\/gerens.pe\/blog\/wp-json\/wp\/v2\/posts"}],"about":[{"href":"https:\/\/gerens.pe\/blog\/wp-json\/wp\/v2\/types\/post"}],"author":[{"embeddable":true,"href":"https:\/\/gerens.pe\/blog\/wp-json\/wp\/v2\/users\/2"}],"replies":[{"embeddable":true,"href":"https:\/\/gerens.pe\/blog\/wp-json\/wp\/v2\/comments?post=6397"}],"version-history":[{"count":1,"href":"https:\/\/gerens.pe\/blog\/wp-json\/wp\/v2\/posts\/6397\/revisions"}],"predecessor-version":[{"id":6399,"href":"https:\/\/gerens.pe\/blog\/wp-json\/wp\/v2\/posts\/6397\/revisions\/6399"}],"wp:featuredmedia":[{"embeddable":true,"href":"https:\/\/gerens.pe\/blog\/wp-json\/wp\/v2\/media\/6398"}],"wp:attachment":[{"href":"https:\/\/gerens.pe\/blog\/wp-json\/wp\/v2\/media?parent=6397"}],"wp:term":[{"taxonomy":"category","embeddable":true,"href":"https:\/\/gerens.pe\/blog\/wp-json\/wp\/v2\/categories?post=6397"},{"taxonomy":"post_tag","embeddable":true,"href":"https:\/\/gerens.pe\/blog\/wp-json\/wp\/v2\/tags?post=6397"}],"curies":[{"name":"wp","href":"https:\/\/api.w.org\/{rel}","templated":true}]}}