{"id":6302,"date":"2021-12-24T00:22:56","date_gmt":"2021-12-24T00:22:56","guid":{"rendered":"https:\/\/gerens.pe\/blog\/?p=6302"},"modified":"2022-01-07T15:50:26","modified_gmt":"2022-01-07T15:50:26","slug":"fructifera-actividad-entre-la-sociedad-geologica-del-peru-y-gerens","status":"publish","type":"post","link":"https:\/\/gerens.pe\/blog\/fructifera-actividad-entre-la-sociedad-geologica-del-peru-y-gerens\/","title":{"rendered":"Fruct\u00edfera actividad entre la Sociedad Geol\u00f3gica del Per\u00fa y G\u011aRENS"},"content":{"rendered":"<p style=\"text-align: left;\">El d\u00eda s\u00e1bado 11 de diciembre, el Dr. Armando Gallegos, Rector de la Escuela de Posgrado <span style=\"color: #3366ff;\"><a style=\"color: #3366ff;\" href=\"https:\/\/gerens.pe\/\"><strong>G\u011aRENS<\/strong><\/a><\/span>, ofreci\u00f3 un taller de Liderazgo en la <a href=\"https:\/\/web.facebook.com\/sociedadgeologica\/?_rdc=1&amp;_rdr\"><span style=\"color: #000000;\"><strong>Sociedad Geol\u00f3gica del Per\u00fa<\/strong><\/span><\/a> (SGP) en el marco del 1<sup>er <\/sup>Encuentro Nacional de L\u00edderes de Cap\u00edtulos de Estudiantes de la SGP.\u00a0 El taller de liderazgo estuvo dirigido a los presidentes de los cap\u00edtulos de la SGP de las 11 universidades que ofrecen la carrera de geolog\u00eda en el Per\u00fa. \u00a0Gracias a este taller, los alumnos asistentes reconocieron la importancia de desarrollar habilidades blandas como el Liderazgo a la par del desarrollo de habilidades t\u00e9cnicas para introducirse al campo laboral. El ing. Vidal Huam\u00e1n, del Comit\u00e9 Acad\u00e9mico de la SGP, considera que lo m\u00e1s importante que se llevaron del taller los l\u00edderes estudiantiles es una clara conciencia de su responsabilidad como l\u00edderes y la necesidad de fortalecer sus competencias de liderazgo en bien de su profesi\u00f3n y la sociedad.<\/p>\n<div id=\"attachment_6303\" style=\"width: 393px\" class=\"wp-caption alignright\"><img loading=\"lazy\" decoding=\"async\" aria-describedby=\"caption-attachment-6303\" class=\" wp-image-6303\" src=\"https:\/\/gerens.pe\/blog\/wp-content\/uploads\/2021\/12\/armando-300x225.jpg\" alt=\"\" width=\"383\" height=\"287\" srcset=\"https:\/\/gerens.pe\/blog\/wp-content\/uploads\/2021\/12\/armando-300x225.jpg 300w, https:\/\/gerens.pe\/blog\/wp-content\/uploads\/2021\/12\/armando-768x576.jpg 768w, https:\/\/gerens.pe\/blog\/wp-content\/uploads\/2021\/12\/armando-360x270.jpg 360w, https:\/\/gerens.pe\/blog\/wp-content\/uploads\/2021\/12\/armando.jpg 961w\" sizes=\"(max-width: 383px) 100vw, 383px\" \/><p id=\"caption-attachment-6303\" class=\"wp-caption-text\"><strong>Alumnos participantes y directivos de la SGP hacen entrega de un reconocimiento al Dr. Armando Gallegos<\/strong><\/p><\/div>\n<p style=\"text-align: left;\">Cabe se\u00f1alar que durante el 2021 se concret\u00f3 la colaboraci\u00f3n de la Escuela de Posgrado G\u011aRENS con la SGP en el Programa Explora Per\u00fa en el que participaron 10 alumnos seleccionados de cada una de las 11 Escuelas de Geolog\u00eda del pa\u00eds.\u00a0 Los 110 alumnos iniciaron su programa en abril.\u00a0 Como se\u00f1al\u00f3 el ing. Vidal Huam\u00e1n, en el 2021 se lanz\u00f3 el Programa Explora Per\u00fa de la SGP que cont\u00f3 con la colaboraci\u00f3n de varias entidades, entre ellas la Escuela de Postgrado G\u011aRENS.\u00a0 Explora Per\u00fa convoc\u00f3 a los l\u00edderes estudiantiles de las escuelas de geolog\u00eda para ofrecerles un programa de entrenamiento completo que fortaleciera las conocimientos desde lo m\u00e1s b\u00e1sico en el sector minero que es uno de los que genera mayor oportunidad a los ge\u00f3logos, no solo en t\u00e9rminos de exploraci\u00f3n y explotaci\u00f3n, sino en temas de soporte, geot\u00e9cnica, y sostenibilidad; asimismo, se busc\u00f3 fortalecer el desarrollo personal de los profesionales con talleres en habilidades blandas como complemento para el perfil del ge\u00f3logo.<\/p>\n<p style=\"text-align: left;\">En el marco EXPLORA Per\u00fa, la Escuela de Posgrado G\u011aRENS ofreci\u00f3 el M\u00f3dulo de Habilidades Blandas y otorg\u00f3 dos becas completas en cursos de especializaci\u00f3n a estudiantes ganadores que fueron seleccionados tras una evaluaci\u00f3n y preclasificaci\u00f3n.\u00a0 Los alumnos ganadores fueron Anah\u00ed C\u00f3rdova Morales, de la Universidad Nacional de Piura, becada en el curso de \u201cCostos y Finanzas para la Empresa Minera\u201d, y Roi C\u00e9sar de la Cruz Castillo, de la UNI, becado en el curso de \u201cEvaluaci\u00f3n y Valoraci\u00f3n de Proyectos Mineros\u201d. Seg\u00fan el ranking, adicionalmente, la SGP logr\u00f3 que varias empresas mineras otorguen 10 becas de pr\u00e1cticas pre profesionales para los futuros ge\u00f3logos.<\/p>\n","protected":false},"excerpt":{"rendered":"<p>El d\u00eda s\u00e1bado 11 de diciembre, el Dr. Armando Gallegos, Rector de la Escuela de Posgrado G\u011aRENS, ofreci\u00f3 un taller de Liderazgo&#8230;<\/p>\n","protected":false},"author":2,"featured_media":6303,"comment_status":"open","ping_status":"open","sticky":false,"template":"","format":"standard","meta":{"footnotes":""},"categories":[5,2],"tags":[],"amp_enabled":true,"_links":{"self":[{"href":"https:\/\/gerens.pe\/blog\/wp-json\/wp\/v2\/posts\/6302"}],"collection":[{"href":"https:\/\/gerens.pe\/blog\/wp-json\/wp\/v2\/posts"}],"about":[{"href":"https:\/\/gerens.pe\/blog\/wp-json\/wp\/v2\/types\/post"}],"author":[{"embeddable":true,"href":"https:\/\/gerens.pe\/blog\/wp-json\/wp\/v2\/users\/2"}],"replies":[{"embeddable":true,"href":"https:\/\/gerens.pe\/blog\/wp-json\/wp\/v2\/comments?post=6302"}],"version-history":[{"count":5,"href":"https:\/\/gerens.pe\/blog\/wp-json\/wp\/v2\/posts\/6302\/revisions"}],"predecessor-version":[{"id":6308,"href":"https:\/\/gerens.pe\/blog\/wp-json\/wp\/v2\/posts\/6302\/revisions\/6308"}],"wp:featuredmedia":[{"embeddable":true,"href":"https:\/\/gerens.pe\/blog\/wp-json\/wp\/v2\/media\/6303"}],"wp:attachment":[{"href":"https:\/\/gerens.pe\/blog\/wp-json\/wp\/v2\/media?parent=6302"}],"wp:term":[{"taxonomy":"category","embeddable":true,"href":"https:\/\/gerens.pe\/blog\/wp-json\/wp\/v2\/categories?post=6302"},{"taxonomy":"post_tag","embeddable":true,"href":"https:\/\/gerens.pe\/blog\/wp-json\/wp\/v2\/tags?post=6302"}],"curies":[{"name":"wp","href":"https:\/\/api.w.org\/{rel}","templated":true}]}}