{"id":604,"date":"2016-02-16T11:15:40","date_gmt":"2016-02-16T16:15:40","guid":{"rendered":"https:\/\/gerens.pe\/blog\/?p=604"},"modified":"2016-02-16T11:15:40","modified_gmt":"2016-02-16T16:15:40","slug":"se-presentara-estudio-de-inversion-minera-en-encuentro-empresarial","status":"publish","type":"post","link":"https:\/\/gerens.pe\/blog\/se-presentara-estudio-de-inversion-minera-en-encuentro-empresarial\/","title":{"rendered":"Se presentar\u00e1 estudio de inversi\u00f3n minera en encuentro empresarial"},"content":{"rendered":"<p style=\"text-align: justify;\"><a href=\"https:\/\/gerens.pe\/blog\/wp-content\/uploads\/2016\/02\/Expomina-CONFEMIN-2016.png\" data-rel=\"lightbox-image-0\" data-rl_title=\"\" data-rl_caption=\"\" title=\"\"><img loading=\"lazy\" decoding=\"async\" class=\"alignright wp-image-605 size-full\" src=\"https:\/\/gerens.pe\/blog\/wp-content\/uploads\/2016\/02\/Expomina-CONFEMIN-2016.png\" alt=\"inversi\u00f3n minera-Expomina-CONFEMIN-2016\" width=\"1200\" height=\"628\" srcset=\"https:\/\/gerens.pe\/blog\/wp-content\/uploads\/2016\/02\/Expomina-CONFEMIN-2016.png 1200w, https:\/\/gerens.pe\/blog\/wp-content\/uploads\/2016\/02\/Expomina-CONFEMIN-2016-300x157.png 300w, https:\/\/gerens.pe\/blog\/wp-content\/uploads\/2016\/02\/Expomina-CONFEMIN-2016-1024x536.png 1024w, https:\/\/gerens.pe\/blog\/wp-content\/uploads\/2016\/02\/Expomina-CONFEMIN-2016-768x402.png 768w, https:\/\/gerens.pe\/blog\/wp-content\/uploads\/2016\/02\/Expomina-CONFEMIN-2016-360x188.png 360w\" sizes=\"(max-width: 1200px) 100vw, 1200px\" \/><\/a><\/p>\n<p style=\"text-align: justify;\">Con el fin de aportar a un espacio de di\u00e1logo donde el gobierno, empresarios y expertos analizar\u00e1n puntos cruciales para el desarrollo minero y econ\u00f3mico del pa\u00eds, la Escuela de Postgrado GERENS participar\u00e1 en la primera edici\u00f3n de la Conferencia Internacional de Miner\u00eda \u2013 CONFEMIN, que se llevar\u00e1 a cabo durante EXPOMINA PER\u00da 2016. Las conferencias se desarrollar\u00e1n del 14 al 16 de setiembre del presente a\u00f1o.<\/p>\n<p style=\"text-align: justify;\">En ese marco, el potencial minero del pa\u00eds, los proyectos y ampliaciones que est\u00e1n generando mayor expectativa y el estado de proyectos actualmente en desarrollo, ser\u00e1n dados a conocer a trav\u00e9s del FORO PROYECTOS E INVERSIONES MINERAS EN EL PER\u00da, liderado por GERENS.<\/p>\n<p style=\"text-align: justify;\">En efecto, a trav\u00e9s del presidente del Directorio de GERENS, Dr. Armando Gallegos, esta instituci\u00f3n educativa y consultora, presentar\u00e1 un importante estudio sobre la inversi\u00f3n minera en el pa\u00eds, en el que se har\u00e1 un diagn\u00f3stico y plantear\u00e1 recomendaciones para mejorar el nivel y la calidad de la inversi\u00f3n.<\/p>\n<p style=\"text-align: justify;\">GERENS convoca a toda la comunidad minera a participar de este encuentro tan importante para el futuro y desarrollo del sector en nuestro pa\u00eds, y segura que ser\u00e1 una experiencia \u00fanica de gran actualidad y vigencia donde tendr\u00e1n la oportunidad de aprender e interactuar con los empresarios m\u00e1s sobresalientes de la industria minera.<\/p>\n<p style=\"text-align: justify;\">Durante tres d\u00edas, CONFEMIN presentar\u00e1 m\u00e1s de 50 conferencias y paneles en nueve importantes foros, que tratar\u00e1n sobre los proyectos en cartera, clima de inversi\u00f3n, mercados, as\u00ed como factores log\u00edsticos, sociales y pol\u00edticos. El encuentro busca que los participantes tengan la oportunidad de conocer las experiencias de l\u00edderes y empresarios de la industria minera y afines conscientes de la importancia de la innovaci\u00f3n para el crecimiento. Estas conferencias constituyen una oportunidad \u00fanica de posicionar al Per\u00fa como principal destino de inversiones y negocios en miner\u00eda.<\/p>\n","protected":false},"excerpt":{"rendered":"<p>Con el fin de aportar a un espacio de di\u00e1logo donde el gobierno, empresarios y expertos analizar\u00e1n puntos cruciales para el desarrollo&#8230;<\/p>\n","protected":false},"author":9,"featured_media":605,"comment_status":"open","ping_status":"open","sticky":false,"template":"","format":"standard","meta":{"footnotes":""},"categories":[2],"tags":[],"amp_enabled":true,"_links":{"self":[{"href":"https:\/\/gerens.pe\/blog\/wp-json\/wp\/v2\/posts\/604"}],"collection":[{"href":"https:\/\/gerens.pe\/blog\/wp-json\/wp\/v2\/posts"}],"about":[{"href":"https:\/\/gerens.pe\/blog\/wp-json\/wp\/v2\/types\/post"}],"author":[{"embeddable":true,"href":"https:\/\/gerens.pe\/blog\/wp-json\/wp\/v2\/users\/9"}],"replies":[{"embeddable":true,"href":"https:\/\/gerens.pe\/blog\/wp-json\/wp\/v2\/comments?post=604"}],"version-history":[{"count":0,"href":"https:\/\/gerens.pe\/blog\/wp-json\/wp\/v2\/posts\/604\/revisions"}],"wp:featuredmedia":[{"embeddable":true,"href":"https:\/\/gerens.pe\/blog\/wp-json\/wp\/v2\/media\/605"}],"wp:attachment":[{"href":"https:\/\/gerens.pe\/blog\/wp-json\/wp\/v2\/media?parent=604"}],"wp:term":[{"taxonomy":"category","embeddable":true,"href":"https:\/\/gerens.pe\/blog\/wp-json\/wp\/v2\/categories?post=604"},{"taxonomy":"post_tag","embeddable":true,"href":"https:\/\/gerens.pe\/blog\/wp-json\/wp\/v2\/tags?post=604"}],"curies":[{"name":"wp","href":"https:\/\/api.w.org\/{rel}","templated":true}]}}