{"id":5861,"date":"2021-07-09T19:05:56","date_gmt":"2021-07-09T19:05:56","guid":{"rendered":"https:\/\/gerens.pe\/blog\/?p=5861"},"modified":"2021-10-23T15:40:32","modified_gmt":"2021-10-23T15:40:32","slug":"gerens-participo-en-el-programa-de-entrenamiento-preprofesional-explora-peru-edicion-bicentenario-2021","status":"publish","type":"post","link":"https:\/\/gerens.pe\/blog\/gerens-participo-en-el-programa-de-entrenamiento-preprofesional-explora-peru-edicion-bicentenario-2021\/","title":{"rendered":"G\u011aRENS particip\u00f3 en el programa de entrenamiento preprofesional \u201cExplora Per\u00fa &#8211; Edici\u00f3n Bicentenario 2021\u201d"},"content":{"rendered":"<p><i><span data-contrast=\"none\">Durante el\u00a030 de junio y\u00a0el\u00a01 de julio, G\u011aRENS realiz\u00f3\u00a0el\u00a0curso\u00a0\u201cPerfil del nuevo ge\u00f3logo y habilidades blandas\u201d,\u00a0dirigido a los alumnos del\u00a0p<\/span><\/i><i><span data-contrast=\"auto\">rograma de entrenamiento preprofesional\u00a0\u201cExplora Per\u00fa &#8211; Edici\u00f3n Bicentenario\u00a02021\u201d.<\/span><\/i><i><span data-contrast=\"none\">\u00a0Este\u00a0curso\u00a0fue dictado por el Dr. Armando Gallegos, rector de la Escuela de Postgrado.\u00a0<\/span><\/i><span data-ccp-props=\"{&quot;201341983&quot;:0,&quot;335551550&quot;:2,&quot;335551620&quot;:2,&quot;335559739&quot;:160,&quot;335559740&quot;:259}\">\u00a0<\/span><\/p>\n<p><img loading=\"lazy\" decoding=\"async\" class=\" wp-image-5868 aligncenter\" src=\"https:\/\/gerens.pe\/blog\/wp-content\/uploads\/2021\/07\/Foto-112005-1-300x172.jpeg\" alt=\"\" width=\"409\" height=\"234\" srcset=\"https:\/\/gerens.pe\/blog\/wp-content\/uploads\/2021\/07\/Foto-112005-1-300x172.jpeg 300w, https:\/\/gerens.pe\/blog\/wp-content\/uploads\/2021\/07\/Foto-112005-1-1024x588.jpeg 1024w, https:\/\/gerens.pe\/blog\/wp-content\/uploads\/2021\/07\/Foto-112005-1-768x441.jpeg 768w, https:\/\/gerens.pe\/blog\/wp-content\/uploads\/2021\/07\/Foto-112005-1-360x207.jpeg 360w, https:\/\/gerens.pe\/blog\/wp-content\/uploads\/2021\/07\/Foto-112005-1.jpeg 1064w\" sizes=\"(max-width: 409px) 100vw, 409px\" \/><\/p>\n<p><span data-contrast=\"auto\">Como parte de su compromiso con el desarrollo acad\u00e9mico y profesional de los estudiantes de geolog\u00eda del Per\u00fa,\u00a0<\/span><span data-contrast=\"none\">G\u011aRENS particip\u00f3 en\u00a0\u201cExplora Per\u00fa\u201d, programa\u00a0acad\u00e9mico\u00a0organizado por la Sociedad Geol\u00f3gica del Per\u00fa\u00a0y\u00a0dirigido a estudiantes de\u00a0<\/span><span data-contrast=\"auto\">9no. y 10mo. Ciclo.<\/span><span data-ccp-props=\"{&quot;201341983&quot;:0,&quot;335551550&quot;:6,&quot;335551620&quot;:6,&quot;335559739&quot;:160,&quot;335559740&quot;:259}\">\u00a0<\/span><\/p>\n<p><span data-contrast=\"auto\">Dada la\u00a0coyuntura, el curso se realiz\u00f3 de forma virtual. Esto foment\u00f3 un amplio di\u00e1logo entre los alumnos y el expositor, el Dr. Armando Gallegos.<\/span><span data-contrast=\"none\">\u00a0<\/span><span data-ccp-props=\"{&quot;201341983&quot;:0,&quot;335551550&quot;:1,&quot;335551620&quot;:1,&quot;335559739&quot;:160,&quot;335559740&quot;:259}\">\u00a0<\/span><\/p>\n<p><span data-contrast=\"none\">Los principales temas\u00a0que se conversaron\u00a0fueron el perfil de competencias del ge\u00f3logo: la importancia de obtener un balance entre las competencias \u201cduras\u201d (conocimientos y habilidades propias de la carrera) y las \u201chabilidades blandas (actitudes y habilidades personales).<\/span><span data-ccp-props=\"{&quot;201341983&quot;:0,&quot;335551550&quot;:1,&quot;335551620&quot;:1,&quot;335559739&quot;:160,&quot;335559740&quot;:259}\">\u00a0<\/span><\/p>\n<p><span data-contrast=\"none\">En ese contexto,\u00a0el Dr. Gallegos reflexion\u00f3 sobre las brechas\u00a0que existen\u00a0en la formaci\u00f3n de los egresados, tanto en conocimientos como en habilidades conductuales y de comportamiento.\u00a0\u201cHay importantes diferencias entre universidades, encontr\u00e1ndose desde excelentes hasta otras que tienen deficiencias\u201d, se\u00f1al\u00f3.\u00a0<\/span><span data-ccp-props=\"{&quot;201341983&quot;:0,&quot;335551550&quot;:1,&quot;335551620&quot;:1,&quot;335559739&quot;:160,&quot;335559740&quot;:259}\">\u00a0<\/span><\/p>\n<p><span data-contrast=\"none\">El experto tambi\u00e9n habl\u00f3 acerca de\u00a0la relaci\u00f3n entre la oferta y\u00a0la\u00a0demanda de ingenieros ge\u00f3logos en el mercado laboral\u00a0y\u00a0sobre la necesidad de\u00a0reentrenar\u00a0a los ingenieros ge\u00f3logos para adecuarse a las nuevas necesidades del mercado.\u00a0<\/span><span data-ccp-props=\"{&quot;201341983&quot;:0,&quot;335551550&quot;:1,&quot;335551620&quot;:1,&quot;335559739&quot;:160,&quot;335559740&quot;:259}\">\u00a0<\/span><\/p>\n<p><span data-contrast=\"none\">\u201cA\u00a0mediano plazo se vislumbran importantes cambios en el trabajo del ge\u00f3logo por la utilizaci\u00f3n de nuevas t\u00e9cnicas,\u00a0la innovaci\u00f3n y cambios en la instrumentaci\u00f3n y utilizaci\u00f3n de datos en el trabajo del ge\u00f3logo\u00a0y de otras profesiones ligadas a la actividad minera\u201d, resalt\u00f3.\u00a0<\/span><span data-ccp-props=\"{&quot;201341983&quot;:0,&quot;335551550&quot;:1,&quot;335551620&quot;:1,&quot;335559739&quot;:160,&quot;335559740&quot;:259}\">\u00a0<\/span><\/p>\n<p><b><span data-contrast=\"none\">Sobre \u201cExplora Per\u00fa\u201d<\/span><\/b><span data-ccp-props=\"{&quot;201341983&quot;:0,&quot;335551550&quot;:1,&quot;335551620&quot;:1,&quot;335559739&quot;:160,&quot;335559740&quot;:259}\">\u00a0<\/span><\/p>\n<p><span data-contrast=\"none\">El\u00a0programa Explora Per\u00fa ha sido creado por la <a href=\"https:\/\/www.facebook.com\/sociedadgeologica\/\">Sociedad Geol\u00f3gica del Per\u00fa<\/a> mediante el Comit\u00e9 de Actividades Acad\u00e9micas.\u00a0Su objetivo es\u00a0reforzar los conocimientos de los alumnos en prospecci\u00f3n, exploraci\u00f3n y geolog\u00eda minera relacionando estos contenidos\u00a0con temas de actualidad.<\/span><span data-ccp-props=\"{&quot;201341983&quot;:0,&quot;335551550&quot;:1,&quot;335551620&quot;:1,&quot;335559739&quot;:160,&quot;335559740&quot;:259}\">\u00a0<\/span><\/p>\n<p><span data-contrast=\"none\">Lo novedoso de esta propuesta\u00a0es que convoca a 10 alumnos destacados de cada una de las 11 universidades del pa\u00eds que ofrecen la carrera de Ingenier\u00eda Geol\u00f3gica\u00a0(UNJBG, UNAP, UNAS, UNSAAC, UNMSM, UNI, UNDAC, UNP, UNC, UPN y PUCP)\u00a0y les ofrece gratuitamente este programa\u00a0cuya duraci\u00f3n es\u00a0de 6 meses).<\/span><span data-ccp-props=\"{&quot;201341983&quot;:0,&quot;335551550&quot;:6,&quot;335551620&quot;:6,&quot;335559739&quot;:160,&quot;335559740&quot;:259}\">\u00a0<\/span><\/p>\n","protected":false},"excerpt":{"rendered":"<p>Durante el\u00a030 de junio y\u00a0el\u00a01 de julio, G\u011aRENS realiz\u00f3\u00a0el\u00a0curso\u00a0\u201cPerfil del nuevo ge\u00f3logo y habilidades blandas\u201d,\u00a0dirigido a los alumnos del\u00a0programa de entrenamiento preprofesional\u00a0\u201cExplora&#8230;<\/p>\n","protected":false},"author":2,"featured_media":5872,"comment_status":"open","ping_status":"open","sticky":false,"template":"","format":"standard","meta":{"footnotes":""},"categories":[41],"tags":[89,155,672,101],"amp_enabled":true,"_links":{"self":[{"href":"https:\/\/gerens.pe\/blog\/wp-json\/wp\/v2\/posts\/5861"}],"collection":[{"href":"https:\/\/gerens.pe\/blog\/wp-json\/wp\/v2\/posts"}],"about":[{"href":"https:\/\/gerens.pe\/blog\/wp-json\/wp\/v2\/types\/post"}],"author":[{"embeddable":true,"href":"https:\/\/gerens.pe\/blog\/wp-json\/wp\/v2\/users\/2"}],"replies":[{"embeddable":true,"href":"https:\/\/gerens.pe\/blog\/wp-json\/wp\/v2\/comments?post=5861"}],"version-history":[{"count":5,"href":"https:\/\/gerens.pe\/blog\/wp-json\/wp\/v2\/posts\/5861\/revisions"}],"predecessor-version":[{"id":6091,"href":"https:\/\/gerens.pe\/blog\/wp-json\/wp\/v2\/posts\/5861\/revisions\/6091"}],"wp:featuredmedia":[{"embeddable":true,"href":"https:\/\/gerens.pe\/blog\/wp-json\/wp\/v2\/media\/5872"}],"wp:attachment":[{"href":"https:\/\/gerens.pe\/blog\/wp-json\/wp\/v2\/media?parent=5861"}],"wp:term":[{"taxonomy":"category","embeddable":true,"href":"https:\/\/gerens.pe\/blog\/wp-json\/wp\/v2\/categories?post=5861"},{"taxonomy":"post_tag","embeddable":true,"href":"https:\/\/gerens.pe\/blog\/wp-json\/wp\/v2\/tags?post=5861"}],"curies":[{"name":"wp","href":"https:\/\/api.w.org\/{rel}","templated":true}]}}