{"id":5655,"date":"2020-10-26T18:17:23","date_gmt":"2020-10-26T23:17:23","guid":{"rendered":"https:\/\/gerens.pe\/blog\/?p=5655"},"modified":"2021-12-01T04:12:04","modified_gmt":"2021-12-01T04:12:04","slug":"deberian-priorizar-lideres-empresariales-recuperacion-digital-pandemia","status":"publish","type":"post","link":"https:\/\/gerens.pe\/blog\/deberian-priorizar-lideres-empresariales-recuperacion-digital-pandemia\/","title":{"rendered":"\u00bfQu\u00e9 deber\u00edan priorizar los l\u00edderes empresariales para una recuperaci\u00f3n digital tras la pandemia?"},"content":{"rendered":"<p><a href=\"https:\/\/gerens.pe\/blog\/wp-content\/uploads\/2020\/10\/1-8.jpg\" data-rel=\"lightbox-image-0\" data-rl_title=\"\" data-rl_caption=\"\" title=\"\"><img loading=\"lazy\" decoding=\"async\" class=\"size-full wp-image-5664 aligncenter\" src=\"https:\/\/gerens.pe\/blog\/wp-content\/uploads\/2020\/10\/1-8.jpg\" alt=\"\" width=\"800\" height=\"500\" srcset=\"https:\/\/gerens.pe\/blog\/wp-content\/uploads\/2020\/10\/1-8.jpg 800w, https:\/\/gerens.pe\/blog\/wp-content\/uploads\/2020\/10\/1-8-300x188.jpg 300w, https:\/\/gerens.pe\/blog\/wp-content\/uploads\/2020\/10\/1-8-768x480.jpg 768w, https:\/\/gerens.pe\/blog\/wp-content\/uploads\/2020\/10\/1-8-360x225.jpg 360w\" sizes=\"(max-width: 800px) 100vw, 800px\" \/><\/a><\/p>\n<p><span style=\"font-weight: 400;\"><b><br \/>\n<\/b><strong>El trabajo remoto es clave durante la pandemia<\/strong><\/span><\/p>\n<p>&nbsp;<\/p>\n<div id=\"attachment_5665\" style=\"width: 476px\" class=\"wp-caption aligncenter\"><a href=\"https:\/\/gerens.pe\/blog\/wp-content\/uploads\/2020\/10\/2.jpg\" data-rel=\"lightbox-image-1\" data-rl_title=\"\" data-rl_caption=\"\" title=\"\"><img loading=\"lazy\" decoding=\"async\" aria-describedby=\"caption-attachment-5665\" class=\" wp-image-5665\" src=\"https:\/\/gerens.pe\/blog\/wp-content\/uploads\/2020\/10\/2.jpg\" alt=\"\" width=\"466\" height=\"393\" srcset=\"https:\/\/gerens.pe\/blog\/wp-content\/uploads\/2020\/10\/2.jpg 593w, https:\/\/gerens.pe\/blog\/wp-content\/uploads\/2020\/10\/2-300x253.jpg 300w, https:\/\/gerens.pe\/blog\/wp-content\/uploads\/2020\/10\/2-360x304.jpg 360w\" sizes=\"(max-width: 466px) 100vw, 466px\" \/><\/a><p id=\"caption-attachment-5665\" class=\"wp-caption-text\">David Turner, director ejecutivo de Webhelp en el Reino Unido.<\/p><\/div>\n<p><span style=\"font-weight: 400;\"><br \/>\nMuchos de nosotros estamos saliendo de la <\/span><span style=\"font-weight: 400;\">pandemia <\/span><span style=\"font-weight: 400;\">de COVID-19 con una apreciaci\u00f3n a\u00fan mayor de cu\u00e1nto podemos lograr en el mundo virtual. La recuperaci\u00f3n de esta crisis comenzar\u00e1 como se vivi\u00f3, en un entorno digital.<\/span><\/p>\n<p><span style=\"font-weight: 400;\">Pero los l\u00edderes empresariales no se hacen ilusiones de cu\u00e1nto trabajo queda por hacer para impulsar la productividad y prosperar en los meses venideros, pues los <\/span><span style=\"font-weight: 400;\">planes de gesti\u00f3n de cambio <\/span><span style=\"font-weight: 400;\">est\u00e1n en constante actualizaci\u00f3n. Una investigaci\u00f3n del Corporate Board Member Institute encontr\u00f3 que el 60% de los ejecutivos cree que su empresa est\u00e1 atrasada en sus procesos de <\/span><span style=\"font-weight: 400;\">transformaci\u00f3n digital<\/span><span style=\"font-weight: 400;\"> y, en los \u00faltimos tres a\u00f1os, solo el 54% hab\u00eda iniciado estos proyectos.<\/span><\/p>\n<p><span style=\"font-weight: 400;\">La pandemia ha reforzado la importancia de hacer de los programas de <\/span><span style=\"font-weight: 400;\">transformaci\u00f3n digital<\/span><span style=\"font-weight: 400;\"> bien ejecutados una prioridad para todas las organizaciones. La inversi\u00f3n en infraestructura tecnol\u00f3gica ha sido crucial en los \u00faltimos meses y las empresas deben continuar evaluando de cerca c\u00f3mo pueden aprovechar al m\u00e1ximo lo que tienen ahora y lo que necesitan para crecer.<\/span><\/p>\n<h4><b>Enf\u00f3cate en tu gente<\/b><\/h4>\n<p><span style=\"font-weight: 400;\">Es particularmente importante pensar en su gente en cada instancia de <\/span><span style=\"font-weight: 400;\">transformaci\u00f3n digital<\/span><span style=\"font-weight: 400;\"> y escuchar sus consejos. Una investigaci\u00f3n reciente de Lenovo descubri\u00f3 que los objetivos comerciales y de los accionistas est\u00e1n por encima de todo cuando se implementan nuevas tecnolog\u00edas. Solo el 6% de los gerentes de TI consideran que quienes lo utilizan son la primera prioridad al invertir en nuevas soluciones.<\/span><\/p>\n<p><span style=\"font-weight: 400;\">Mientras tanto, casi la mitad de los encuestados dijo que la forma en que se implement\u00f3 la nueva tecnolog\u00eda \u00abinhibi\u00f3 activamente la capacidad de operaci\u00f3n de sus equipos\u00bb. Incluso se afirm\u00f3 que la tecnolog\u00eda en realidad ralentiza los procesos comerciales el 21% del tiempo.<\/span><\/p>\n<p><span style=\"font-weight: 400;\">Reclutar y retener a las personas adecuadas es absolutamente clave para el crecimiento exitoso de cualquier campa\u00f1a o empresa, especialmente en un momento en el que la resiliencia y las habilidades digitales tienen una gran demanda.<\/span><\/p>\n<p><span style=\"font-weight: 400;\">Las empresas deben tomarse el tiempo para evaluar qu\u00e9 hace que la empresa sea atractiva para una amplia gama de talentos. Este no puede ser un ejercicio \u00fanico, sino un proceso continuo de interacci\u00f3n con los empleados, recopilar comentarios y tomar medidas para mejorar la experiencia para todos.<\/span><\/p>\n<h4><b>Fortalecer las conexiones humanas<\/b><\/h4>\n<p><span style=\"font-weight: 400;\">La<\/span><span style=\"font-weight: 400;\"> transformaci\u00f3n digital<\/span><span style=\"font-weight: 400;\"> ha sido m\u00e1s un facilitador que una barrera para la conexi\u00f3n humana durante el confinamiento. Familias y amigos de todas las generaciones se han mantenido en contacto a trav\u00e9s de videollamadas y las comunidades se han movilizado a trav\u00e9s de las redes sociales para apoyar a los trabajadores vulnerables y clave en la primera l\u00ednea de defensa de la pandemia del <\/span><span style=\"font-weight: 400;\">covid-19<\/span><span style=\"font-weight: 400;\">. Hemos visto lo importante que es la interacci\u00f3n humana y tambi\u00e9n la necesidad de dar un paso m\u00e1s para crear una conexi\u00f3n emocional positiva.<\/span><\/p>\n<p><span style=\"font-weight: 400;\">La emoci\u00f3n est\u00e1 ligada a un mayor aprendizaje y memoria, especialmente en lo que respecta a la motivaci\u00f3n y la atenci\u00f3n, por lo que cualquier experiencia positiva que los clientes tengan con una empresa afectar\u00e1 sus decisiones en el futuro.<\/span><\/p>\n<p><span style=\"font-weight: 400;\">Nuestra propia investigaci\u00f3n encontr\u00f3 que los clientes que est\u00e1n conectados emocionalmente con una marca tienen un 55% m\u00e1s de probabilidades de comprar otros productos o servicios de ellos y un 63% m\u00e1s probabilidades de recomendarlos a amigos y familiares, por lo que existe un claro incentivo para que las empresas hagan conexiones m\u00e1s s\u00f3lidas mientras se convierten en organizaciones que priorizan la tecnolog\u00eda digital.<\/span><\/p>\n<h4><b>Construya el negocio en torno al comportamiento<\/b><\/h4>\n<p><span style=\"font-weight: 400;\">Muchos de los comportamientos digitales que han surgido durante la experiencia de aislamiento social a causa de la <\/span><span style=\"font-weight: 400;\">pandemia <\/span><span style=\"font-weight: 400;\">de<\/span><span style=\"font-weight: 400;\">l covid-19 <\/span><span style=\"font-weight: 400;\">llegaron para quedarse. Tomemos las compras de alimentos en l\u00ednea como un ejemplo: en la primavera de este a\u00f1o, 7,9 millones de hogares brit\u00e1nicos realizaron un pedido, lo que representa un aumento de 4,8 millones en 2019. Esto incluye 1,1 millones de nuevos compradores en l\u00ednea que habr\u00e1n disfrutado de la conveniencia recientemente descubierta de hacer pedidos que lleguen a las puertas de sus casas.<\/span><\/p>\n<p><span style=\"font-weight: 400;\">Es probable que cambios a\u00fan m\u00e1s significativos en el comportamiento del consumidor sean impulsados \u200b\u200bpor nuevas innovaciones. Para L&#8217;Or\u00e9al, los cambios de imagen a trav\u00e9s de medios digitales y las consultas de belleza aumentaron las ventas en l\u00ednea en el primer trimestre en un 53%. Durante la pandemia, los visitantes dedicaron un promedio de nueve minutos a la tecnolog\u00eda de prueba virtual de la marca de cosm\u00e9ticos, en comparaci\u00f3n con solo dos minutos a principios de a\u00f1o. Esto evidencia la importancia de la <\/span><span style=\"font-weight: 400;\">gesti\u00f3n del cambio <\/span><span style=\"font-weight: 400;\">y la aceleraci\u00f3n de la <\/span><span style=\"font-weight: 400;\">transformaci\u00f3n digital<\/span><span style=\"font-weight: 400;\">, as\u00ed como de los <\/span><span style=\"font-weight: 400;\">programas de capacitaci\u00f3n profesional<\/span><span style=\"font-weight: 400;\"> adaptados a la medida de las organizaciones.<\/span><\/p>\n<p><span style=\"font-weight: 400;\">Los nuevos desaf\u00edos &#8211; y oportunidades &#8211; encontrados en los \u00faltimos meses est\u00e1n impulsando a las organizaciones a repensar radicalmente los fundamentos de su negocio y podr\u00edan resultar vitales para ayudarlas a tener m\u00e1s \u00e9xito en el futuro.<\/span><\/p>\n<p>&nbsp;<\/p>\n<p>Autor: David Turner.\u00a0<em>Texto adaptado y traducido de <a href=\"https:\/\/www.businesscloud.co.uk\/opinion\/what-should-business-leaders-prioritise-for-a-digital-led-recovery\/\">Business Club 2020.<\/a>\u00a0Traducido por G\u011aRENS, Octubre 2020.<\/em><\/p>\n<p>&nbsp;<\/p>\n<p>S\u00e9 parte de la transformaci\u00f3n digital aprendiendo las herramientas necesarias para poder crear un plan de alta rentabilidad para enfrentar el futuro con el Programa Internacional para Ejecutivos Desarrollo de Habilidades Digitales Aplicadas. Inf\u00f3rmate m\u00e1s de nuestro programa llenando nuestro <a href=\"https:\/\/gerens.pe\/contactanos\/\">formulario de contacto.<\/a><\/p>\n","protected":false},"excerpt":{"rendered":"<p>Una investigaci\u00f3n del Corporate Board Member Institute encontr\u00f3 que el 60% de los ejecutivos cree que su empresa est\u00e1 atrasada en sus procesos de transformaci\u00f3n digital y, en los \u00faltimos tres a\u00f1os, solo el 54% hab\u00eda iniciado estos proyectos.<\/p>\n","protected":false},"author":7,"featured_media":5668,"comment_status":"open","ping_status":"open","sticky":false,"template":"","format":"standard","meta":{"footnotes":""},"categories":[2],"tags":[682,666,684],"amp_enabled":true,"_links":{"self":[{"href":"https:\/\/gerens.pe\/blog\/wp-json\/wp\/v2\/posts\/5655"}],"collection":[{"href":"https:\/\/gerens.pe\/blog\/wp-json\/wp\/v2\/posts"}],"about":[{"href":"https:\/\/gerens.pe\/blog\/wp-json\/wp\/v2\/types\/post"}],"author":[{"embeddable":true,"href":"https:\/\/gerens.pe\/blog\/wp-json\/wp\/v2\/users\/7"}],"replies":[{"embeddable":true,"href":"https:\/\/gerens.pe\/blog\/wp-json\/wp\/v2\/comments?post=5655"}],"version-history":[{"count":1,"href":"https:\/\/gerens.pe\/blog\/wp-json\/wp\/v2\/posts\/5655\/revisions"}],"predecessor-version":[{"id":6217,"href":"https:\/\/gerens.pe\/blog\/wp-json\/wp\/v2\/posts\/5655\/revisions\/6217"}],"wp:featuredmedia":[{"embeddable":true,"href":"https:\/\/gerens.pe\/blog\/wp-json\/wp\/v2\/media\/5668"}],"wp:attachment":[{"href":"https:\/\/gerens.pe\/blog\/wp-json\/wp\/v2\/media?parent=5655"}],"wp:term":[{"taxonomy":"category","embeddable":true,"href":"https:\/\/gerens.pe\/blog\/wp-json\/wp\/v2\/categories?post=5655"},{"taxonomy":"post_tag","embeddable":true,"href":"https:\/\/gerens.pe\/blog\/wp-json\/wp\/v2\/tags?post=5655"}],"curies":[{"name":"wp","href":"https:\/\/api.w.org\/{rel}","templated":true}]}}