{"id":540,"date":"2016-02-01T16:07:13","date_gmt":"2016-02-01T21:07:13","guid":{"rendered":"https:\/\/gerens.pe\/blog\/?p=540"},"modified":"2016-02-01T16:07:13","modified_gmt":"2016-02-01T21:07:13","slug":"industria-minera-en-la-ruta-de-la-innovacion-y-competitividad","status":"publish","type":"post","link":"https:\/\/gerens.pe\/blog\/industria-minera-en-la-ruta-de-la-innovacion-y-competitividad\/","title":{"rendered":"Industria minera en la ruta de la innovaci\u00f3n y competitividad"},"content":{"rendered":"<p style=\"text-align: center;\"><a href=\"https:\/\/gerens.pe\/blog\/wp-content\/uploads\/2016\/02\/Tito-Martins.png\" data-rel=\"lightbox-image-0\" data-rl_title=\"\" data-rl_caption=\"\" title=\"\"><img loading=\"lazy\" decoding=\"async\" class=\"wp-image-543 aligncenter\" src=\"https:\/\/gerens.pe\/blog\/wp-content\/uploads\/2016\/02\/Tito-Martins.png\" alt=\"Tito Martins\" width=\"595\" height=\"337\" srcset=\"https:\/\/gerens.pe\/blog\/wp-content\/uploads\/2016\/02\/Tito-Martins.png 1200w, https:\/\/gerens.pe\/blog\/wp-content\/uploads\/2016\/02\/Tito-Martins-300x170.png 300w, https:\/\/gerens.pe\/blog\/wp-content\/uploads\/2016\/02\/Tito-Martins-1024x580.png 1024w, https:\/\/gerens.pe\/blog\/wp-content\/uploads\/2016\/02\/Tito-Martins-768x435.png 768w, https:\/\/gerens.pe\/blog\/wp-content\/uploads\/2016\/02\/Tito-Martins-360x204.png 360w\" sizes=\"(max-width: 595px) 100vw, 595px\" \/><\/a><\/p>\n<p style=\"text-align: justify;\">En unos a\u00f1os, la curva de costo del cobre\u00a0global va a cambiar hacia arriba debido\u00a0a la mayor dificultad para el proceso de\u00a0extracci\u00f3n, como por ejemplo, que las minas\u00a0a tajo abierto ser\u00e1n sustituidas por minas\u00a0subterr\u00e1neas. As\u00ed vaticin\u00f3 Tito Martins, CEO\u00a0de Votorantim Metais, durante su charla\u00a0magistral, la \u201cSituaci\u00f3n Actual de la Miner\u00eda\u201d,\u00a0en el marco de la ceremonia de graduaci\u00f3n\u00a0de las primeras dos promociones de la\u00a0<a href=\"https:\/\/gerens.pe\/maestria\/\">Maestr\u00eda en Gesti\u00f3n Minera<\/a>, de la Escuela\u00a0de Postgrado GERENS, el pasado 2 de\u00a0enero.<\/p>\n<p style=\"text-align: justify;\">Sin embargo, su mensaje fue, que \u201cla tendencia del mercado es positiva, aunque puede\u00a0demorar y esperamos ver precios del cobre por encima de US$4,000\/ton\u201d.<\/p>\n<p style=\"text-align: justify;\">Explic\u00f3, que la actualidad es una industria minera que ha hecho inversiones considerables,\u00a0pero que enfrenta mayor volatilidad y riesgos. Entre los retos que se debe enfrentar est\u00e1 el\u00a0freno del crecimiento chino; se est\u00e1 dando un cambio en el centro de gravedad, donde los\u00a0otros pa\u00edses asi\u00e1ticos tambi\u00e9n presentan un nuevo crecimiento. Se viene el cambio clim\u00e1tico\u00a0que puede afectar el negocio minero m\u00e1s de lo que est\u00e1 previsto; se requiere un manejo\u00a0inteligente y sostenible del agua y la energ\u00eda. De otro lado, los procesos mineros son los\u00a0mismos desde el siglo pasado, s\u00f3lo han mejorado los equipos que los ejecutan.<\/p>\n<p style=\"text-align: justify;\">Entre las oportunidades para la industria mencion\u00f3: La eficiencia energ\u00e9tica, el uso\u00a0sostenible del agua, la automatizaci\u00f3n, el monitoreo de equipos en tiempo real, capital\u00a0humano, disminuci\u00f3n de costos v\u00eda innovaci\u00f3n, gesti\u00f3n de proyectos m\u00e1s estructurada y\u00a0una visi\u00f3n integral de la salud, seguridad, ambiente y comunidades.<\/p>\n<p style=\"text-align: justify;\">La segunda charla magistral estuvo a cargo de Marcel Chamma, consultor de Votorantim\u00a0Cimentos, quien disert\u00f3 sobre \u201cInnovaci\u00f3n y Planeamiento a Largo Plazo\u201d, haciendo \u00e9nfasis\u00a0en las ventajas competitivas del negocio &#8211;por capital o por innovaci\u00f3n o tecnolog\u00eda&#8211;, para\u00a0definir la estrategia y planeamiento de la compa\u00f1\u00eda, as\u00ed como en las competencias del, o\u00a0de los l\u00edderes.<\/p>\n<p style=\"text-align: justify;\">La Maestr\u00eda en Gesti\u00f3n Minera, tiene por objetivo la formaci\u00f3n del talento gerencial que\u00a0requiere el sector minero nacional para contribuir con el desarrollo del pa\u00eds, se\u00f1al\u00f3 Armando\u00a0Gallegos, Director General de GERENS. \u201cLa competitividad del sector puede ser lograda solo\u00a0si se trabaja de manera conjunta Estado, industria y academia, m\u00e1s a\u00fan si se trabaja en\u00a0horizontes de largo plazo\u201d, precis\u00f3.<\/p>\n<p style=\"text-align: justify;\">Las promociones 2013-I y 2013-II estuvieron integradas por 17 profesionales del sector\u00a0privado y p\u00fablico.<\/p>\n<p style=\"text-align: justify;\">Luego del homenaje p\u00f3stumo al Ing. Profesor Carlos Soldi, a cargo del Gerente General\u00a0de la Escuela, Rodrigo Prial\u00e9, se anunci\u00f3 el establecimiento de la Beca \u201cCarlos Soldi Soldi\u201dpor la cual en el futuro muchos estudiantes podr\u00e1n capacitarse y mejorar su formaci\u00f3n\u00a0profesional.<\/p>\n<p style=\"text-align: justify;\">La clausura de la ceremonia estuvo a cargo\u00a0de la ministra de Energ\u00eda y Minas, Dra. Rosa\u00a0Mar\u00eda Ortiz, quien se\u00f1al\u00f3 la necesidad de\u00a0la existencia de una relaci\u00f3n armoniosa\u00a0entre las empresas y las comunidades, \u201cque\u00a0permita a las comunidades entender que los\u00a0beneficios de la miner\u00eda no s\u00f3lo son para la\u00a0empresa o el Estado, sino tambi\u00e9n para ellas\u00a0pues fomentar\u00e1 su desarrollo\u201d.<\/p>\n<p style=\"text-align: justify;\">Remarc\u00f3 que el Per\u00fa sigue ofreciendo\u00a0condiciones favorables para el desarrollo\u00a0de la miner\u00eda, \u201cseguimos siendo un pa\u00eds competitivo, con energ\u00eda barata, mano de obra\u00a0calificada, un sistema de seguridad jur\u00eddica permanente y condiciones tributarias favorables\u201d.<\/p>\n<p style=\"text-align: justify;\">Fuente: <a href=\"http:\/\/www.minerandina.com\/\">minerandina.com<\/a><\/p>\n","protected":false},"excerpt":{"rendered":"<p>En unos a\u00f1os, la curva de costo del cobre\u00a0global va a cambiar hacia arriba debido\u00a0a la mayor dificultad para el proceso de\u00a0extracci\u00f3n,&#8230;<\/p>\n","protected":false},"author":9,"featured_media":544,"comment_status":"open","ping_status":"open","sticky":false,"template":"","format":"standard","meta":{"footnotes":""},"categories":[2],"tags":[],"amp_enabled":true,"_links":{"self":[{"href":"https:\/\/gerens.pe\/blog\/wp-json\/wp\/v2\/posts\/540"}],"collection":[{"href":"https:\/\/gerens.pe\/blog\/wp-json\/wp\/v2\/posts"}],"about":[{"href":"https:\/\/gerens.pe\/blog\/wp-json\/wp\/v2\/types\/post"}],"author":[{"embeddable":true,"href":"https:\/\/gerens.pe\/blog\/wp-json\/wp\/v2\/users\/9"}],"replies":[{"embeddable":true,"href":"https:\/\/gerens.pe\/blog\/wp-json\/wp\/v2\/comments?post=540"}],"version-history":[{"count":0,"href":"https:\/\/gerens.pe\/blog\/wp-json\/wp\/v2\/posts\/540\/revisions"}],"wp:featuredmedia":[{"embeddable":true,"href":"https:\/\/gerens.pe\/blog\/wp-json\/wp\/v2\/media\/544"}],"wp:attachment":[{"href":"https:\/\/gerens.pe\/blog\/wp-json\/wp\/v2\/media?parent=540"}],"wp:term":[{"taxonomy":"category","embeddable":true,"href":"https:\/\/gerens.pe\/blog\/wp-json\/wp\/v2\/categories?post=540"},{"taxonomy":"post_tag","embeddable":true,"href":"https:\/\/gerens.pe\/blog\/wp-json\/wp\/v2\/tags?post=540"}],"curies":[{"name":"wp","href":"https:\/\/api.w.org\/{rel}","templated":true}]}}