{"id":526,"date":"2016-02-09T11:00:18","date_gmt":"2016-02-09T16:00:18","guid":{"rendered":"https:\/\/gerens.pe\/blog\/?p=526"},"modified":"2016-02-09T11:00:18","modified_gmt":"2016-02-09T16:00:18","slug":"gerens-fortalece-relaciones-con-universidad-colombiana","status":"publish","type":"post","link":"https:\/\/gerens.pe\/blog\/gerens-fortalece-relaciones-con-universidad-colombiana\/","title":{"rendered":"GERENS fortalece relaciones con Universidad Colombiana"},"content":{"rendered":"<div id=\"attachment_565\" style=\"width: 510px\" class=\"wp-caption aligncenter\"><a href=\"https:\/\/gerens.pe\/blog\/wp-content\/uploads\/2016\/02\/convenio1.jpg\" data-rel=\"lightbox-image-0\" data-rl_title=\"\" data-rl_caption=\"\" title=\"\"><img loading=\"lazy\" decoding=\"async\" aria-describedby=\"caption-attachment-565\" class=\"wp-image-565 size-full\" src=\"https:\/\/gerens.pe\/blog\/wp-content\/uploads\/2016\/02\/convenio1.jpg\" alt=\"convenio1\" width=\"500\" height=\"340\" srcset=\"https:\/\/gerens.pe\/blog\/wp-content\/uploads\/2016\/02\/convenio1.jpg 500w, https:\/\/gerens.pe\/blog\/wp-content\/uploads\/2016\/02\/convenio1-300x204.jpg 300w, https:\/\/gerens.pe\/blog\/wp-content\/uploads\/2016\/02\/convenio1-360x245.jpg 360w\" sizes=\"(max-width: 500px) 100vw, 500px\" \/><\/a><p id=\"caption-attachment-565\" class=\"wp-caption-text\">Gerente General de GERENS, Rodrigo Prial\u00e9, junto a autoridades de la Universidad Nacional de Colombia. Foto: Universidad Nacional de Colombia<\/p><\/div>\n<p style=\"text-align: justify;\">El Gerente general de la Escuela de Posgrado GERENS, Dr. Rodrigo Prial\u00e9, visit\u00f3 la <a href=\"http:\/\/medellin.unal.edu.co\/\">Universidad Nacional de Colombia<\/a>, sede Medell\u00edn, el pasado 29 de enero, con el objetivo de fortalecer relaciones y potenciar esfuerzos de cooperaci\u00f3n internacional.<\/p>\n<p style=\"text-align: justify;\">La posibilidad de un acuerdo implica, para ambas instituciones educativas, la realizaci\u00f3n de intercambios de profesores para el dictado o co-dictado de cursos en las carreras afines que ofrecen, as\u00ed como intercambios de estudiantes para la ejecuci\u00f3n de proyectos de investigaci\u00f3n y desarrollo.<\/p>\n<p style=\"text-align: justify;\">El Dr. Rodrigo Prial\u00e9, se\u00f1al\u00f3 que interesa establecer nexos con la Universidad Nacional de Colombia, espec\u00edficamente con sus programas relacionados con miner\u00eda y recursos naturales, pues reconoce el prestigio de esa casa de estudios.<\/p>\n<p style=\"text-align: justify;\">\u201cSi fuera posible tener programas conjuntos que atraigan a estudiantes de ambos pa\u00edses (Per\u00fa y Colombia), ser\u00eda extraordinario para GERENS como escuela de formaci\u00f3n postgradual\u201d, subray\u00f3.<\/p>\n<p style=\"text-align: justify;\">Por su parte, la profesora Diana Luz Ceballos, directora acad\u00e9mica y vicerrectora encargada de la Sede Medell\u00edn, enfatiz\u00f3 en la importancia de extender lazos internacionales de cooperaci\u00f3n y de trabajo conjunto, sobre todo con los pa\u00edses del \u00e1rea. \u201cLa Universidad en el plan de desarrollo que se est\u00e1 formulando tiene pensada una inversi\u00f3n fuerte de internacionalizaci\u00f3n con Latinoam\u00e9rica para tratar de construir y crecer juntos mediante la uni\u00f3n de nuestras fortalezas porque nuestros pa\u00edses tienen muchos retos a futuro\u201d, dijo.<\/p>\n<p style=\"text-align: justify;\">El Gerente General de GERENS consider\u00f3 que la posibilidad de este acuerdo representa ante todo un beneficio para la sociedad dado el prestigio consolidado de ambas instituciones en la regi\u00f3n. Programas de doble titulaci\u00f3n, movilidad para posgrado y proyectos de extensi\u00f3n en \u00e1reas como miner\u00eda, recursos naturales, construcci\u00f3n, hidrocarburos, energ\u00edas renovables y eficiencia energ\u00e9tica, abren la puerta de la cooperaci\u00f3n entre GERENS y la Universidad Nacional, a\u00f1adi\u00f3.<\/p>\n","protected":false},"excerpt":{"rendered":"<p>El Gerente general de la Escuela de Posgrado GERENS, Dr. Rodrigo Prial\u00e9, visit\u00f3 la Universidad Nacional de Colombia, sede Medell\u00edn, el pasado&#8230;<\/p>\n","protected":false},"author":9,"featured_media":565,"comment_status":"open","ping_status":"open","sticky":false,"template":"","format":"standard","meta":{"footnotes":""},"categories":[2],"tags":[],"amp_enabled":true,"_links":{"self":[{"href":"https:\/\/gerens.pe\/blog\/wp-json\/wp\/v2\/posts\/526"}],"collection":[{"href":"https:\/\/gerens.pe\/blog\/wp-json\/wp\/v2\/posts"}],"about":[{"href":"https:\/\/gerens.pe\/blog\/wp-json\/wp\/v2\/types\/post"}],"author":[{"embeddable":true,"href":"https:\/\/gerens.pe\/blog\/wp-json\/wp\/v2\/users\/9"}],"replies":[{"embeddable":true,"href":"https:\/\/gerens.pe\/blog\/wp-json\/wp\/v2\/comments?post=526"}],"version-history":[{"count":0,"href":"https:\/\/gerens.pe\/blog\/wp-json\/wp\/v2\/posts\/526\/revisions"}],"wp:featuredmedia":[{"embeddable":true,"href":"https:\/\/gerens.pe\/blog\/wp-json\/wp\/v2\/media\/565"}],"wp:attachment":[{"href":"https:\/\/gerens.pe\/blog\/wp-json\/wp\/v2\/media?parent=526"}],"wp:term":[{"taxonomy":"category","embeddable":true,"href":"https:\/\/gerens.pe\/blog\/wp-json\/wp\/v2\/categories?post=526"},{"taxonomy":"post_tag","embeddable":true,"href":"https:\/\/gerens.pe\/blog\/wp-json\/wp\/v2\/tags?post=526"}],"curies":[{"name":"wp","href":"https:\/\/api.w.org\/{rel}","templated":true}]}}