{"id":519,"date":"2016-01-26T13:30:53","date_gmt":"2016-01-26T18:30:53","guid":{"rendered":"https:\/\/gerens.pe\/blog\/?p=519"},"modified":"2016-01-26T13:30:53","modified_gmt":"2016-01-26T18:30:53","slug":"dr-armando-gallegos-gerens-apuesta-por-la-mineria-que-crea-valor-economico-social-y-ambiental","status":"publish","type":"post","link":"https:\/\/gerens.pe\/blog\/dr-armando-gallegos-gerens-apuesta-por-la-mineria-que-crea-valor-economico-social-y-ambiental\/","title":{"rendered":"Dr. Armando Gallegos: GERENS apuesta por la miner\u00eda que crea valor econ\u00f3mico social y ambiental"},"content":{"rendered":"<div id=\"attachment_520\" style=\"width: 635px\" class=\"wp-caption aligncenter\"><a href=\"https:\/\/gerens.pe\/blog\/wp-content\/uploads\/2016\/01\/Dr-Armando-Gallegos-Presidente-de-GERENS.png\" data-rel=\"lightbox-image-0\" data-rl_title=\"\" data-rl_caption=\"\" title=\"\"><img loading=\"lazy\" decoding=\"async\" aria-describedby=\"caption-attachment-520\" class=\"wp-image-520\" src=\"https:\/\/gerens.pe\/blog\/wp-content\/uploads\/2016\/01\/Dr-Armando-Gallegos-Presidente-de-GERENS.png\" alt=\"Dr Armando Gallegos-Presidente de GERENS\" width=\"625\" height=\"320\" \/><\/a><p id=\"caption-attachment-520\" class=\"wp-caption-text\">Dr. Armando Gallegos, Director Principal de la Escuela de Postgrado GERENS.<\/p><\/div>\n<p style=\"text-align: justify;\">La miner\u00eda peruana mejorar\u00e1 su competitividad s\u00f3lo mediante un trabajo integrado de sus principales actores: Estado, industria y sector acad\u00e9mico, a la vez que adopta horizontes de proyecci\u00f3n de muy largo plazo, se\u00f1al\u00f3 el Dr. Armando Gallegos, director general de la Escuela de Postgrado y presidente del Directorio de GERENS<\/p>\n<p style=\"text-align: justify;\">Durante la ceremonia de graduaci\u00f3n de la primera promoci\u00f3n de la <a href=\"https:\/\/gerens.pe\/maestria\/\" target=\"_blank\" rel=\"noopener\">Maestr\u00eda en Gesti\u00f3n Minera en GERENS<\/a>, el Dr.\u00a0 Gallegos, insisti\u00f3 en la necesidad de trabajar con horizontes de muy largo plazo, entre 15 y 25 a\u00f1os, como lo hacen por ejemplo Canad\u00e1, Chile, y Australia.\u00a0 Esto, ha emergido con claridad en los trabajos de prospectiva y planeamiento estrat\u00e9gico del sector que venimos haciendo con el Ministerio de Energ\u00eda y Minas y con el Instituto de Ingenieros de Minas del Per\u00fa, dos instituciones con las cuales tenemos mucha afinidad, dijo.<\/p>\n<p style=\"text-align: justify;\">El futuro del sector minero peruano incluye como posibles algunos escenarios negativos donde la miner\u00eda no logra aceptaci\u00f3n social, no se resuelven temas de miner\u00eda informal e ilegal, se deteriora la gobernabilidad social y ambiental y no se dan las inversiones en exploraci\u00f3n.\u00a0 Sin embargo, por contraste, tambi\u00e9n se vislumbran escenarios positivos donde se logra aceptaci\u00f3n social, se consolida una gobernanza p\u00fablico-privada del sector, se impulsa la investigaci\u00f3n y la innovaci\u00f3n requerida por la actividad minera y se cubren las brechas de fuerza laboral profesional y t\u00e9cnica que requiere el sector.<\/p>\n<p style=\"text-align: justify;\">\u201cEn GERENS, hemos apostado por un escenario positivo en el cual la miner\u00eda es clave como motor de desarrollo nacional, no solo econ\u00f3mico.\u00a0 Esta es la nueva miner\u00eda, la miner\u00eda que crea valor econ\u00f3mico social y valor ambiental\u201d. Proyectamos que la miner\u00eda en el Per\u00fa evolucionar\u00e1 en los pr\u00f3ximos 20 a\u00f1os a estad\u00edos superiores, que ya han alcanzado otros pa\u00edses: tendremos m\u00e1s miner\u00eda y mejor miner\u00eda y tambi\u00e9n se desarrollar\u00e1 una plataforma fuerte de bienes y servicios mineros, explic\u00f3 el Dr. Gallegos.<\/p>\n<p style=\"text-align: justify;\">En el futuro se afrontar\u00e1 b\u00e1sicamente el cambio, la innovaci\u00f3n, la disrupci\u00f3n tecnol\u00f3gica, y otras demandas de gesti\u00f3n socio-pol\u00edtica.\u00a0 Y para ello, se va requerir de mucha claridad en la visi\u00f3n estrat\u00e9gica, liderazgo, decisi\u00f3n y las competencias gerenciales adecuadas, concluy\u00f3.<\/p>\n","protected":false},"excerpt":{"rendered":"<p>La miner\u00eda peruana mejorar\u00e1 su competitividad s\u00f3lo mediante un trabajo integrado de sus principales actores: Estado, industria y sector acad\u00e9mico, a la&#8230;<\/p>\n","protected":false},"author":9,"featured_media":520,"comment_status":"open","ping_status":"open","sticky":false,"template":"","format":"standard","meta":{"footnotes":""},"categories":[2],"tags":[],"amp_enabled":true,"_links":{"self":[{"href":"https:\/\/gerens.pe\/blog\/wp-json\/wp\/v2\/posts\/519"}],"collection":[{"href":"https:\/\/gerens.pe\/blog\/wp-json\/wp\/v2\/posts"}],"about":[{"href":"https:\/\/gerens.pe\/blog\/wp-json\/wp\/v2\/types\/post"}],"author":[{"embeddable":true,"href":"https:\/\/gerens.pe\/blog\/wp-json\/wp\/v2\/users\/9"}],"replies":[{"embeddable":true,"href":"https:\/\/gerens.pe\/blog\/wp-json\/wp\/v2\/comments?post=519"}],"version-history":[{"count":0,"href":"https:\/\/gerens.pe\/blog\/wp-json\/wp\/v2\/posts\/519\/revisions"}],"wp:featuredmedia":[{"embeddable":true,"href":"https:\/\/gerens.pe\/blog\/wp-json\/wp\/v2\/media\/520"}],"wp:attachment":[{"href":"https:\/\/gerens.pe\/blog\/wp-json\/wp\/v2\/media?parent=519"}],"wp:term":[{"taxonomy":"category","embeddable":true,"href":"https:\/\/gerens.pe\/blog\/wp-json\/wp\/v2\/categories?post=519"},{"taxonomy":"post_tag","embeddable":true,"href":"https:\/\/gerens.pe\/blog\/wp-json\/wp\/v2\/tags?post=519"}],"curies":[{"name":"wp","href":"https:\/\/api.w.org\/{rel}","templated":true}]}}