{"id":4771,"date":"2019-07-22T17:28:31","date_gmt":"2019-07-22T22:28:31","guid":{"rendered":"https:\/\/gerens.pe\/blog\/?p=4771"},"modified":"2023-07-25T23:01:49","modified_gmt":"2023-07-25T23:01:49","slug":"asi-mostro-como-entre-el-2000-y-el-2018-el-peru-registro-la-mas-alta-pbi-per-capita-de-sudamerica-con-3-8-por-encima-del-uruguay-y-chile-para-medir-el-bienestar-de-la-poblacion-mostro-como-habia-e","status":"publish","type":"post","link":"https:\/\/gerens.pe\/blog\/asi-mostro-como-entre-el-2000-y-el-2018-el-peru-registro-la-mas-alta-pbi-per-capita-de-sudamerica-con-3-8-por-encima-del-uruguay-y-chile-para-medir-el-bienestar-de-la-poblacion-mostro-como-habia-e\/","title":{"rendered":"Per\u00fa registr\u00f3 el PBI per c\u00e1pita m\u00e1s alto de Sudam\u00e9rica, con 3.8%, entre el 2000 y 2018"},"content":{"rendered":"<p><strong>Charlas en Simposio en Gesti\u00f3n Minera<\/strong><\/p>\n<p>Entre el 18 y 20 de julio del 2019, en la sede del IIMP, los estudiantes de Ingenier\u00eda de Minas de la UNI organizaron el simposio internacional en gesti\u00f3n minera (SIGEMIN 2019). A esta actividad fueron invitados los profesores Rodrigo Prial\u00e9 y Ana Rosa Adaniya quienes abordaron el tema del impacto social de la miner\u00eda.<\/p>\n<p>En la primera parte el Dr. Prial\u00e9 analiz\u00f3 la evoluci\u00f3n de los principales indicadores socio-econ\u00f3micos del Per\u00fa.\u00a0 Mostr\u00f3 que entre el 2000 y el 2018 el PBI per c\u00e1pita (ingreso promedio) del Per\u00fa creci\u00f3 a una tasa promedio anual de 3.8%, tasa que es la m\u00e1s alta entre los pa\u00edses de Am\u00e9rica del Sur y M\u00e9xico, por encima de las de Uruguay y Chile. Para mostrar la evoluci\u00f3n de la mejora del bienestar de la poblaci\u00f3n mostr\u00f3 que el \u00cdndice de Desarrollo Humano (IDH) del Per\u00fa se increment\u00f3 de 0.68 en el a\u00f1o 2000, a 0.75 en el 2018, ubic\u00e1ndose en el grupo de pa\u00edses de IDH alto. La pobreza y la pobreza extrema mostraron una reducci\u00f3n importante de 54.8% a 20.5% y de 24.4% a 2.8%, respectivamente, en el periodo 2001 a 2018.<\/p>\n<p>La mayor\u00eda de las operaciones en el Per\u00fa se ubican principalmente en las zonas alto andinas del pa\u00eds, por lo que su \u00e1mbito de acci\u00f3n se concentra en la sierra rural, que es el territorio que tiene el m\u00e1s bajo ingreso promedio mensual del pa\u00eds. Lleg\u00f3 a 359 soles al mes en el 2018.\u00a0 Tambi\u00e9n se debe resaltar que la pobreza y pobreza extrema se concentran principalmente en la sierra rural, localiz\u00e1ndose en esta zona m\u00e1s del 70% de los pobres extremos, dedicados en un 83% a la agricultura de subsistencia, lo que dificulta que puedan superar su condici\u00f3n de pobres o pobres extremos.<\/p>\n<p>En la segunda parte, la profesora Adaniya abord\u00f3 el tema de la aceptaci\u00f3n social y los stakeholders de las zonas de influencia de las empresas mineras. En esta charla se expuso sobre la necesidad de mejorar las estrategias de relacionamiento con las comunidades para fomentar un mejor entendimiento entre la empresa y sus comunidades vecinas y sobre la necesidad del estado de trabajar en las zonas mineras para cerrar la enorme brecha de infraestructura social y econ\u00f3mica existente en las zonas rurales de la sierra.\u00a0 Se plante\u00f3 la necesidad de realizar un diagn\u00f3stico del territorio que incluya la identificaci\u00f3n de las redes socio-pol\u00edticas existentes, identificando los asuntos estrat\u00e9gicos que movilizan a los actores sociales a la protesta.\u00a0 Entre otros asuntos est\u00e1n el agua, el acceso a tierras para realizar las actividades econ\u00f3micas preferidas, el empleo para los j\u00f3venes, la educaci\u00f3n, la salud.\u00a0 Asimismo, se explic\u00f3 que las empresas tambi\u00e9n deben evaluar sus capacidades para obtener la aceptaci\u00f3n social, y trabajar para mejorar sus pol\u00edticas, procesos, procedimientos y capital humano para realizar la compleja tarea de dialogar, entender y ganar confianza de la comunidad.\u00a0 Se culmin\u00f3 recalcando que los costos de los conflictos son demasiado altos y en caso extremo pueden parar o impedir que el proyecto se ejecute.<\/p>\n<p>En s\u00edntesis, las empresas mineras del siglo XXI enfrentan expectativas muy altas de la sociedad y deben estar preparadas para gestionar exitosamente sus operaciones y trabajar en conjunto con el estado y la sociedad civil, las pol\u00edticas, procesos y procedimientos de relacionamiento para generar confianza mutua que les permita una licencia social continua y duradera.<\/p>\n<p><a href=\"https:\/\/gerens.pe\/blog\/wp-content\/uploads\/2019\/07\/20190718_142827.jpg\" data-rel=\"lightbox-image-0\" data-rl_title=\"\" data-rl_caption=\"\" title=\"\"><img loading=\"lazy\" decoding=\"async\" class=\"aligncenter size-medium wp-image-4772\" src=\"https:\/\/gerens.pe\/blog\/wp-content\/uploads\/2019\/07\/20190718_142827-300x146.jpg\" alt=\"\" width=\"300\" height=\"146\" srcset=\"https:\/\/gerens.pe\/blog\/wp-content\/uploads\/2019\/07\/20190718_142827-300x146.jpg 300w, https:\/\/gerens.pe\/blog\/wp-content\/uploads\/2019\/07\/20190718_142827-1024x498.jpg 1024w, https:\/\/gerens.pe\/blog\/wp-content\/uploads\/2019\/07\/20190718_142827-768x373.jpg 768w, https:\/\/gerens.pe\/blog\/wp-content\/uploads\/2019\/07\/20190718_142827-1536x747.jpg 1536w, https:\/\/gerens.pe\/blog\/wp-content\/uploads\/2019\/07\/20190718_142827-2048x996.jpg 2048w, https:\/\/gerens.pe\/blog\/wp-content\/uploads\/2019\/07\/20190718_142827-360x175.jpg 360w\" sizes=\"(max-width: 300px) 100vw, 300px\" \/><\/a> <a href=\"https:\/\/gerens.pe\/blog\/wp-content\/uploads\/2019\/07\/20190718_142845.jpg\" data-rel=\"lightbox-image-1\" data-rl_title=\"\" data-rl_caption=\"\" title=\"\"><img loading=\"lazy\" decoding=\"async\" class=\"aligncenter size-medium wp-image-4773\" src=\"https:\/\/gerens.pe\/blog\/wp-content\/uploads\/2019\/07\/20190718_142845-300x146.jpg\" alt=\"\" width=\"300\" height=\"146\" srcset=\"https:\/\/gerens.pe\/blog\/wp-content\/uploads\/2019\/07\/20190718_142845-300x146.jpg 300w, https:\/\/gerens.pe\/blog\/wp-content\/uploads\/2019\/07\/20190718_142845-1024x498.jpg 1024w, https:\/\/gerens.pe\/blog\/wp-content\/uploads\/2019\/07\/20190718_142845-768x373.jpg 768w, https:\/\/gerens.pe\/blog\/wp-content\/uploads\/2019\/07\/20190718_142845-1536x747.jpg 1536w, https:\/\/gerens.pe\/blog\/wp-content\/uploads\/2019\/07\/20190718_142845-2048x996.jpg 2048w, https:\/\/gerens.pe\/blog\/wp-content\/uploads\/2019\/07\/20190718_142845-360x175.jpg 360w\" sizes=\"(max-width: 300px) 100vw, 300px\" \/><\/a> <a href=\"https:\/\/gerens.pe\/blog\/wp-content\/uploads\/2019\/07\/20190718_154942l.jpg\" data-rel=\"lightbox-image-2\" data-rl_title=\"\" data-rl_caption=\"\" title=\"\"><img loading=\"lazy\" decoding=\"async\" class=\"aligncenter size-medium wp-image-4774\" src=\"https:\/\/gerens.pe\/blog\/wp-content\/uploads\/2019\/07\/20190718_154942l-205x300.jpg\" alt=\"\" width=\"205\" height=\"300\" srcset=\"https:\/\/gerens.pe\/blog\/wp-content\/uploads\/2019\/07\/20190718_154942l-205x300.jpg 205w, https:\/\/gerens.pe\/blog\/wp-content\/uploads\/2019\/07\/20190718_154942l-701x1024.jpg 701w, https:\/\/gerens.pe\/blog\/wp-content\/uploads\/2019\/07\/20190718_154942l-768x1122.jpg 768w, https:\/\/gerens.pe\/blog\/wp-content\/uploads\/2019\/07\/20190718_154942l-1051x1536.jpg 1051w, https:\/\/gerens.pe\/blog\/wp-content\/uploads\/2019\/07\/20190718_154942l-1402x2048.jpg 1402w, https:\/\/gerens.pe\/blog\/wp-content\/uploads\/2019\/07\/20190718_154942l-360x526.jpg 360w, https:\/\/gerens.pe\/blog\/wp-content\/uploads\/2019\/07\/20190718_154942l-scaled.jpg 1752w\" sizes=\"(max-width: 205px) 100vw, 205px\" \/><\/a><\/p>\n","protected":false},"excerpt":{"rendered":"<p>Charlas en Simposio en Gesti\u00f3n Minera Entre el 18 y 20 de julio del 2019, en la sede del IIMP, los estudiantes&#8230;<\/p>\n","protected":false},"author":7,"featured_media":4772,"comment_status":"open","ping_status":"open","sticky":false,"template":"","format":"standard","meta":{"footnotes":""},"categories":[2],"tags":[],"amp_enabled":true,"_links":{"self":[{"href":"https:\/\/gerens.pe\/blog\/wp-json\/wp\/v2\/posts\/4771"}],"collection":[{"href":"https:\/\/gerens.pe\/blog\/wp-json\/wp\/v2\/posts"}],"about":[{"href":"https:\/\/gerens.pe\/blog\/wp-json\/wp\/v2\/types\/post"}],"author":[{"embeddable":true,"href":"https:\/\/gerens.pe\/blog\/wp-json\/wp\/v2\/users\/7"}],"replies":[{"embeddable":true,"href":"https:\/\/gerens.pe\/blog\/wp-json\/wp\/v2\/comments?post=4771"}],"version-history":[{"count":1,"href":"https:\/\/gerens.pe\/blog\/wp-json\/wp\/v2\/posts\/4771\/revisions"}],"predecessor-version":[{"id":7643,"href":"https:\/\/gerens.pe\/blog\/wp-json\/wp\/v2\/posts\/4771\/revisions\/7643"}],"wp:featuredmedia":[{"embeddable":true,"href":"https:\/\/gerens.pe\/blog\/wp-json\/wp\/v2\/media\/4772"}],"wp:attachment":[{"href":"https:\/\/gerens.pe\/blog\/wp-json\/wp\/v2\/media?parent=4771"}],"wp:term":[{"taxonomy":"category","embeddable":true,"href":"https:\/\/gerens.pe\/blog\/wp-json\/wp\/v2\/categories?post=4771"},{"taxonomy":"post_tag","embeddable":true,"href":"https:\/\/gerens.pe\/blog\/wp-json\/wp\/v2\/tags?post=4771"}],"curies":[{"name":"wp","href":"https:\/\/api.w.org\/{rel}","templated":true}]}}