{"id":414,"date":"2016-01-06T16:01:31","date_gmt":"2016-01-06T21:01:31","guid":{"rendered":"https:\/\/gerens.pe\/blog\/?p=414"},"modified":"2016-01-06T16:01:31","modified_gmt":"2016-01-06T21:01:31","slug":"video-como-mejorar-tus-finanzas-personales-en-el-2016","status":"publish","type":"post","link":"https:\/\/gerens.pe\/blog\/video-como-mejorar-tus-finanzas-personales-en-el-2016\/","title":{"rendered":"C\u00f3mo mejorar tus finanzas personales en el 2016 [Video]"},"content":{"rendered":"<p><a href=\"https:\/\/www.youtube.com\/watch?v=TvgjqBjQfEU&#038;feature=youtu.be\" data-rel=\"lightbox-video-0\">https:\/\/www.youtube.com\/watch?v=TvgjqBjQfEU&amp;feature=youtu.be<\/a><\/p>\n<p style=\"text-align: justify;\">Con el inicio del 2016\u00a0muchos peruanos ven la oportunidad\u00a0de emprender\u00a0negocios e iniciativas\u00a0empresariales. Sin embargo, para que estos proyectos prosperen y logren mantenerse en el tiempo, \u00a0se debe tomar en cuenta el contexto pol\u00edtico y econ\u00f3mico.\u00a0El 2016\u00a0ser\u00e1 un a\u00f1o de\u00a0retos que, de no tomar decisiones adecuadas, podr\u00edan afectarnos financieramente. La\u00a0incertidumbre pol\u00edtica, la desaceleraci\u00f3n de la econom\u00eda y alza del dolar son algunos de los factores a tener en cuenta.<\/p>\n<p style=\"text-align: justify;\">Giovanna Prial\u00e9, Directora de GERENS Econom\u00eda y Finanzas, en una reciente entrevista a\u00a0RPP Noticias, comparti\u00f3 algunos consejos,\u00a0as\u00ed como pron\u00f3sticos en materia de crecimiento econ\u00f3mico,\u00a0que permitir\u00e1n\u00a0tomar mejores decisiones financieras\u00a0durante el 2016.<\/p>\n<h4 style=\"text-align: justify;\"><b><i>Con el fin de brindar\u00a0informaci\u00f3n sustancial, accesible y pr\u00e1ctica, que ayude a la toma de decisiones y al crecimiento de los\u00a0negocios, GERENS Econom\u00eda y Finanzas ofrece\u00a0informaci\u00f3n macro y micro econ\u00f3mica dentro de sus servicios de\u00a0<a href=\"http:\/\/sef.gerens.pe\/index.php\" target=\"_blank\" rel=\"noopener\">asesor\u00eda financiera.<\/a><\/i><\/b><\/h4>\n","protected":false},"excerpt":{"rendered":"<p>Con el inicio del 2016\u00a0muchos peruanos ven la oportunidad\u00a0de emprender\u00a0negocios e iniciativas\u00a0empresariales. Sin embargo, para que estos proyectos prosperen y logren mantenerse&#8230;<\/p>\n","protected":false},"author":9,"featured_media":425,"comment_status":"open","ping_status":"open","sticky":false,"template":"","format":"video","meta":{"footnotes":""},"categories":[135,2],"tags":[],"amp_enabled":true,"_links":{"self":[{"href":"https:\/\/gerens.pe\/blog\/wp-json\/wp\/v2\/posts\/414"}],"collection":[{"href":"https:\/\/gerens.pe\/blog\/wp-json\/wp\/v2\/posts"}],"about":[{"href":"https:\/\/gerens.pe\/blog\/wp-json\/wp\/v2\/types\/post"}],"author":[{"embeddable":true,"href":"https:\/\/gerens.pe\/blog\/wp-json\/wp\/v2\/users\/9"}],"replies":[{"embeddable":true,"href":"https:\/\/gerens.pe\/blog\/wp-json\/wp\/v2\/comments?post=414"}],"version-history":[{"count":0,"href":"https:\/\/gerens.pe\/blog\/wp-json\/wp\/v2\/posts\/414\/revisions"}],"wp:featuredmedia":[{"embeddable":true,"href":"https:\/\/gerens.pe\/blog\/wp-json\/wp\/v2\/media\/425"}],"wp:attachment":[{"href":"https:\/\/gerens.pe\/blog\/wp-json\/wp\/v2\/media?parent=414"}],"wp:term":[{"taxonomy":"category","embeddable":true,"href":"https:\/\/gerens.pe\/blog\/wp-json\/wp\/v2\/categories?post=414"},{"taxonomy":"post_tag","embeddable":true,"href":"https:\/\/gerens.pe\/blog\/wp-json\/wp\/v2\/tags?post=414"}],"curies":[{"name":"wp","href":"https:\/\/api.w.org\/{rel}","templated":true}]}}