{"id":4028,"date":"2018-07-19T10:45:55","date_gmt":"2018-07-19T15:45:55","guid":{"rendered":"https:\/\/gerens.pe\/blog\/?p=4028"},"modified":"2018-07-19T10:45:55","modified_gmt":"2018-07-19T15:45:55","slug":"jornada-literatura-promocion-lectura-narracion-oral","status":"publish","type":"post","link":"https:\/\/gerens.pe\/blog\/jornada-literatura-promocion-lectura-narracion-oral\/","title":{"rendered":"Jornada Internacional de Literatura Infantil y Juvenil, promoci\u00f3n a la lectura y narraci\u00f3n oral"},"content":{"rendered":"<p>La literatura infantil es un arte que imita contenidos humanos profundos y esenciales; emociones primitivas; capacidades y talentos que abarcan percepciones, sentimientos, memoria, fantas\u00eda y la exploraci\u00f3n de mundos desconocidos.<\/p>\n<p>Abarca campos del quehacer humano b\u00e1sicos y que tiene que ver de manera primordial con la cultura, la educaci\u00f3n, la comunicaci\u00f3n, la ciencia y lo m\u00e1s importante de las humanidades; es un arte que asume la realidad, decanta la vida, recorre y traspasa la fantas\u00eda, toca y se introduce en lo eterno.<\/p>\n<p>Por ello, los d\u00edas martes 26 y mi\u00e9rcoles 27 de junio de 2018 se llev\u00f3 acabo la Jornada Internacional de Literatura Infantil y Juvenil, promoci\u00f3n a la lectura y narraci\u00f3n oral en el Edificio GERENS, que cont\u00f3 con la presencia de delegaciones de Argentina y Per\u00fa. <a href=\"http:\/\/www.gerens.pe\">GERENS Escuela de Postgrado<\/a>, como parte del apoyo a\u00a0 la difusi\u00f3n de manifestaciones culturales, colabor\u00f3 con la Jornada y su anfitri\u00f3n Claudio Ledesma.<\/p>\n<p>Algunos de los ponentes fueron: Claudio Ledesma (ARG) Cucha del \u00c1guila (PE) Claudia Curiel, Nora Rodr\u00edguez (ARG), Claudia Branca(ARG), Susana Valdez (ARG), Marta Melean, Pepe Cabana Kojachi (PER) Silvia Pallone (ARG), Hugo Monsech (ARG), Elsa Leibovich (ARG) y Nerit Olaya (PER).<\/p>\n<p>Se cont\u00f3 con la participaci\u00f3n de integrantes del colectivo <a href=\"http:\/\/www.casadelaliteratura.gob.pe\/?page_id=17441\">\u201cAbuelos Narradores\u201d de la Casa de la Literatura<\/a>, Mercedes Huere Avelino en representaci\u00f3n de la Biblioteca Ricardo Palma de la Municipalidad de Miraflores, Marivel Ariza C\u00e1rdenas (Biblioteca de San Isidro), Pilar Sotomayor Gianino (Biblioteca Municipalidad de Punta Hermosa), Maruja Salgado Paraguay (mediadora de lectura del Consejo Municipal del Libro y la lectura de San Juan de Miraflores) y Cita Santiago Pa\u00facar de la Biblioteca Comunal de Villa Mar\u00eda del Triunfo<\/p>\n<p>El objetivo de la actividad fue difundir corrientes cl\u00e1sicas y contempor\u00e1neas de la Literatura infantil universal e iberoamericana, as\u00ed como la narraci\u00f3n oral contempor\u00e1nea y el fomento de su investigaci\u00f3n.<\/p>\n<p>Como parte de la programaci\u00f3n, hubo exposiciones sobre c\u00f3mo emplear la Literatura espec\u00edficamente los cuentos como forma de prevenci\u00f3n del abuso infantil por medio de un mensaje l\u00fadico y acogedor. As\u00ed mismo se expuso la importancia de la inclusi\u00f3n de la literatura en la curr\u00edcula escolar, desde los primeros a\u00f1os.<\/p>\n<p>Se coment\u00f3 acerca de la poes\u00eda y el poder que esta tiene entre los j\u00f3venes. Se hizo un an\u00e1lisis de la relaci\u00f3n de la narraci\u00f3n oral esc\u00e9nica como herramienta para potenciar la comprensi\u00f3n lectora.<\/p>\n<p>Se dio por terminada la jornada con una Ronda de cuentos por parte de los&lt;; y se invit\u00f3 a los asistentes a compartir con los narradores.<\/p>\n<p><a href=\"https:\/\/gerens.pe\/blog\/wp-content\/uploads\/2018\/07\/2.jpg\" data-rel=\"lightbox-image-0\" data-rl_title=\"\" data-rl_caption=\"\" title=\"\"><img loading=\"lazy\" decoding=\"async\" class=\"aligncenter wp-image-4029 size-full\" src=\"https:\/\/gerens.pe\/blog\/wp-content\/uploads\/2018\/07\/2.jpg\" alt=\"promoci\u00f3n a la lectura y narraci\u00f3n oral\" width=\"945\" height=\"756\" srcset=\"https:\/\/gerens.pe\/blog\/wp-content\/uploads\/2018\/07\/2.jpg 945w, https:\/\/gerens.pe\/blog\/wp-content\/uploads\/2018\/07\/2-300x240.jpg 300w, https:\/\/gerens.pe\/blog\/wp-content\/uploads\/2018\/07\/2-768x614.jpg 768w, https:\/\/gerens.pe\/blog\/wp-content\/uploads\/2018\/07\/2-360x288.jpg 360w\" sizes=\"(max-width: 945px) 100vw, 945px\" \/><\/a> <a href=\"https:\/\/gerens.pe\/blog\/wp-content\/uploads\/2018\/07\/1.jpg\" data-rel=\"lightbox-image-1\" data-rl_title=\"\" data-rl_caption=\"\" title=\"\"><img loading=\"lazy\" decoding=\"async\" class=\"aligncenter wp-image-4030 size-full\" src=\"https:\/\/gerens.pe\/blog\/wp-content\/uploads\/2018\/07\/1.jpg\" alt=\" ponentes y asistentes\" width=\"945\" height=\"756\" srcset=\"https:\/\/gerens.pe\/blog\/wp-content\/uploads\/2018\/07\/1.jpg 945w, https:\/\/gerens.pe\/blog\/wp-content\/uploads\/2018\/07\/1-300x240.jpg 300w, https:\/\/gerens.pe\/blog\/wp-content\/uploads\/2018\/07\/1-768x614.jpg 768w, https:\/\/gerens.pe\/blog\/wp-content\/uploads\/2018\/07\/1-360x288.jpg 360w\" sizes=\"(max-width: 945px) 100vw, 945px\" \/><\/a><\/p>\n","protected":false},"excerpt":{"rendered":"<p>La literatura infantil es un arte que imita contenidos humanos profundos y esenciales; emociones primitivas; capacidades y talentos que abarcan percepciones, sentimientos,&#8230;<\/p>\n","protected":false},"author":4,"featured_media":4033,"comment_status":"open","ping_status":"open","sticky":false,"template":"","format":"standard","meta":{"footnotes":""},"categories":[1,2],"tags":[],"amp_enabled":true,"_links":{"self":[{"href":"https:\/\/gerens.pe\/blog\/wp-json\/wp\/v2\/posts\/4028"}],"collection":[{"href":"https:\/\/gerens.pe\/blog\/wp-json\/wp\/v2\/posts"}],"about":[{"href":"https:\/\/gerens.pe\/blog\/wp-json\/wp\/v2\/types\/post"}],"author":[{"embeddable":true,"href":"https:\/\/gerens.pe\/blog\/wp-json\/wp\/v2\/users\/4"}],"replies":[{"embeddable":true,"href":"https:\/\/gerens.pe\/blog\/wp-json\/wp\/v2\/comments?post=4028"}],"version-history":[{"count":0,"href":"https:\/\/gerens.pe\/blog\/wp-json\/wp\/v2\/posts\/4028\/revisions"}],"wp:featuredmedia":[{"embeddable":true,"href":"https:\/\/gerens.pe\/blog\/wp-json\/wp\/v2\/media\/4033"}],"wp:attachment":[{"href":"https:\/\/gerens.pe\/blog\/wp-json\/wp\/v2\/media?parent=4028"}],"wp:term":[{"taxonomy":"category","embeddable":true,"href":"https:\/\/gerens.pe\/blog\/wp-json\/wp\/v2\/categories?post=4028"},{"taxonomy":"post_tag","embeddable":true,"href":"https:\/\/gerens.pe\/blog\/wp-json\/wp\/v2\/tags?post=4028"}],"curies":[{"name":"wp","href":"https:\/\/api.w.org\/{rel}","templated":true}]}}