{"id":230,"date":"2015-12-04T10:33:59","date_gmt":"2015-12-04T15:33:59","guid":{"rendered":"https:\/\/gerens.pe\/blog\/?p=230"},"modified":"2015-12-04T10:33:59","modified_gmt":"2015-12-04T15:33:59","slug":"alianza-gerens-gestornet-universidad-colombiana","status":"publish","type":"post","link":"https:\/\/gerens.pe\/blog\/alianza-gerens-gestornet-universidad-colombiana\/","title":{"rendered":"Surge alianza entre GERENS, Gestornet y Universidad Colombiana"},"content":{"rendered":"<div id=\"attachment_232\" style=\"width: 408px\" class=\"wp-caption alignright\"><a href=\"https:\/\/gerens.pe\/blog\/wp-content\/uploads\/2015\/12\/Alianza-GERENS-Gestornet-Universidad-Bolivariana-de-Medell\u00edn.jpg\" data-rel=\"lightbox-image-0\" data-rl_title=\"\" data-rl_caption=\"\" title=\"\"><img loading=\"lazy\" decoding=\"async\" aria-describedby=\"caption-attachment-232\" class=\"wp-image-232\" src=\"https:\/\/gerens.pe\/blog\/wp-content\/uploads\/2015\/12\/Alianza-GERENS-Gestornet-Universidad-Bolivariana-de-Medell\u00edn.jpg\" alt=\"Alianza GERENS-Gestornet-Universidad Bolivariana de Medell\u00edn\" width=\"398\" height=\"268\" \/><\/a><p id=\"caption-attachment-232\" class=\"wp-caption-text\">Autoridades de GERENS, Gestornet y la Universidad Pontificia Bolivariana de Medell\u00edn.<\/p><\/div>\n<p style=\"text-align: justify;\">El pasado 25 de noviembre, la consultora, Gestornet y la <a href=\"http:\/\/www.upb.edu.co\/portal\/page?_pageid=1054,1&amp;_dad=portal&amp;_schema=PORTAL\">Universidad Pontificia Bolivariana de Medell\u00edn<\/a> suscribieron con <a href=\"https:\/\/gerens.pe\">GERENS<\/a> el acuerdo para una alianza internacional a fin de fomentar la cooperaci\u00f3n interinstitucional. Se trata de brindar servicios educativos enfocados en el dise\u00f1o de comunidades acad\u00e9micas empresariales, formaci\u00f3n continua y desarrollo de habilidades dirigidas a fortalecer las competencias gerenciales, principalmente, en los sectores miner\u00eda, energ\u00eda, aguas y tierras, entre otros.<\/p>\n<p style=\"text-align: justify;\">\u201cNos hemos acercado a GERENS para formar una alianza estrat\u00e9gica que propicie el desarrollo de programas empresariales, programas de <a href=\"https:\/\/gerens.pe\/capacitacion\/\">capacitaci\u00f3n a la medida<\/a> de las empresas y programas que est\u00e9n enfocados en desarrollar el concepto de universidad corporativa, as\u00ed como tambi\u00e9n de las comunidades acad\u00e9micas empresariales. Todo esto mediado por las tecnolog\u00edas de la informaci\u00f3n y comunicaci\u00f3n (TIC) e impulsadas por las actuales tecnolog\u00edas de educaci\u00f3n virtual\u201d, dijo Juan Carlos Per\u00e9z, Jefe\u00a0de Formaci\u00f3n Continua de la Universidad Bolivariana de Medell\u00edn.<\/p>\n<p style=\"text-align: justify;\">Como parte del acuerdo, los participantes de ambas entidades educativas podr\u00e1n intercambiar experiencias acad\u00e9micas a trav\u00e9s del desarrollo de pasant\u00edas, as\u00ed como realizar ejercicios de profesionalizaci\u00f3n en Colombia y Per\u00fa mediante programas de intercambio. El desarrollo de estas actividades permitir\u00e1 explotar las \u00e1reas de gesti\u00f3n empresarial y participar en acciones destinadas a crear una mejor administraci\u00f3n de los sectores claves de la econom\u00eda.<\/p>\n<p style=\"text-align: justify;\">\u201cLa Universidad Pontificia Bolivariana, fundada hace 79 a\u00f1os y actualmente entre las diez primeras de Colombia, est\u00e1 en una din\u00e1mica de internacionalizaci\u00f3n y ha visto en el mercado peruano grandes oportunidades de intercambiar experiencias que generen el cambio en nuestros\u00a0respectivos pa\u00edses,\u201d precis\u00f3 Juan Carlos P\u00e9rez.<\/p>\n<p style=\"text-align: justify;\">La firma del convenio estuvo a cargo del Dr. Rodrigo Prial\u00e9, Gerente General de GERENS; Carlos Acevedo, Gerente General de Gestornet y Juan Carlos P\u00e9rez, Jefe\u00a0de Formaci\u00f3n Continua de la Universidad Pontificia Bolivariana de Medell\u00edn.<\/p>\n","protected":false},"excerpt":{"rendered":"<p>El pasado 25 de noviembre, la consultora, Gestornet y la Universidad Pontificia Bolivariana de Medell\u00edn suscribieron con GERENS el acuerdo para una&#8230;<\/p>\n","protected":false},"author":9,"featured_media":234,"comment_status":"open","ping_status":"open","sticky":false,"template":"","format":"standard","meta":{"footnotes":""},"categories":[2],"tags":[113,115,117],"amp_enabled":true,"_links":{"self":[{"href":"https:\/\/gerens.pe\/blog\/wp-json\/wp\/v2\/posts\/230"}],"collection":[{"href":"https:\/\/gerens.pe\/blog\/wp-json\/wp\/v2\/posts"}],"about":[{"href":"https:\/\/gerens.pe\/blog\/wp-json\/wp\/v2\/types\/post"}],"author":[{"embeddable":true,"href":"https:\/\/gerens.pe\/blog\/wp-json\/wp\/v2\/users\/9"}],"replies":[{"embeddable":true,"href":"https:\/\/gerens.pe\/blog\/wp-json\/wp\/v2\/comments?post=230"}],"version-history":[{"count":0,"href":"https:\/\/gerens.pe\/blog\/wp-json\/wp\/v2\/posts\/230\/revisions"}],"wp:featuredmedia":[{"embeddable":true,"href":"https:\/\/gerens.pe\/blog\/wp-json\/wp\/v2\/media\/234"}],"wp:attachment":[{"href":"https:\/\/gerens.pe\/blog\/wp-json\/wp\/v2\/media?parent=230"}],"wp:term":[{"taxonomy":"category","embeddable":true,"href":"https:\/\/gerens.pe\/blog\/wp-json\/wp\/v2\/categories?post=230"},{"taxonomy":"post_tag","embeddable":true,"href":"https:\/\/gerens.pe\/blog\/wp-json\/wp\/v2\/tags?post=230"}],"curies":[{"name":"wp","href":"https:\/\/api.w.org\/{rel}","templated":true}]}}