{"id":200,"date":"2015-11-30T09:40:33","date_gmt":"2015-11-30T14:40:33","guid":{"rendered":"https:\/\/gerens.pe\/blog\/?p=200"},"modified":"2015-11-30T09:40:33","modified_gmt":"2015-11-30T14:40:33","slug":"el-analisis-de-grupos-estrategicos-para-pronosticar-el-sector-minero","status":"publish","type":"post","link":"https:\/\/gerens.pe\/blog\/el-analisis-de-grupos-estrategicos-para-pronosticar-el-sector-minero\/","title":{"rendered":"El an\u00e1lisis de grupos estrat\u00e9gicos para pronosticar el sector minero"},"content":{"rendered":"<div id=\"attachment_202\" style=\"width: 434px\" class=\"wp-caption alignright\"><img loading=\"lazy\" decoding=\"async\" aria-describedby=\"caption-attachment-202\" class=\"wp-image-202\" src=\"https:\/\/gerens.pe\/blog\/wp-content\/uploads\/2015\/11\/Grupos-estrategicos-sector-minero.png\" alt=\"Grupos estrat\u00e9gicos sector minero\" width=\"424\" height=\"318\" srcset=\"https:\/\/gerens.pe\/blog\/wp-content\/uploads\/2015\/11\/Grupos-estrategicos-sector-minero.png 1500w, https:\/\/gerens.pe\/blog\/wp-content\/uploads\/2015\/11\/Grupos-estrategicos-sector-minero-300x225.png 300w, https:\/\/gerens.pe\/blog\/wp-content\/uploads\/2015\/11\/Grupos-estrategicos-sector-minero-1024x768.png 1024w, https:\/\/gerens.pe\/blog\/wp-content\/uploads\/2015\/11\/Grupos-estrategicos-sector-minero-768x576.png 768w, https:\/\/gerens.pe\/blog\/wp-content\/uploads\/2015\/11\/Grupos-estrategicos-sector-minero-360x270.png 360w\" sizes=\"(max-width: 424px) 100vw, 424px\" \/><p id=\"caption-attachment-202\" class=\"wp-caption-text\">Dr. Armando Gallegos<\/p><\/div>\n<p style=\"text-align: justify;\">Dentro de las actividades organizadas por la <a href=\"https:\/\/gerens.pe\/maestria\/\">Direcci\u00f3n de Maestr\u00eda en Gesti\u00f3n Minera<\/a>, GERENS ofreci\u00f3 una conferencia magistral sobre el mapeo y an\u00e1lisis de actores influyentes en la gesti\u00f3n minera, titulada: \u00abGrupos Estrat\u00e9gicos del Sector Minero\u00bb.<\/p>\n<p style=\"text-align: justify;\">La charla, llevada a cabo en las instalaciones de la Escuela de Postgrado, estuvo a cargo del Dr. Armando Gallegos, Presidente del Directorio de GERENS.<\/p>\n<p style=\"text-align: justify;\">En su introducci\u00f3n, defini\u00f3 que el an\u00e1lisis de grupos estrat\u00e9gicos es, esencialmente, un enfoque dirigido a catalogar a las empresas de acuerdo a c\u00f3mo compiten en cuanto a la similitud de sus estrategias y en relaci\u00f3n a una posici\u00f3n en el mercado semejante.<\/p>\n<p style=\"text-align: justify;\">Durante su ponencia, el Dr. Gallegos brind\u00f3 el contexto actual sobre la producci\u00f3n de cobre en el pa\u00eds. \u201cEl Per\u00fa posee la tercera mayor reserva de cobre del mundo y es actualmente el cuarto m\u00e1s grande productor a nivel internacional con m\u00e1s de 80 empresas que operan en la producci\u00f3n de este metal\u201d. Cit\u00f3 como ejemplo que algunas de las variables m\u00e1s importantes para agrupar a las empresas productoras de cobre son: el volumen de producci\u00f3n, el grado de diversificaci\u00f3n y la propiedad de la empresa minera: nacional o extranjera.<\/p>\n<p style=\"text-align: justify;\">\u201cEste an\u00e1lisis permitir\u00e1 identificar y\/o pronosticar cu\u00e1les son las posiciones que ocupan las empresas mineras que producen cobre: qui\u00e9n tiene una posici\u00f3n s\u00f3lida y qui\u00e9n no\u201d, mencion\u00f3 el tambi\u00e9n Consultor Principal de <a href=\"https:\/\/www.gerensconsultoria.pe\/\">GERENS Consultor\u00eda<\/a>.<\/p>\n<p style=\"text-align: justify;\">En este contexto, el Dr. Gallegos se\u00f1al\u00f3 algunas conclusiones posteriores al an\u00e1lisis de los grupos estrat\u00e9gicos, a fin de entender la din\u00e1mica competitiva de las empresas \u201cLas empresas que producen \u00fanicamente cobre son las m\u00e1s rentables, a pesar de ser las m\u00e1s expuestas al riesgo de baja de precios de este metal. Por el contrario, las dem\u00e1s empresas que presentan una oferta de metales m\u00e1s diversificada presentan una rentabilidad menor\u201d, concluy\u00f3.<\/p>\n","protected":false},"excerpt":{"rendered":"<p>Dentro de las actividades organizadas por la Direcci\u00f3n de Maestr\u00eda en Gesti\u00f3n Minera, GERENS ofreci\u00f3 una conferencia magistral sobre el mapeo y&#8230;<\/p>\n","protected":false},"author":9,"featured_media":203,"comment_status":"open","ping_status":"open","sticky":false,"template":"","format":"standard","meta":{"footnotes":""},"categories":[49,2],"tags":[103,105],"amp_enabled":true,"_links":{"self":[{"href":"https:\/\/gerens.pe\/blog\/wp-json\/wp\/v2\/posts\/200"}],"collection":[{"href":"https:\/\/gerens.pe\/blog\/wp-json\/wp\/v2\/posts"}],"about":[{"href":"https:\/\/gerens.pe\/blog\/wp-json\/wp\/v2\/types\/post"}],"author":[{"embeddable":true,"href":"https:\/\/gerens.pe\/blog\/wp-json\/wp\/v2\/users\/9"}],"replies":[{"embeddable":true,"href":"https:\/\/gerens.pe\/blog\/wp-json\/wp\/v2\/comments?post=200"}],"version-history":[{"count":0,"href":"https:\/\/gerens.pe\/blog\/wp-json\/wp\/v2\/posts\/200\/revisions"}],"wp:featuredmedia":[{"embeddable":true,"href":"https:\/\/gerens.pe\/blog\/wp-json\/wp\/v2\/media\/203"}],"wp:attachment":[{"href":"https:\/\/gerens.pe\/blog\/wp-json\/wp\/v2\/media?parent=200"}],"wp:term":[{"taxonomy":"category","embeddable":true,"href":"https:\/\/gerens.pe\/blog\/wp-json\/wp\/v2\/categories?post=200"},{"taxonomy":"post_tag","embeddable":true,"href":"https:\/\/gerens.pe\/blog\/wp-json\/wp\/v2\/tags?post=200"}],"curies":[{"name":"wp","href":"https:\/\/api.w.org\/{rel}","templated":true}]}}