{"id":1995,"date":"2016-09-28T09:31:53","date_gmt":"2016-09-28T14:31:53","guid":{"rendered":"https:\/\/gerens.pe\/blog\/?p=1995"},"modified":"2016-09-28T09:31:53","modified_gmt":"2016-09-28T14:31:53","slug":"lineamientos-de-un-modelo-integral-de-gestion-social-para-la-industria-extractiva","status":"publish","type":"post","link":"https:\/\/gerens.pe\/blog\/lineamientos-de-un-modelo-integral-de-gestion-social-para-la-industria-extractiva\/","title":{"rendered":"Lineamientos de un modelo integral de gesti\u00f3n social para la industria extractiva"},"content":{"rendered":"<p style=\"text-align: justify;\"><img loading=\"lazy\" decoding=\"async\" class=\"aligncenter size-large wp-image-1997\" src=\"https:\/\/gerens.pe\/blog\/wp-content\/uploads\/2016\/09\/Lineamientos-de-un-modelo-integral-de-gesti\u00f3n-social-para-la-industria-extractiva-1024x536.png\" alt=\"Lineamientos de un modelo integral de gesti\u00f3n social para la industria extractiva\" width=\"720\" height=\"377\" \/><\/p>\n<p style=\"text-align: justify;\">Cuando hablamos de un modelo integral, nos referimos a que \u00e9ste debe incorporar varios componentes dentro de \u00e9l. Este modelo debe funcionar como un microsistema e involucrar a las diversas \u00e1reas dentro de la compa\u00f1\u00eda. Estas \u00e1reas, vistas como componentes del microsistema, deben articularse de manera interdependiente, en funci\u00f3n al contexto y la din\u00e1mica sociopol\u00edtica en la que cohabitan. Por ello, no va a ser lo mismo dise\u00f1arlo y desarrollarlo para una compa\u00f1\u00eda que opera en sierra como para otra que opera en selva. Ni tampoco lo ser\u00e1 para una empresa junior, dedicada a explorar, en comparaci\u00f3n a una gran corporaci\u00f3n como R\u00edo Tinto, Anglo American o Glencore, para mencionar algunas. Esto se explica por la magnitud de las operaciones. Pero en esencia, todas las empresas deben recoger los lineamientos generales para adecuarlos a su dimensi\u00f3n. Sin embargo, lo m\u00e1s importante es que este modelo deber\u00e1 estar incluido en el sistema integrado de gesti\u00f3n de la compa\u00f1\u00eda. Y este sistema integrado de gesti\u00f3n deber\u00e1 incorporar como \u201csombrero\u201d una pol\u00edtica de sostenibilidad.<\/p>\n<p style=\"text-align: justify;\">Aqu\u00ed alcanzamos algunos lineamientos gr\u00e1ficos de c\u00f3mo vemos uno de estos dise\u00f1os. Por lo menos, los lineamientos generales. Puede y debe acondicionarse de acuerdo a la dimensi\u00f3n y contexto de cada operaci\u00f3n:<\/p>\n<p style=\"text-align: justify;\"><img loading=\"lazy\" decoding=\"async\" class=\"aligncenter size-full wp-image-2000\" src=\"https:\/\/gerens.pe\/blog\/wp-content\/uploads\/2016\/09\/Modelo-integral-de-gesti\u00f3n-social.png\" alt=\"Modelo integral de gesti\u00f3n social\" width=\"980\" height=\"880\" \/><\/p>\n<p style=\"text-align: justify;\">El modelo debe liderar una propuesta estrat\u00e9gica relacionada en dos niveles, uno con los objetivos corporativos y otro con los desaf\u00edos de implementaci\u00f3n operativos de la unidad de negocio. Esto significa que su ejecuci\u00f3n debe centrarse, por un lado, en una apuesta por la sostenibilidad aunado al mantenimiento de la reputaci\u00f3n de la marca y; por otro lado, en la obtenci\u00f3n de licencias y permisos y todo lo que tenga que ver con la gesti\u00f3n de compromisos vinculados a los EIAs, por ejemplo. Claro est\u00e1, de ser una operaci\u00f3n consolidada, el desaf\u00edo de mantenimiento operativo tambi\u00e9n pasa por un esquema similar.<\/p>\n<p style=\"text-align: justify;\">Nos atrevemos a formular algunos objetivos tipo. Estos objetivos, en el marco de una pol\u00edtica de sostenibilidad, deber\u00e1n guiar el desempe\u00f1o social de la compa\u00f1\u00eda. Sin embargo, recu\u00e9rdese que esto est\u00e1 en funci\u00f3n al inter\u00e9s, dimensi\u00f3n, prop\u00f3sito y cultura organizacional de cada empresa. Los grandes objetivos podr\u00edan ser los siguientes:<\/p>\n<ul style=\"text-align: justify;\">\n<li>Dimensionamiento de la reputaci\u00f3n corporativa (sostenibilidad del negocio)<\/li>\n<li>Legitimaci\u00f3n social (directamente relacionado al<em> core<\/em> del negocio)<\/li>\n<li>Promoci\u00f3n del desarrollo sostenible del entorno inmediato (RSC)<\/li>\n<li>Gesti\u00f3n de compromisos (vinculado al cumplimiento normativo de los EIAs)<\/li>\n<li>Comunicaciones estrat\u00e9gicas (imagen y alineamiento interno)<\/li>\n<\/ul>\n<p style=\"text-align: justify;\">Las \u00e1reas involucradas en estos objetivos deben ser las siguientes: gerencia o \u00e1rea de comunicaciones; gerencia o \u00e1rea de relaciones comunitarias; gerencia o \u00e1rea de desarrollo social sostenible; y gerencia o \u00e1rea de asuntos p\u00fablicos.<\/p>\n<p style=\"text-align: justify;\">Donde el \u00e1rea de Relaciones Comunitarias lleva el peso y la responsabilidad de los siguientes procesos:<\/p>\n<ul style=\"text-align: justify;\">\n<li>Proceso de relacionamiento<\/li>\n<li>Proceso de participaci\u00f3n ciudadana<\/li>\n<li>Procesos de negociaci\u00f3n<\/li>\n<li>Procesos de comunicaci\u00f3n intercultural (en coordinaci\u00f3n con el \u00e1rea de comunicaciones)<\/li>\n<li>Procesos de seguimiento y monitoreo participativo<\/li>\n<li>Procesos de gesti\u00f3n de las compensaciones e indemnizaciones<\/li>\n<li>Procesos vinculados a las normativas especiales consignadas en los EIAS (zonas de reserva, \u00e1reas naturales protegidas, etc.).<\/li>\n<\/ul>\n<p style=\"text-align: justify;\">El \u00e1rea de Desarrollo Social Sostenible llevar\u00eda los siguientes procesos:<\/p>\n<ul style=\"text-align: justify;\">\n<li>Procesos de gesti\u00f3n del empleo local<\/li>\n<li>Proceso de fortalecimiento de capacidades locales<\/li>\n<li>Procesos de gesti\u00f3n de emprendimientos locales<\/li>\n<li>Procesos de planificaci\u00f3n del desarrollo sostenible local<\/li>\n<li>Procesos de articulaci\u00f3n (t\u00e9cnica) con el Estado (gobiernos, locales, regionales y nacional).<\/li>\n<\/ul>\n<p style=\"text-align: justify;\">El \u00e1rea de Comunicaciones Estrat\u00e9gicas se encarga de:<\/p>\n<ul style=\"text-align: justify;\">\n<li>Procesos de gesti\u00f3n de informaci\u00f3n interna\/externa<\/li>\n<li>Procesos de comunicaci\u00f3n intercultural<\/li>\n<li>Procesos de promoci\u00f3n del desarrollo y marketing social<\/li>\n<li>Procesos de an\u00e1lisis y gesti\u00f3n de la reputaci\u00f3n corporativa.<\/li>\n<\/ul>\n<p style=\"text-align: justify;\">El \u00e1rea de Asuntos P\u00fablicos es la responsable de:<\/p>\n<ul style=\"text-align: justify;\">\n<li>Proceso de relacionamiento institucional<\/li>\n<li>Proceso de relacionamiento (pol\u00edtico) gubernamental (local, regional y nacional)<\/li>\n<li>Proceso de atenciones y visitas<\/li>\n<li>Proceso de construcci\u00f3n de convenios y acuerdos institucionales (APP y OxI).<\/li>\n<\/ul>\n<p style=\"text-align: justify;\">Ser\u00e1 la gerencia corporativa de estos asuntos la que dise\u00f1e y acompa\u00f1e de manera planificada y con un enfoque integrador la gesti\u00f3n operativa de estos procesos que son m\u00e1s eficientes si est\u00e1n unidos a un solo nivel de reporte.<\/p>\n<p style=\"text-align: justify;\">Lo que he visto en mi experiencia profesional, en diversas organizaciones de clase mundial, es que cuando cualquiera de estas \u00e1reas responde a direcciones distintas, el proceso se hace m\u00e1s lento, ineficiente y burocr\u00e1tico, exponiendo a la compa\u00f1\u00eda a riesgos innecesarios, retrasos de los cumplimientos y gestaci\u00f3n de acciones cr\u00edticas. Entonces, en industrias extractivas la Gesti\u00f3n Social debe incorporar relacionamiento comunitario, comunicaciones estrat\u00e9gicas, desarrollo sostenible y un acompa\u00f1amiento cercano y directo de los asuntos p\u00fablicos de la compa\u00f1\u00eda.<\/p>\n<p style=\"text-align: justify;\">Ahora bien, existe una recomendaci\u00f3n adicional que tiene que ver con la gesti\u00f3n del conocimiento. Mucha informaci\u00f3n se pierde en el tiempo y se va con los profesionales que rotan en un mercado altamente din\u00e1mico y competitivo, como lo es el mercado de profesionales del sector extractivo. El dise\u00f1o, formulaci\u00f3n y desarrollo de los programas, proyectos y planes de gesti\u00f3n social, sean cuales fueren, deben estar sistematizados, publicados y compartidos con niveles de acceso espec\u00edficos en toda la compa\u00f1\u00eda. Solo esto garantiza las lecciones aprendidas, los reportes anuales con capacidad hist\u00f3rica y la revisi\u00f3n de los principales hallazgos de eficiencia y eficacia corporativa.<\/p>\n<p style=\"text-align: justify;\">Mucha inversi\u00f3n social hemos visto pasar y pocos resultados concretos sostenibles. Esta experiencia de gesti\u00f3n del conocimiento puede hacernos ver en retrospectiva (con una ayuda a la prospectiva) lo que se hizo desde la compa\u00f1\u00eda en procesos sociales y cu\u00e1n bueno o malo fueron estos procesos para la legitimaci\u00f3n, el propio desarrollo local, as\u00ed como la sostenibilidad de las operaciones futuras y el entorno.<\/p>\n<p style=\"text-align: justify;\">Un esquema que incorpore estos componentes arriba mencionados, bastante bien acotados, en funci\u00f3n al alcance y metas va a garantizar un escenario de convivencia m\u00e1s armonioso. Y lo que es mejor, va a trascender la l\u00f3gica de la responsabilidad social corporativa en hechos concretos con car\u00e1cter de sostenibilidad.<\/p>\n<p style=\"text-align: justify;\">Es importante no perder de vista que todo este esquema solo va a ser viable si est\u00e1 amparado en una voluntad pol\u00edtica f\u00e9rrea de sus directivos, m\u00e1s all\u00e1 del discurso y la necesidad de marketing promocional. Por otro lado, la gesti\u00f3n social debe estar a cargo de una gerencia aut\u00f3noma, con peso espec\u00edfico y bajo la tutela y coordinaci\u00f3n de una direcci\u00f3n corporativa de asuntos sociales, ambientales y\/o comunicacionales que marque la pauta y defina los lineamientos de pol\u00edtica a seguir en la ejecuci\u00f3n de los programas y proyectos con enfoque de sostenibilidad.<\/p>\n<p style=\"text-align: justify;\">Aqu\u00ed hay un gran desaf\u00edo corporativo, ya que se recomienda que los procesos de desarrollo local tambi\u00e9n sean vistos como parte de una preocupaci\u00f3n genuina de la compa\u00f1\u00eda, m\u00e1s all\u00e1 de las acciones orientadas a la conservaci\u00f3n o dimensionamiento de la reputaci\u00f3n corporativa. Este es un aspecto que siempre ha estado ausente. Lo que hemos hecho, en cuanto a desarrollo, ha estado desarticulado de los planes concertados de desarrollo local.<\/p>\n<p style=\"text-align: justify;\">Como pueden verificar, este modelo propuesto obliga a la empresa a integrar los temas del relacionamiento comunitario con los procesos de desarrollo sostenible y aquello que tiene que ver con comunicaciones estrat\u00e9gicas bajo un solo liderazgo.<\/p>\n<p style=\"text-align: justify;\">Recu\u00e9rdese que cuando hablo de este modelo puede aplicarse a cualquier dimensi\u00f3n de una empresa extractiva, adecuando su alcance, pero sin perder de vista su gesti\u00f3n a trav\u00e9s de una sola direcci\u00f3n que los aglutine.<\/p>\n<p style=\"text-align: justify;\"><strong><em>La Escuela de Postgrado <a href=\"https:\/\/gerens.pe\">GERENS<\/a> ofrece la <a href=\"https:\/\/gerens.pe\/maestria\/\">Maestr\u00eda en Gesti\u00f3n Minera (MMBA)<\/a>, que lo preparar\u00e1 para hacer frente a los desaf\u00edos en el \u00e1mbito de la gesti\u00f3n social. Si tiene alguna consulta, escribir a su\u00a0<a href=\"https:\/\/gerens.pe\/contacto\/\">formulario de contacto<\/a>.<\/em><\/strong><\/p>\n","protected":false},"excerpt":{"rendered":"<p>Cuando hablamos de un modelo integral, nos referimos a que \u00e9ste debe incorporar varios componentes dentro de \u00e9l. Este modelo debe funcionar&#8230;<\/p>\n","protected":false},"author":12,"featured_media":1997,"comment_status":"open","ping_status":"open","sticky":false,"template":"","format":"standard","meta":{"footnotes":""},"categories":[1],"tags":[],"amp_enabled":true,"_links":{"self":[{"href":"https:\/\/gerens.pe\/blog\/wp-json\/wp\/v2\/posts\/1995"}],"collection":[{"href":"https:\/\/gerens.pe\/blog\/wp-json\/wp\/v2\/posts"}],"about":[{"href":"https:\/\/gerens.pe\/blog\/wp-json\/wp\/v2\/types\/post"}],"author":[{"embeddable":true,"href":"https:\/\/gerens.pe\/blog\/wp-json\/wp\/v2\/users\/12"}],"replies":[{"embeddable":true,"href":"https:\/\/gerens.pe\/blog\/wp-json\/wp\/v2\/comments?post=1995"}],"version-history":[{"count":0,"href":"https:\/\/gerens.pe\/blog\/wp-json\/wp\/v2\/posts\/1995\/revisions"}],"wp:featuredmedia":[{"embeddable":true,"href":"https:\/\/gerens.pe\/blog\/wp-json\/wp\/v2\/media\/1997"}],"wp:attachment":[{"href":"https:\/\/gerens.pe\/blog\/wp-json\/wp\/v2\/media?parent=1995"}],"wp:term":[{"taxonomy":"category","embeddable":true,"href":"https:\/\/gerens.pe\/blog\/wp-json\/wp\/v2\/categories?post=1995"},{"taxonomy":"post_tag","embeddable":true,"href":"https:\/\/gerens.pe\/blog\/wp-json\/wp\/v2\/tags?post=1995"}],"curies":[{"name":"wp","href":"https:\/\/api.w.org\/{rel}","templated":true}]}}