{"id":1821,"date":"2016-08-31T15:11:35","date_gmt":"2016-08-31T20:11:35","guid":{"rendered":"https:\/\/gerens.pe\/blog\/?p=1821"},"modified":"2016-08-31T15:11:35","modified_gmt":"2016-08-31T20:11:35","slug":"magister-en-gestion-minera-expuso-en-congreso-nacional-de-mineria","status":"publish","type":"post","link":"https:\/\/gerens.pe\/blog\/magister-en-gestion-minera-expuso-en-congreso-nacional-de-mineria\/","title":{"rendered":"Magister en Gesti\u00f3n Minera expuso en \u00abCongreso Nacional de Miner\u00eda\u00bb"},"content":{"rendered":"<div id=\"attachment_1822\" style=\"width: 414px\" class=\"wp-caption alignright\"><a href=\"https:\/\/gerens.pe\/blog\/wp-content\/uploads\/2016\/08\/Ronal-Estrella.png\" data-rel=\"lightbox-image-0\" data-rl_title=\"\" data-rl_caption=\"\" title=\"\"><img loading=\"lazy\" decoding=\"async\" aria-describedby=\"caption-attachment-1822\" class=\"wp-image-1822\" src=\"https:\/\/gerens.pe\/blog\/wp-content\/uploads\/2016\/08\/Ronal-Estrella.png\" alt=\"Ronal Estrella\" width=\"404\" height=\"275\" srcset=\"https:\/\/gerens.pe\/blog\/wp-content\/uploads\/2016\/08\/Ronal-Estrella.png 568w, https:\/\/gerens.pe\/blog\/wp-content\/uploads\/2016\/08\/Ronal-Estrella-300x204.png 300w, https:\/\/gerens.pe\/blog\/wp-content\/uploads\/2016\/08\/Ronal-Estrella-360x245.png 360w\" sizes=\"(max-width: 404px) 100vw, 404px\" \/><\/a><p id=\"caption-attachment-1822\" class=\"wp-caption-text\">De izquierda a derecha: el Ing. Roberto Maldonado, Mg. Ronal Estrella y el Ing. Benjam\u00edn Jaramillo.<\/p><\/div>\n<p style=\"text-align: justify;\">Con la finalidad de analizar en conjunto las perspectivas y desaf\u00edos del sector minero en el futuro, el Mg. Ronal Estrella, Ex alumno de GERENS y Gerente General de Estrella Consultores, particip\u00f3 en el \u00abXI Congreso Nacional de Miner\u00eda\u00bb organizado por el Colegio de Ingenieros del Per\u00fa. El evento reuni\u00f3 a profesionales mineros de las distintas especialidades de todo el pa\u00eds.<\/p>\n<p style=\"text-align: justify;\">Ronal Estrella, egresado de la <a href=\"https:\/\/gerens.pe\/maestria\/\" target=\"_blank\" rel=\"noopener\">maestr\u00eda en gesti\u00f3n minera<\/a> de GERENS y primer puesto de su promoci\u00f3n, cuenta con m\u00e1s de 30 a\u00f1os de experiencia, en varias de las Unidades y Subsidiarias de Compa\u00f1\u00eda de Minas Buenaventura. Es conocedor de las etapas de una operaci\u00f3n, desde la \u00a0conducci\u00f3n de procesos de producci\u00f3n, hasta el cierre de minas.<\/p>\n<p style=\"text-align: justify;\">Durante la charla \u00ab<strong>Factores que determinan la Inversi\u00f3n en Exploraci\u00f3n Minera<\/strong>\u00ab, Ronal Estrella puso \u00e9nfasis en la necesidad de identificar qu\u00e9 variables son determinantes para la toma de decisiones previas a un proyecto de inversi\u00f3n minero, a fin de detectar cu\u00e1les son los factores cr\u00edticos que propician captar una mayor inversi\u00f3n en exploraci\u00f3n.<\/p>\n<p style=\"text-align: justify;\">Entre las conclusiones, se\u00f1al\u00f3 que la inversi\u00f3n no solo depende del potencial geol\u00f3gico y del clima de inversi\u00f3n: tambi\u00e9n est\u00e1 influenciado por la densidad territorial y la conflictividad social.<\/p>\n<p style=\"text-align: justify;\">Estrella form\u00f3 parte de un importante panel que estuvo conformado por el Ing. Benjam\u00edn Jaramillo, presidente del Cap\u00edtulo Ingenier\u00eda de Minas y el Ing. Roberto Maldonado, presidente de la mesa de la charla.<\/p>\n<p style=\"text-align: justify;\">El XI Congreso Nacional de Miner\u00eda es un evento descentralizado y uno de los m\u00e1s importantes del sector minero que se realiza cada dos a\u00f1os en nuestro pa\u00eds, consta de conferencias magistrales, mesas redondas, exposiciones de trabajos de investigaci\u00f3n y tecnolog\u00eda minera y con la realizaci\u00f3n de un foro empresarial se exponen y discuten temas que son de gran inter\u00e9s para el pa\u00eds.<\/p>\n","protected":false},"excerpt":{"rendered":"<p>Con la finalidad de analizar en conjunto las perspectivas y desaf\u00edos del sector minero en el futuro, el Mg. Ronal Estrella, Ex&#8230;<\/p>\n","protected":false},"author":9,"featured_media":1822,"comment_status":"open","ping_status":"open","sticky":false,"template":"","format":"standard","meta":{"footnotes":""},"categories":[2],"tags":[],"amp_enabled":true,"_links":{"self":[{"href":"https:\/\/gerens.pe\/blog\/wp-json\/wp\/v2\/posts\/1821"}],"collection":[{"href":"https:\/\/gerens.pe\/blog\/wp-json\/wp\/v2\/posts"}],"about":[{"href":"https:\/\/gerens.pe\/blog\/wp-json\/wp\/v2\/types\/post"}],"author":[{"embeddable":true,"href":"https:\/\/gerens.pe\/blog\/wp-json\/wp\/v2\/users\/9"}],"replies":[{"embeddable":true,"href":"https:\/\/gerens.pe\/blog\/wp-json\/wp\/v2\/comments?post=1821"}],"version-history":[{"count":0,"href":"https:\/\/gerens.pe\/blog\/wp-json\/wp\/v2\/posts\/1821\/revisions"}],"wp:featuredmedia":[{"embeddable":true,"href":"https:\/\/gerens.pe\/blog\/wp-json\/wp\/v2\/media\/1822"}],"wp:attachment":[{"href":"https:\/\/gerens.pe\/blog\/wp-json\/wp\/v2\/media?parent=1821"}],"wp:term":[{"taxonomy":"category","embeddable":true,"href":"https:\/\/gerens.pe\/blog\/wp-json\/wp\/v2\/categories?post=1821"},{"taxonomy":"post_tag","embeddable":true,"href":"https:\/\/gerens.pe\/blog\/wp-json\/wp\/v2\/tags?post=1821"}],"curies":[{"name":"wp","href":"https:\/\/api.w.org\/{rel}","templated":true}]}}