{"id":1768,"date":"2016-09-26T14:05:29","date_gmt":"2016-09-26T19:05:29","guid":{"rendered":"https:\/\/gerens.pe\/blog\/?p=1768"},"modified":"2016-09-26T14:05:29","modified_gmt":"2016-09-26T19:05:29","slug":"gerens-ingresa-al-mav","status":"publish","type":"post","link":"https:\/\/gerens.pe\/blog\/gerens-ingresa-al-mav\/","title":{"rendered":"GERENS ingresa al Mercado Alternativo de Valores-MAV"},"content":{"rendered":"<p style=\"text-align: justify;\"><img loading=\"lazy\" decoding=\"async\" class=\"size-large wp-image-1961 aligncenter\" src=\"https:\/\/gerens.pe\/blog\/wp-content\/uploads\/2016\/09\/GERENS-ingresa-al-Mercado-alternativo-de-valores-mav-1024x602.jpg\" alt=\"GERENS ingresa al Mercado alternativo de valores mav\" width=\"720\" height=\"423\" srcset=\"https:\/\/gerens.pe\/blog\/wp-content\/uploads\/2016\/09\/GERENS-ingresa-al-Mercado-alternativo-de-valores-mav-1024x602.jpg 1024w, https:\/\/gerens.pe\/blog\/wp-content\/uploads\/2016\/09\/GERENS-ingresa-al-Mercado-alternativo-de-valores-mav-300x177.jpg 300w, https:\/\/gerens.pe\/blog\/wp-content\/uploads\/2016\/09\/GERENS-ingresa-al-Mercado-alternativo-de-valores-mav-768x452.jpg 768w, https:\/\/gerens.pe\/blog\/wp-content\/uploads\/2016\/09\/GERENS-ingresa-al-Mercado-alternativo-de-valores-mav-360x212.jpg 360w, https:\/\/gerens.pe\/blog\/wp-content\/uploads\/2016\/09\/GERENS-ingresa-al-Mercado-alternativo-de-valores-mav.jpg 1200w\" sizes=\"(max-width: 720px) 100vw, 720px\" \/><\/p>\n<p style=\"text-align: justify;\">Luego de completar con \u00e9xito todos los requisitos exigidos, GERENS ingres\u00f3 al Mercado Alternativo de Valores (MAV) el pasado martes 13 de septiembre, al lograr que la Superintendencia del Mercado de Valores, SMV, aprobara su primer Programa de Papeles Comerciales. As\u00ed, GERENS se convirti\u00f3 en la primera escuela de negocios en ingresar al MAV.<\/p>\n<p style=\"text-align: justify;\">Con esa aprobaci\u00f3n GERENS qued\u00f3 expedita para hacer su primera emisi\u00f3n, la cual se realiz\u00f3 con gran \u00e9xito el 21 de septiembre. Ese d\u00eda, la demanda por los papeles comerciales de GERENS super\u00f3 en cerca del 60% el monto de su oferta, que ascendi\u00f3 a S\/.4\u2019675,000. Esta primera emisi\u00f3n es parte del Programa de Financiamiento de 6 a\u00f1os aprobado por la SMV.\u00a0 Este resultado denota la confianza que tienen los inversionistas en la empresa, y se ha podido lograr gracias a la solidez de la empresa y a la calidad de sus servicios.<\/p>\n<p style=\"text-align: justify;\">Para el Dr. Rodrigo Prial\u00e9, Gerente General de GERENS y responsable del equipo que lider\u00f3 el proceso de la emisi\u00f3n, este es un paso muy importante ya que le permitir\u00e1 a la instituci\u00f3n continuar con la ejecuci\u00f3n de sus nuevos proyectos educativos.<\/p>\n<p style=\"text-align: justify;\">\u201cGERENS tiene previsto iniciar la ejecuci\u00f3n de otros proyectos educativos en los pr\u00f3ximos meses. La emisi\u00f3n de papeles comerciales es una primera iniciativa encaminada a obtener el financiamiento requerido para dichos proyectos. Nuestro objetivo final es la emisi\u00f3n de bonos corporativos, con un plazo adecuado para financiar estos proyectos\u201d, declar\u00f3 a SEMANAecon\u00f3mica el Dr. Prial\u00e9.<\/p>\n<p style=\"text-align: justify;\">Por su parte, Elena Torres, gerente de administraci\u00f3n y finanzas, coment\u00f3 los resultados de esta primera emisi\u00f3n: \u201cSe ha logrado colocar toda la oferta de papeles comerciales de GERENS, que ascendi\u00f3 a S\/. 4\u00b4675,000. Es importante se\u00f1alar que hubo una demanda por S\/. 7\u2019405,200, lo que indica que hemos generado confianza en el mercado\u201d, se\u00f1al\u00f3.<\/p>\n<p style=\"text-align: justify;\">Lograr la aprobaci\u00f3n de la SMV para emitir instrumentos de deuda implica pasar por un riguroso y complejo proceso de evaluaci\u00f3n y revisi\u00f3n, que incluye aspectos legales y financieros, as\u00ed como la obtenci\u00f3n de una adecuada clasificaci\u00f3n de riesgo. GERENS lo ha logrado y con ello est\u00e1 ratificando su compromiso de brindar servicios profesionales de alta calidad, a los principales sectores econ\u00f3micos que impulsan el desarrollo del pa\u00eds.<\/p>\n","protected":false},"excerpt":{"rendered":"<p>Luego de completar con \u00e9xito todos los requisitos exigidos, GERENS ingres\u00f3 al Mercado Alternativo de Valores (MAV) el pasado martes 13 de&#8230;<\/p>\n","protected":false},"author":9,"featured_media":1961,"comment_status":"open","ping_status":"open","sticky":false,"template":"","format":"standard","meta":{"footnotes":""},"categories":[2],"tags":[],"amp_enabled":true,"_links":{"self":[{"href":"https:\/\/gerens.pe\/blog\/wp-json\/wp\/v2\/posts\/1768"}],"collection":[{"href":"https:\/\/gerens.pe\/blog\/wp-json\/wp\/v2\/posts"}],"about":[{"href":"https:\/\/gerens.pe\/blog\/wp-json\/wp\/v2\/types\/post"}],"author":[{"embeddable":true,"href":"https:\/\/gerens.pe\/blog\/wp-json\/wp\/v2\/users\/9"}],"replies":[{"embeddable":true,"href":"https:\/\/gerens.pe\/blog\/wp-json\/wp\/v2\/comments?post=1768"}],"version-history":[{"count":0,"href":"https:\/\/gerens.pe\/blog\/wp-json\/wp\/v2\/posts\/1768\/revisions"}],"wp:featuredmedia":[{"embeddable":true,"href":"https:\/\/gerens.pe\/blog\/wp-json\/wp\/v2\/media\/1961"}],"wp:attachment":[{"href":"https:\/\/gerens.pe\/blog\/wp-json\/wp\/v2\/media?parent=1768"}],"wp:term":[{"taxonomy":"category","embeddable":true,"href":"https:\/\/gerens.pe\/blog\/wp-json\/wp\/v2\/categories?post=1768"},{"taxonomy":"post_tag","embeddable":true,"href":"https:\/\/gerens.pe\/blog\/wp-json\/wp\/v2\/tags?post=1768"}],"curies":[{"name":"wp","href":"https:\/\/api.w.org\/{rel}","templated":true}]}}